{"id":71817,"date":"2015-10-28T17:59:04","date_gmt":"2015-10-28T20:59:04","guid":{"rendered":"http:\/\/aconteceunovale.com.br\/portal\/?p=71817"},"modified":"2015-10-28T18:06:04","modified_gmt":"2015-10-28T21:06:04","slug":"operacao-bicho-do-mato-ii-prende-75-pessoas-e-aplica-quase-r-1-milhao-em-multas-no-vale-do-jequitinhonha","status":"publish","type":"post","link":"https:\/\/aconteceunovale.com.br\/portal\/?p=71817","title":{"rendered":"Opera\u00e7\u00e3o Bicho do Mato II prende 75 pessoas e aplica quase R$ 1 milh\u00e3o em multas no Vale do Jequitinhonha"},"content":{"rendered":"<p>A Opera\u00e7\u00e3o Bicho do Mato II, realizada pela\u00a0Secretaria de Estado de Meio Ambiente e Desenvolvimento Sustent\u00e1vel (Semad), terminou\u00a0no \u00faltimo domingo (25\/10\/2015) com a apreens\u00e3o de 880 animais, sendo 879 aves e um r\u00e9ptil, e a aplica\u00e7\u00e3o de R$ 901.828 em multas e 75 pessoas presas. Al\u00e9m dos animais, tamb\u00e9m foram apreendidos 49 gaiolas, seis viveiros, 126 al\u00e7ap\u00f5es, duas armas de fogo, 19 redes de pesca e 11 kg de peixes.<\/p>\n<p>O objetivo da opera\u00e7\u00e3o, que teve in\u00edcio no dia 19 de outubro, foi coibir o tr\u00e1fico de animais silvestres nas regi\u00f5es do Norte e Nordeste do estado. As fiscaliza\u00e7\u00f5es ocorreram nos munic\u00edpios de \u00c1guas Vermelhas, Almenara, Ara\u00e7ua\u00ed, Cachoeira do Paje\u00fa, Coronel Murta, Divisa Alegre, Itaobim, Jequitinhonha, Medina, Pedra Azul, Ponto dos Volantes, Rio do Prado, Rubim, Salinas e Virgem da Lapa.<\/p>\n<p>A a\u00e7\u00e3o, planejada e coordenada pela Semad, contou com o apoio da Pol\u00edcia Militar de Meio Ambiente,\u00a0Pol\u00edcia Civil, Pol\u00edcia Rodovi\u00e1ria Federal e\u00a0Secretaria de Estado de Fazenda (SEF).\u00a0De acordo com o chefe de Fiscaliza\u00e7\u00e3o da Fauna da Semad, Daniel Sampaio Colen, todos os animais apreendidos foram examinados pelos veterin\u00e1rios da Semad, que tamb\u00e9m faziam parte das equipes de fiscaliza\u00e7\u00e3o.<\/p>\n<p>\u201cAp\u00f3s examinarmos os animais, conclu\u00edmos que 592 deles estavam saud\u00e1veis e fisicamente preparados para serem reinseridos na natureza. Eles ent\u00e3o foram soltos em \u00e1reas que passaram por uma avalia\u00e7\u00e3o dos nossos t\u00e9cnicos, consideradas aptas para receberem os animais\u201d, acrescentou Daniel Colen.<\/p>\n<p>Ele ressaltou, ainda, que entre os fatores levados em considera\u00e7\u00e3o para a escolha da \u00e1rea de soltura est\u00e1 a condi\u00e7\u00e3o h\u00eddrica do local, uma vez que a \u00e1gua \u00e9 fator preponderante para a sobreviv\u00eancia dos animais.<\/p>\n<p>Os 288 animais que foram considerados debilitados fisicamente foram encaminhados para o Centro de Triagem de Animais Silvestres de Belo Horizonte (Cetas-BH), onde receber\u00e3o os cuidados necess\u00e1rios para completa reabilita\u00e7\u00e3o.\u00a0O Can\u00e1rio da Terra foi uma das esp\u00e9cies encontradas em maior n\u00famero pelos fiscais. De acordo com Daniel Colen, essas aves, ao contr\u00e1rio da maioria, que s\u00e3o adquiridas pela beleza do canto, s\u00e3o geralmente traficadas para rinhas.<\/p>\n<p>O chefe da Fiscaliza\u00e7\u00e3o da Fauna destacou, tamb\u00e9m, que foi a primeira vez que as equipes da Semad flagraram o crime de adultera\u00e7\u00e3o e falsifica\u00e7\u00e3o de anilhas para p\u00e1ssaros.\u00a0\u201cOs propriet\u00e1rios dessas anilhas foram autuadas em flagrante e encaminhados para penitenci\u00e1ria. Esse tipo de crime \u00e9 inafian\u00e7\u00e1vel e tipificado como falsifica\u00e7\u00e3o de selo p\u00fablico pelo artigo 296 do C\u00f3digo Penal\u201d, concluiu.<\/p>\n<p><strong>A favor da fauna<\/strong><\/p>\n<p>Essa \u00e9 a segunda grande opera\u00e7\u00e3o de combate ao tr\u00e1fico de animais silvestres realizada com a coordena\u00e7\u00e3o da Semad. \u201cDesde 2011, a gest\u00e3o da fauna vem sendo transferida do governo federal para os Estados, o que inclui a fiscaliza\u00e7\u00e3o do com\u00e9rcio irregular de esp\u00e9cies\u201d, explica o superintendente de Fiscaliza\u00e7\u00e3o Ambiental Integrada da Semad, Heitor Soares Moreira.<\/p>\n<p>Em 2014, a opera\u00e7\u00e3o de fiscaliza\u00e7\u00e3o Bicho do Mato I\u00a0apreendeu 724 p\u00e1ssaros e 675 gaiolas e aplicou R$ 788 mil em multas. O trabalho tamb\u00e9m foi realizado na regi\u00e3o Nordeste do estado entre os dias 24 e 29 de outubro em 10 munic\u00edpios e envolveu, ainda, o Instituto Brasileiro de Meio Ambiente e Recursos Naturais Renov\u00e1veis (Ibama).<\/p>\n<p><strong>O tr\u00e1fico de animais<\/strong><\/p>\n<p>Segundo a Organiza\u00e7\u00e3o N\u00e3o Governamental (ONG) WWF-Brasil, h\u00e1 pesquisas que apontam que o com\u00e9rcio ilegal de animais movimenta cerca de 10 bilh\u00f5es de d\u00f3lares por ano em todo o mundo. S\u00f3 o tr\u00e1fico de drogas e armas \u00e9 maior.<\/p>\n<p>Ainda segundo a WWF, o Brasil possui um grande com\u00e9rcio interno de animais, que sustenta os traficantes que agem no pa\u00eds e servem como intermedi\u00e1rios para os traficantes internacionais.<\/p>\n<p>A principal rota do tr\u00e1fico de animais silvestres no Brasil come\u00e7a nas regi\u00f5es Norte e Nordeste, com a retirada de esp\u00e9cies da natureza, e segue at\u00e9 o grande mercado consumidor da fauna no pa\u00eds, a regi\u00e3o Sudeste.<\/p>\n<p>De acordo com dados do Ibama, os estados brasileiros onde ocorre a maior parte das capturas de animais s\u00e3o: Maranh\u00e3o, Bahia, Cear\u00e1, Piau\u00ed e Mato Grosso. J\u00e1 os estados com o maior mercado consumidor s\u00e3o: S\u00e3o Paulo, Minas Gerais e Rio de Janeiro. O instituto tamb\u00e9m aponta que, no Brasil, as aves s\u00e3o as mais comuns em apreens\u00f5es de tr\u00e1fico.<\/p>\n<p>Um dois principais documentos sobre o tema j\u00e1 publicado no Brasil \u00e9 o Relat\u00f3rio Nacional sobre o Tr\u00e1fico de Fauna Silvestre, lan\u00e7ado pela Rede Nacional de Combate ao Tr\u00e1fico de Animais Silvestres (Renctas), em 2002. O relat\u00f3rio aponta que 60% dos animais comercializados ilegalmente s\u00e3o para consumo interno, o chamado tr\u00e1fico dom\u00e9stico. Os outros 40% dos animais retirados da fauna brasileira seguem para destinos internacionais.<\/p>\n<p>Os autores do relat\u00f3rio estimaram que todos os tipos de explora\u00e7\u00e3o ilegal seriam respons\u00e1veis pela retirada de 38 milh\u00f5es de animais da natureza brasileira, n\u00famero que n\u00e3o inclui peixes ou insetos.<\/p>\n<p><img decoding=\"async\" src=\"http:\/\/aconteceunovale.com.br\/portal\/wp-content\/uploads\/2015\/10\/Aves_e_suas_gaiolas_apreendidas.jpg\" alt=\"\" \/><em>Opera\u00e7\u00e3o terminou com a apreens\u00e3o de 880 animais, sendo 879 aves e um r\u00e9ptil, e a aplica\u00e7\u00e3o de R$ 901.828 em multas e 75 pessoas presas &#8211; Foto: Divulga\u00e7\u00e3o \/ Sisema<\/em><\/p>\n","protected":false},"excerpt":{"rendered":"<p>A Opera\u00e7\u00e3o Bicho do Mato II, realizada pela\u00a0Secretaria de Estado de Meio Ambiente e Desenvolvimento Sustent\u00e1vel (Semad), terminou\u00a0no \u00faltimo domingo (25\/10\/2015) com a apreens\u00e3o de 880 animais, sendo 879 aves e um r\u00e9ptil, e a aplica\u00e7\u00e3o de R$ 901.828 em multas e 75 pessoas presas. Al\u00e9m dos animais, tamb\u00e9m foram apreendidos 49 gaiolas, seis viveiros, [&hellip;]<\/p>\n","protected":false},"author":4,"featured_media":71818,"comment_status":"open","ping_status":"closed","sticky":false,"template":"","format":"standard","meta":{"amp_status":"","footnotes":""},"categories":[120],"tags":[4202,142,186,1107,64482,483,64483,1018,5259,391,34252,389,63681,64468,64469,64470,64471,64472,64473,64474,64475,64476,64477,64478,64479,64480,64481,64466,64484,64465,455,444,3928,407,190,24666,64467],"class_list":["post-71817","post","type-post","status-publish","format-standard","has-post-thumbnail","hentry","category-jequi","tag-aguas-vermelhas","tag-almenara","tag-aracuai","tag-cachoeira-do-pajeu","tag-chefe-de-fiscalizacao-da-fauna-da-semad","tag-coronel-murta","tag-daniel-sampaio-colen","tag-destaque","tag-divisa-alegre","tag-itaobim","tag-jequitinhonha","tag-medina","tag-operacao-bicho-do-mato-ii","tag-operacao-bicho-do-mato-ii-em-aguas-vermelhas","tag-operacao-bicho-do-mato-ii-em-almenara","tag-operacao-bicho-do-mato-ii-em-aracuai","tag-operacao-bicho-do-mato-ii-em-cachoeira-do-pajeu","tag-operacao-bicho-do-mato-ii-em-coronel-murta","tag-operacao-bicho-do-mato-ii-em-divisa-alegre","tag-operacao-bicho-do-mato-ii-em-itaobim","tag-operacao-bicho-do-mato-ii-em-jequitinhonha","tag-operacao-bicho-do-mato-ii-em-medina","tag-operacao-bicho-do-mato-ii-em-pedra-azul","tag-operacao-bicho-do-mato-ii-em-ponto-dos-volantes","tag-operacao-bicho-do-mato-ii-em-rio-do-prado","tag-operacao-bicho-do-mato-ii-em-rubim","tag-operacao-bicho-do-mato-ii-em-vargem-da-lapa","tag-operacao-bicho-do-mato-ii-no-vale-do-jequitinhonha","tag-operacao-bicho-do-mato-ii-prende-75-pessoas-e-aplica-quase-r-1-milhao-em-multas-no-vale-do-jequitinhonha","tag-operacao-para-coibir-o-trafico-de-animais-aplica-quase-r-1-milhao-em-multas-no-vale-do-jequitinhonha","tag-pedra-azul","tag-ponto-dos-volantes","tag-rio-do-prado","tag-rubim","tag-salinas","tag-semad","tag-vargem-da-lapa"],"_links":{"self":[{"href":"https:\/\/aconteceunovale.com.br\/portal\/index.php?rest_route=\/wp\/v2\/posts\/71817","targetHints":{"allow":["GET"]}}],"collection":[{"href":"https:\/\/aconteceunovale.com.br\/portal\/index.php?rest_route=\/wp\/v2\/posts"}],"about":[{"href":"https:\/\/aconteceunovale.com.br\/portal\/index.php?rest_route=\/wp\/v2\/types\/post"}],"author":[{"embeddable":true,"href":"https:\/\/aconteceunovale.com.br\/portal\/index.php?rest_route=\/wp\/v2\/users\/4"}],"replies":[{"embeddable":true,"href":"https:\/\/aconteceunovale.com.br\/portal\/index.php?rest_route=%2Fwp%2Fv2%2Fcomments&post=71817"}],"version-history":[{"count":0,"href":"https:\/\/aconteceunovale.com.br\/portal\/index.php?rest_route=\/wp\/v2\/posts\/71817\/revisions"}],"wp:featuredmedia":[{"embeddable":true,"href":"https:\/\/aconteceunovale.com.br\/portal\/index.php?rest_route=\/wp\/v2\/media\/71818"}],"wp:attachment":[{"href":"https:\/\/aconteceunovale.com.br\/portal\/index.php?rest_route=%2Fwp%2Fv2%2Fmedia&parent=71817"}],"wp:term":[{"taxonomy":"category","embeddable":true,"href":"https:\/\/aconteceunovale.com.br\/portal\/index.php?rest_route=%2Fwp%2Fv2%2Fcategories&post=71817"},{"taxonomy":"post_tag","embeddable":true,"href":"https:\/\/aconteceunovale.com.br\/portal\/index.php?rest_route=%2Fwp%2Fv2%2Ftags&post=71817"}],"curies":[{"name":"wp","href":"https:\/\/api.w.org\/{rel}","templated":true}]}}