{"id":71806,"date":"2015-10-28T12:35:49","date_gmt":"2015-10-28T15:35:49","guid":{"rendered":"http:\/\/aconteceunovale.com.br\/portal\/?p=71806"},"modified":"2015-10-28T12:35:49","modified_gmt":"2015-10-28T15:35:49","slug":"colisao-entre-duas-carretas-deixa-uma-pessoa-morta-na-br-135-no-municipio-de-corinto","status":"publish","type":"post","link":"https:\/\/aconteceunovale.com.br\/portal\/?p=71806","title":{"rendered":"Colis\u00e3o entre duas carretas deixa uma pessoa morta na BR-135, no munic\u00edpio de Corinto"},"content":{"rendered":"<p>Um acidente envolvendo duas carretas deixou uma pessoa morta e outra ferida na manh\u00e3 desta quarta-feira (28\/10\/2015) na BR-135, em Corinto, na regi\u00e3o Central de Minas Gerais. Os ve\u00edculos colidiram por volta das 7h30 na altura do quil\u00f4metro 592 da rodovia. <\/p>\n<p>De acordo com a Pol\u00edcia Rodovi\u00e1ria Federal (PRF), um dos ve\u00edculos estava carregado com postes e a carga ficou espalhada na rodovia. Por isso, as pistas foram interditadas e congestionamentos de sete quil\u00f4metros foram registrados em cada sentido. Os policiais confirmaram a morte de uma pessoa, que ainda n\u00e3o foi identificada.<\/p>\n<p>Ainda conforme a PRF, o motorista da outra carreta, de 50 anos, foi socorrido por militares do Corpo de Bombeiros at\u00e9 o Hospital de Curvelo, tamb\u00e9m na regi\u00e3o Central. N\u00e3o h\u00e1 informa\u00e7\u00f5es sobre o estado de sa\u00fade dele ou as circunst\u00e2ncias do acidente.<\/p>\n<p><img decoding=\"async\" src=\"http:\/\/aconteceunovale.com.br\/portal\/wp-content\/uploads\/2015\/10\/acidente_carretas_corinto_28_10_1.jpg\" alt=\"\" \/><em>Acidente aconteceu no KM 592 da BR-135 &#8211; Foto: Divulga\u00e7\u00e3o \/ Corpo de Bombeiros<\/em><br \/>\n<\/br><\/p>\n<p><img decoding=\"async\" src=\"http:\/\/aconteceunovale.com.br\/portal\/wp-content\/uploads\/2015\/10\/acidente_carretas_corinto_28_10_2.jpg\" alt=\"\" \/><em>Acidente aconteceu no KM 592 da BR-135 &#8211; Foto: Divulga\u00e7\u00e3o \/ Corpo de Bombeiros<\/em><br \/>\n<\/br><\/p>\n<p><img decoding=\"async\" src=\"http:\/\/aconteceunovale.com.br\/portal\/wp-content\/uploads\/2015\/10\/acidente_carretas_corinto_28_10_3.jpg\" alt=\"\" \/><em>Acidente aconteceu no KM 592 da BR-135 &#8211; Foto: Divulga\u00e7\u00e3o \/ Corpo de Bombeiros<\/em><br \/>\n<\/br><\/p>\n<p><img decoding=\"async\" src=\"http:\/\/aconteceunovale.com.br\/portal\/wp-content\/uploads\/2015\/10\/acidente_carretas_corinto_28_10_4.jpg\" alt=\"\" \/><em>Acidente aconteceu no KM 592 da BR-135 &#8211; Foto: Divulga\u00e7\u00e3o \/ Corpo de Bombeiros<\/em><br \/>\n<\/br><\/p>\n<p><img decoding=\"async\" src=\"http:\/\/aconteceunovale.com.br\/portal\/wp-content\/uploads\/2015\/10\/acidente_carretas_corinto_28_10_5.jpg\" alt=\"\" \/><em>Acidente aconteceu no KM 592 da BR-135 &#8211; Foto: Divulga\u00e7\u00e3o \/ Corpo de Bombeiros<\/em><br \/>\n<\/br><\/p>\n<p><img decoding=\"async\" src=\"http:\/\/aconteceunovale.com.br\/portal\/wp-content\/uploads\/2015\/10\/acidente_carretas_corinto_28_10_6.jpg\" alt=\"\" \/><em>Acidente aconteceu no KM 592 da BR-135 &#8211; Foto: Divulga\u00e7\u00e3o \/ Corpo de Bombeiros<\/em><br \/>\n<\/br><\/p>\n<p><img decoding=\"async\" src=\"http:\/\/aconteceunovale.com.br\/portal\/wp-content\/uploads\/2015\/10\/acidente_carretas_corinto_28_10_7.jpg\" alt=\"\" \/><em>Acidente aconteceu no KM 592 da BR-135 &#8211; Foto: Divulga\u00e7\u00e3o \/ Corpo de Bombeiros<\/em><br \/>\n<\/br><\/p>\n<p><em>(Fonte: R7 \/ EM)<\/em><\/p>\n","protected":false},"excerpt":{"rendered":"<p>Um acidente envolvendo duas carretas deixou uma pessoa morta e outra ferida na manh\u00e3 desta quarta-feira (28\/10\/2015) na BR-135, em Corinto, na regi\u00e3o Central de Minas Gerais. Os ve\u00edculos colidiram por volta das 7h30 na altura do quil\u00f4metro 592 da rodovia. De acordo com a Pol\u00edcia Rodovi\u00e1ria Federal (PRF), um dos ve\u00edculos estava carregado com [&hellip;]<\/p>\n","protected":false},"author":4,"featured_media":71812,"comment_status":"open","ping_status":"closed","sticky":false,"template":"","format":"standard","meta":{"amp_status":"","footnotes":""},"categories":[123],"tags":[64455,64456,54170,64457,19374,64458,64454,1018,10651,64459],"class_list":["post-71806","post","type-post","status-publish","format-standard","has-post-thumbnail","hentry","category-gerais","tag-acidente-com-carreta-de-gesso","tag-acidente-com-carreta-de-postes","tag-acidente-em-corinto","tag-acidente-entre-carretas-em-corinto","tag-acidente-na-br-135","tag-colisao-entre-duas-carretas-deixa-uma-pessoa-morta-na-br-135","tag-colisao-entre-duas-carretas-deixa-uma-pessoa-morta-na-br-135-no-municipio-de-corinto","tag-destaque","tag-fotos-do-acidente-em-corinto","tag-no-municipio-de-corinto"],"_links":{"self":[{"href":"https:\/\/aconteceunovale.com.br\/portal\/index.php?rest_route=\/wp\/v2\/posts\/71806","targetHints":{"allow":["GET"]}}],"collection":[{"href":"https:\/\/aconteceunovale.com.br\/portal\/index.php?rest_route=\/wp\/v2\/posts"}],"about":[{"href":"https:\/\/aconteceunovale.com.br\/portal\/index.php?rest_route=\/wp\/v2\/types\/post"}],"author":[{"embeddable":true,"href":"https:\/\/aconteceunovale.com.br\/portal\/index.php?rest_route=\/wp\/v2\/users\/4"}],"replies":[{"embeddable":true,"href":"https:\/\/aconteceunovale.com.br\/portal\/index.php?rest_route=%2Fwp%2Fv2%2Fcomments&post=71806"}],"version-history":[{"count":0,"href":"https:\/\/aconteceunovale.com.br\/portal\/index.php?rest_route=\/wp\/v2\/posts\/71806\/revisions"}],"wp:featuredmedia":[{"embeddable":true,"href":"https:\/\/aconteceunovale.com.br\/portal\/index.php?rest_route=\/wp\/v2\/media\/71812"}],"wp:attachment":[{"href":"https:\/\/aconteceunovale.com.br\/portal\/index.php?rest_route=%2Fwp%2Fv2%2Fmedia&parent=71806"}],"wp:term":[{"taxonomy":"category","embeddable":true,"href":"https:\/\/aconteceunovale.com.br\/portal\/index.php?rest_route=%2Fwp%2Fv2%2Fcategories&post=71806"},{"taxonomy":"post_tag","embeddable":true,"href":"https:\/\/aconteceunovale.com.br\/portal\/index.php?rest_route=%2Fwp%2Fv2%2Ftags&post=71806"}],"curies":[{"name":"wp","href":"https:\/\/api.w.org\/{rel}","templated":true}]}}