{"id":71795,"date":"2015-10-28T07:16:24","date_gmt":"2015-10-28T10:16:24","guid":{"rendered":"http:\/\/aconteceunovale.com.br\/portal\/?p=71795"},"modified":"2015-10-28T07:16:24","modified_gmt":"2015-10-28T10:16:24","slug":"plantao-do-samu-no-norte-de-minas-gerais-27-de-outubro-de-2015","status":"publish","type":"post","link":"https:\/\/aconteceunovale.com.br\/portal\/?p=71795","title":{"rendered":"Plant\u00e3o do Samu no Norte de Minas Gerais, 27 de outubro de 2015"},"content":{"rendered":"<h4><strong><em>Ter\u00e7a-feira, 27 de outubro de 2015<\/em><\/strong><\/h4>\n<p>As unidades do SAMU realizaram na ter\u00e7a-feira, 27\/10, em Montes Claros, 63 atendimentos, sendo 43 casos cl\u00ednicos; 15 pessoas feridas em acidentes de tr\u00e2nsito, 01 gestante em trabalho de parto; 03 pessoas que sofreram queda de altura; e 01 homem de 21 anos v\u00edtima de agress\u00e3o ap\u00f3s assalto no bairro Major Prates.<\/p>\n<p>A unidade do Samu foi acionada \u00e0s 21h40 para atendimento a um homem de 20 anos, na Pra\u00e7a de Esportes, regi\u00e3o central de Montes Claros, que capotou o ve\u00edculo (Fox) e se queixava de dor na regi\u00e3o cervical e no t\u00f3rax.<\/p>\n<p>Por volta da 0h, um homem de 21 anos sofreu agress\u00e3o f\u00edsica ap\u00f3s assalto, na Avenida Cora\u00e7\u00e3o de Jesus, bairro Major Prates. Ele relata ter sido atingido por chutes na cabe\u00e7a e no t\u00f3rax e apresentava corte na cabe\u00e7a.<\/p>\n<p>\u00c0s 10h25, uma mulher de 30 anos caiu de uma escada no bairro S\u00e3o Luiz e se queixava de dor cervical e lombar. \u00c0s 8h, um homem de 66 anos caiu de um caminh\u00e3o na Avenida das Am\u00e9ricas, bairro Dr. Jo\u00e3o Alves e se queixava de dor lombar.<\/p>\n<p>Por volta das 17h, ocorreu um capotamento de ve\u00edculo (D 20) com placa de S\u00e3o Paulo, na BR-365, km 49, pr\u00f3ximo \u00e0 comunidade de \u00c1gua Boa. Tr\u00eas pessoas ficaram feridas, da mesma fam\u00edlia.  O condutor, de 62 anos, a esposa, de 56 anos, e a filha, de 18 anos receberam os primeiros atendimentos no local e foram encaminhados pelos socorristas para o hospital de Cora\u00e7\u00e3o de Jesus.<\/p>\n<p>Na ter\u00e7a-feira, foram registrados 12 atendimentos a v\u00edtimas de acidente de tr\u00e2nsito envolvendo motocicleta. Com a chegada das chuvas, o SAMU faz um alerta aos condutores, especialmente aos motociclistas, para redobrarem os cuidados para evitar acidentes. Nesse per\u00edodo, ocorre a redu\u00e7\u00e3o da visibilidade e a ader\u00eancia dos pneus ao asfalto.<\/p>\n<p>Para transitar de forma segura, a orienta\u00e7\u00e3o \u00e9 reduzir a velocidade quando a pista estiver molhada e manter uma dist\u00e2ncia segura do ve\u00edculo da frente.<\/p>\n<p>Nas rodovias, \u00e9 preciso cuidado redobrado ao entrar em pontes, fazer retornos ou voltar para a pista, em caso de parada. Sempre reduza a velocidade, principalmente nos desvios da rodovia e com locais de travessias de pedestres e escolas.<\/p>\n<p>Em caso de chuva intensa em um curto per\u00edodo ou nevoeiros muito densos, n\u00e3o \u00e9 seguro parar o ve\u00edculo no acostamento ou sob viadutos. O ideal \u00e9 procurar abrigo em locais fora da rodovia, como postos de gasolina ou restaurantes. Em caso de queda de fios da rede el\u00e9trica, o motorista deve ficar dentro do ve\u00edculo, para ficar isolado das descargas el\u00e9tricas pelos pneus de borracha. <\/p>\n<p>Outra dica importante \u00e9 n\u00e3o dirigir a com o pisca-alerta ligado, pois confunde o motorista que est\u00e1 atr\u00e1s. (Jer\u00fasia Arruda)<\/p>\n","protected":false},"excerpt":{"rendered":"<p>Ter\u00e7a-feira, 27 de outubro de 2015 As unidades do SAMU realizaram na ter\u00e7a-feira, 27\/10, em Montes Claros, 63 atendimentos, sendo 43 casos cl\u00ednicos; 15 pessoas feridas em acidentes de tr\u00e2nsito, 01 gestante em trabalho de parto; 03 pessoas que sofreram queda de altura; e 01 homem de 21 anos v\u00edtima de agress\u00e3o ap\u00f3s assalto no [&hellip;]<\/p>\n","protected":false},"author":4,"featured_media":58741,"comment_status":"open","ping_status":"closed","sticky":false,"template":"","format":"standard","meta":{"amp_status":"","footnotes":""},"categories":[1236],"tags":[64437,206036,210,24659,24089,18898,18108,64438,18629,21139,4040],"class_list":["post-71795","post","type-post","status-publish","format-standard","has-post-thumbnail","hentry","category-norte_de_minas","tag-27-de-outubro-de-2015","tag-jerusia-arruda","tag-montes-claros","tag-plantao-do-samu-de-montes-claros","tag-plantao-do-samu-do-norte-de-minas","tag-plantao-do-samu-macro-norte","tag-plantao-do-samu-no-norte-de-minas-gerais","tag-plantao-do-samu-no-norte-de-minas-gerais-27-de-outubro-de-2015","tag-samu-de-montes-claros","tag-samu-do-norte-de-minas","tag-samu-macro-norte"],"_links":{"self":[{"href":"https:\/\/aconteceunovale.com.br\/portal\/index.php?rest_route=\/wp\/v2\/posts\/71795","targetHints":{"allow":["GET"]}}],"collection":[{"href":"https:\/\/aconteceunovale.com.br\/portal\/index.php?rest_route=\/wp\/v2\/posts"}],"about":[{"href":"https:\/\/aconteceunovale.com.br\/portal\/index.php?rest_route=\/wp\/v2\/types\/post"}],"author":[{"embeddable":true,"href":"https:\/\/aconteceunovale.com.br\/portal\/index.php?rest_route=\/wp\/v2\/users\/4"}],"replies":[{"embeddable":true,"href":"https:\/\/aconteceunovale.com.br\/portal\/index.php?rest_route=%2Fwp%2Fv2%2Fcomments&post=71795"}],"version-history":[{"count":0,"href":"https:\/\/aconteceunovale.com.br\/portal\/index.php?rest_route=\/wp\/v2\/posts\/71795\/revisions"}],"wp:featuredmedia":[{"embeddable":true,"href":"https:\/\/aconteceunovale.com.br\/portal\/index.php?rest_route=\/wp\/v2\/media\/58741"}],"wp:attachment":[{"href":"https:\/\/aconteceunovale.com.br\/portal\/index.php?rest_route=%2Fwp%2Fv2%2Fmedia&parent=71795"}],"wp:term":[{"taxonomy":"category","embeddable":true,"href":"https:\/\/aconteceunovale.com.br\/portal\/index.php?rest_route=%2Fwp%2Fv2%2Fcategories&post=71795"},{"taxonomy":"post_tag","embeddable":true,"href":"https:\/\/aconteceunovale.com.br\/portal\/index.php?rest_route=%2Fwp%2Fv2%2Ftags&post=71795"}],"curies":[{"name":"wp","href":"https:\/\/api.w.org\/{rel}","templated":true}]}}