{"id":71444,"date":"2015-10-22T21:06:25","date_gmt":"2015-10-23T00:06:25","guid":{"rendered":"http:\/\/aconteceunovale.com.br\/portal\/?p=71444"},"modified":"2015-10-22T21:06:25","modified_gmt":"2015-10-23T00:06:25","slug":"acidente-deixa-quatro-pessoas-feridas-na-br-116-entre-governador-valadares-e-alpercata","status":"publish","type":"post","link":"https:\/\/aconteceunovale.com.br\/portal\/?p=71444","title":{"rendered":"Acidente deixa quatro pessoas feridas na BR-116, entre Governador Valadares e Alpercata"},"content":{"rendered":"<p>Quatro pessoas ficaram feridas ap\u00f3s uma colis\u00e3o frontal entre dois carros que trafegavam pela BR-116, entre Governador Valadares e Alpercata, no Vale do Rio Doce. Os ve\u00edculos ficaram destru\u00eddos. A pol\u00edcia apura as circunst\u00e2ncias em que ocorreu a batida, mas apura\u00e7\u00f5es iniciais apontam que um dos ve\u00edculos invadiu a pista contr\u00e1ria da rodovia em uma tentativa de ultrapassagem irregular.<\/p>\n<p>O acidente aconteceu no in\u00edcio da tarde desta quinta-feira (22\/10\/2015), na altura do quil\u00f4metro 427. O tr\u00e2nsito ficou lento no local e funcionando em meia pista por quase duas horas, at\u00e9 o carro com placas de Alpercata ser retirado da rodovia.<\/p>\n<p>\u201cApesar dos estragos e pela situa\u00e7\u00e3o aparentemente grave, n\u00e3o houve nenhuma morte. Quando chegamos ao local, as v\u00edtimas j\u00e1 tinham sido encaminhadas ao pronto-atendimento, ent\u00e3o, n\u00e3o foi poss\u00edvel saber a causa do acidente, mas a princ\u00edpio tudo indica que houve uma ultrapassagem incorreta. Ouvi testemunhas dizerem que o motorista da floricultura estava consciente e que conseguiu sair do carro sozinho\u201d, explicou a policial Tatiane Dias.<\/p>\n<p>O outro ve\u00edculo, que pertence \u00e0 Prefeitura Municipal de Tarumirim, pegou fogo ap\u00f3s a colis\u00e3o. Tr\u00eas pessoas viajavam no carro. J\u00e1 o outro ve\u00edculo que tamb\u00e9m ficou destru\u00eddo pertencia a uma floricultura de Alpercata e era ocupado somente pelo motorista.<\/p>\n<p>Segundo a Pol\u00edcia Rodovi\u00e1ria Federal, entre as v\u00edtimas est\u00e1 o atual secret\u00e1rio de educa\u00e7\u00e3o de Tarumirim, M\u00e1rcio Carlos de Oliveira. Todos os feridos foram transferidos para o Hospital Municipal de Valadares. O estado de sa\u00fade deles n\u00e3o foi divulgado.<\/p>\n<p><img decoding=\"async\" src=\"http:\/\/aconteceunovale.com.br\/portal\/wp-content\/uploads\/2015\/10\/acidente_116_alpercata_gv_1.jpg\" alt=\"\" \/><em>Acidente aconteceu no KM 427 da BR-116 &#8211; Foto: P\u00e1gina Caso de Pol\u00edcia \/ Facebook<\/em><br \/>\n<\/br><\/p>\n<p><img decoding=\"async\" src=\"http:\/\/aconteceunovale.com.br\/portal\/wp-content\/uploads\/2015\/10\/acidente_116_alpercata_gv_2.jpg\" alt=\"\" \/><em>Acidente aconteceu no KM 427 da BR-116 &#8211; Foto: P\u00e1gina Caso de Pol\u00edcia \/ Facebook<\/em><br \/>\n<\/br><\/p>\n<p><img decoding=\"async\" src=\"http:\/\/aconteceunovale.com.br\/portal\/wp-content\/uploads\/2015\/10\/acidente_116_alpercata_gv_3.jpg\" alt=\"\" \/><em>Acidente aconteceu no KM 427 da BR-116 &#8211; Foto: P\u00e1gina Caso de Pol\u00edcia \/ Facebook<\/em><br \/>\n<\/br><\/p>\n<p><em>(Fonte: G1 dos Vales \/ Inter TV)<\/em><\/p>\n","protected":false},"excerpt":{"rendered":"<p>Quatro pessoas ficaram feridas ap\u00f3s uma colis\u00e3o frontal entre dois carros que trafegavam pela BR-116, entre Governador Valadares e Alpercata, no Vale do Rio Doce. Os ve\u00edculos ficaram destru\u00eddos. A pol\u00edcia apura as circunst\u00e2ncias em que ocorreu a batida, mas apura\u00e7\u00f5es iniciais apontam que um dos ve\u00edculos invadiu a pista contr\u00e1ria da rodovia em uma [&hellip;]<\/p>\n","protected":false},"author":4,"featured_media":71445,"comment_status":"open","ping_status":"closed","sticky":false,"template":"","format":"standard","meta":{"amp_status":"","footnotes":""},"categories":[121],"tags":[63819,63817,63812,63815,63821,63808,12667,63810,274,63814,63820,247,63809,63818,63816,63811,329,63813],"class_list":["post-71444","post","type-post","status-publish","format-standard","has-post-thumbnail","hentry","category-leste","tag-acidente-com-secretario-de-educacao-de-tarumirim","tag-acidente-com-veiculo-da-prefeitura-municipal-de-tarumirim","tag-acidente-com-veiculo-da-prefeitura-municipal-de-tarumirin","tag-acidente-com-veiculo-de-floricultura-de-alpercata","tag-acidente-com-veiculo-de-floricultura-paraiso","tag-acidente-deixa-quatro-pessoas-feridas-na-br-116-entre-governador-valadares-e-alpercata","tag-acidente-em-governador-valadares","tag-acidente-entre-governador-valadares-e-alpercata","tag-alpercata","tag-floricultura-de-alpercata","tag-floricultura-paraiso","tag-governador-valadares","tag-governador-valadares-e-alpercata","tag-marcio-carlos-de-oliveira","tag-prefeitura-municipal-de-tarumirim","tag-prefeitura-municipal-de-tarumirin","tag-tarumirim","tag-tarumirin"],"_links":{"self":[{"href":"https:\/\/aconteceunovale.com.br\/portal\/index.php?rest_route=\/wp\/v2\/posts\/71444","targetHints":{"allow":["GET"]}}],"collection":[{"href":"https:\/\/aconteceunovale.com.br\/portal\/index.php?rest_route=\/wp\/v2\/posts"}],"about":[{"href":"https:\/\/aconteceunovale.com.br\/portal\/index.php?rest_route=\/wp\/v2\/types\/post"}],"author":[{"embeddable":true,"href":"https:\/\/aconteceunovale.com.br\/portal\/index.php?rest_route=\/wp\/v2\/users\/4"}],"replies":[{"embeddable":true,"href":"https:\/\/aconteceunovale.com.br\/portal\/index.php?rest_route=%2Fwp%2Fv2%2Fcomments&post=71444"}],"version-history":[{"count":0,"href":"https:\/\/aconteceunovale.com.br\/portal\/index.php?rest_route=\/wp\/v2\/posts\/71444\/revisions"}],"wp:featuredmedia":[{"embeddable":true,"href":"https:\/\/aconteceunovale.com.br\/portal\/index.php?rest_route=\/wp\/v2\/media\/71445"}],"wp:attachment":[{"href":"https:\/\/aconteceunovale.com.br\/portal\/index.php?rest_route=%2Fwp%2Fv2%2Fmedia&parent=71444"}],"wp:term":[{"taxonomy":"category","embeddable":true,"href":"https:\/\/aconteceunovale.com.br\/portal\/index.php?rest_route=%2Fwp%2Fv2%2Fcategories&post=71444"},{"taxonomy":"post_tag","embeddable":true,"href":"https:\/\/aconteceunovale.com.br\/portal\/index.php?rest_route=%2Fwp%2Fv2%2Ftags&post=71444"}],"curies":[{"name":"wp","href":"https:\/\/api.w.org\/{rel}","templated":true}]}}