{"id":71441,"date":"2015-10-22T19:50:29","date_gmt":"2015-10-22T22:50:29","guid":{"rendered":"http:\/\/aconteceunovale.com.br\/portal\/?p=71441"},"modified":"2015-10-22T19:50:29","modified_gmt":"2015-10-22T22:50:29","slug":"homem-e-assassinado-durante-assalto-na-br-367-entre-jequitinhonha-e-itaobim","status":"publish","type":"post","link":"https:\/\/aconteceunovale.com.br\/portal\/?p=71441","title":{"rendered":"Homem \u00e9 assassinado durante assalto na BR-367, entre Jequitinhonha e Itaobim"},"content":{"rendered":"<p>Um homem de 29 anos foi assassinado durante um assalto na noite dessa quarta-feira, 21 de outubro de 2015, na BR-367, entre Jequitinhonha e Itaobim, na regi\u00e3o do Vale do Jequitinhonha. C\u00e1ssio Pereira Lacerda, morador do bairro Canoeiro, em Ara\u00e7ua\u00ed, era o passageiro do ve\u00edculo VW Gol, placa final 5897, que foi interceptado por quatro bandidos armados na altura do quil\u00f4metro 201 da rodovia. A Pol\u00edcia Militar (PM) foi acionada por volta das 20 horas e registrou a ocorr\u00eancia de latroc\u00ednio.<\/p>\n<p>De acordo com a PM, o motorista do ve\u00edculo roubado relatou que deslocava no sentido Jequitinhonha\/Itaobim, quando foi fechado por um ve\u00edculo de cor escura, ocupado por quatro homens. Dois indiv\u00edduos armados desembarcaram ordenando que descessem do ve\u00edculo, momento que a v\u00edtima C\u00e1ssio teria mandado o condutor desviar dos assaltantes.<\/p>\n<p>Durante a tentativa de evas\u00e3o, um dos assaltantes efetuou um disparo. As v\u00edtimas sa\u00edram do ve\u00edculo e correram para um matagal. Conforme o relato do condutor do Gol, em certo momento ele olhou para tr\u00e1s e viu C\u00e1ssio cair, dizendo que fora alvejado. Os autores pegaram o ve\u00edculo das v\u00edtimas e fugiram sentido \u00e0 cidade de Itaobim. <\/p>\n<p>A Per\u00edcia T\u00e9cnica da Pol\u00edcia Civil foi acionada e constatou um ferimento provocado por disparo de arma de fogo na altura do peito esquerdo da v\u00edtima C\u00e1ssio. Ap\u00f3s os trabalhos periciais, o corpo foi removido ao Instituto M\u00e9dico Legal (IML) de Almenara. <\/p>\n<p>A Pol\u00edcia realiza rastreamentos com intuito de identificar, localizar e prender os autores do latroc\u00ednio. O crime ser\u00e1 investigado pela Pol\u00edcia Civil.<\/p>\n","protected":false},"excerpt":{"rendered":"<p>Um homem de 29 anos foi assassinado durante um assalto na noite dessa quarta-feira, 21 de outubro de 2015, na BR-367, entre Jequitinhonha e Itaobim, na regi\u00e3o do Vale do Jequitinhonha. C\u00e1ssio Pereira Lacerda, morador do bairro Canoeiro, em Ara\u00e7ua\u00ed, era o passageiro do ve\u00edculo VW Gol, placa final 5897, que foi interceptado por quatro [&hellip;]<\/p>\n","protected":false},"author":4,"featured_media":71442,"comment_status":"open","ping_status":"closed","sticky":false,"template":"","format":"standard","meta":{"amp_status":"","footnotes":""},"categories":[120],"tags":[186,63803,63805,1018,63801,63800,63802,63807,63804,63806],"class_list":["post-71441","post","type-post","status-publish","format-standard","has-post-thumbnail","hentry","category-jequi","tag-aracuai","tag-assalto-na-br-367","tag-cassio-pereira-lacerda","tag-destaque","tag-entre-jequitinhonha-e-itaobim","tag-homem-e-assassinado-durante-assalto-na-br-367","tag-homem-e-assassinado-durante-assalto-na-br-367-entre-jequitinhonha-e-itaobim","tag-latrocinio-em-jequitinhonha","tag-latrocinio-na-br-367","tag-marcelo-soares-de-oliveira"],"_links":{"self":[{"href":"https:\/\/aconteceunovale.com.br\/portal\/index.php?rest_route=\/wp\/v2\/posts\/71441","targetHints":{"allow":["GET"]}}],"collection":[{"href":"https:\/\/aconteceunovale.com.br\/portal\/index.php?rest_route=\/wp\/v2\/posts"}],"about":[{"href":"https:\/\/aconteceunovale.com.br\/portal\/index.php?rest_route=\/wp\/v2\/types\/post"}],"author":[{"embeddable":true,"href":"https:\/\/aconteceunovale.com.br\/portal\/index.php?rest_route=\/wp\/v2\/users\/4"}],"replies":[{"embeddable":true,"href":"https:\/\/aconteceunovale.com.br\/portal\/index.php?rest_route=%2Fwp%2Fv2%2Fcomments&post=71441"}],"version-history":[{"count":0,"href":"https:\/\/aconteceunovale.com.br\/portal\/index.php?rest_route=\/wp\/v2\/posts\/71441\/revisions"}],"wp:featuredmedia":[{"embeddable":true,"href":"https:\/\/aconteceunovale.com.br\/portal\/index.php?rest_route=\/wp\/v2\/media\/71442"}],"wp:attachment":[{"href":"https:\/\/aconteceunovale.com.br\/portal\/index.php?rest_route=%2Fwp%2Fv2%2Fmedia&parent=71441"}],"wp:term":[{"taxonomy":"category","embeddable":true,"href":"https:\/\/aconteceunovale.com.br\/portal\/index.php?rest_route=%2Fwp%2Fv2%2Fcategories&post=71441"},{"taxonomy":"post_tag","embeddable":true,"href":"https:\/\/aconteceunovale.com.br\/portal\/index.php?rest_route=%2Fwp%2Fv2%2Ftags&post=71441"}],"curies":[{"name":"wp","href":"https:\/\/api.w.org\/{rel}","templated":true}]}}