{"id":71328,"date":"2015-10-20T18:17:05","date_gmt":"2015-10-20T21:17:05","guid":{"rendered":"http:\/\/aconteceunovale.com.br\/portal\/?p=71328"},"modified":"2015-10-20T18:17:05","modified_gmt":"2015-10-20T21:17:05","slug":"ex-prefeito-de-mendes-pimentel-fica-ferido-em-acidente-na-br-259","status":"publish","type":"post","link":"https:\/\/aconteceunovale.com.br\/portal\/?p=71328","title":{"rendered":"Ex-prefeito de Mendes Pimentel fica ferido em acidente na BR-259"},"content":{"rendered":"<p>O ex-prefeito de Mendes Pimentel, Edson Fidelis de Souza, de 78 anos, sofreu um acidente de carro na tarde desta ter\u00e7a-feira (20\/10\/2015). Segundo a Pol\u00edcia Militar Rodovi\u00e1ria (PMR), o carro capotou no quil\u00f4metro 148 da BR-259 com o ex-prefeito e a sua esposa, Maria Neri de Souza, de 74 anos. Edson Fidelis foi prefeito de Mendes Pimentel entre os anos de 1998 e 2000.<\/p>\n<p>Ainda de acordo com a PMR, o ex-prefeito pode ter cochilado ao volante quando perdeu o controle de dire\u00e7\u00e3o do ve\u00edculo que tocou na canaleta lateral da rodovia e capotou. O tr\u00e2nsito ficou lento no local e funcionou apenas em meia pista at\u00e9 a remo\u00e7\u00e3o do carro do local.<\/p>\n<p>\u201cQuando chegamos no local a mulher dele j\u00e1 estava fora do carro e nos contou que perguntou ao marido se ele estava cochilando. Foi neste momento que ele perdeu o controle da dire\u00e7\u00e3o e o acidente aconteceu. Felizmente os dois usavam cinto de seguran\u00e7a e a documenta\u00e7\u00e3o pessoal do ex-prefeito e do ve\u00edculo estavam legais. O casal vinha de uma fazenda no munic\u00edpio de Mendes Pimentel.\u201d, informou o sargento Wembley Lopes Hon\u00f3rio ao G1.<\/p>\n<p>Edson Fidelis ficou preso \u00e0s ferragens do carro, mas foi resgatado consciente pelo Corpo de Bombeiros. Foi necess\u00e1ria a utiliza\u00e7\u00e3o de um desencarcerador. Maria Neri foi socorrida consciente com escoria\u00e7\u00f5es leves e passa bem. J\u00e1 o ex-prefeito teve um ferimento na cabe\u00e7a e foi encaminhado ao Hospital Municipal de Valadares, mas seu estado de sa\u00fade \u00e9 est\u00e1vel.<\/p>\n<p><img decoding=\"async\" src=\"http:\/\/aconteceunovale.com.br\/portal\/wp-content\/uploads\/2015\/10\/acidente_ex_prefeito_mendes_pimentel.jpg\" alt=\"\" \/><em>Acidente aconteceu no quil\u00f4metro 148 da BR-259 (Foto: Diego Souza\/G1)<\/em><br \/>\n<\/br><\/p>\n<p><em>(Fonte: G1 dos Vales \/ Inter TV)<\/em><\/p>\n","protected":false},"excerpt":{"rendered":"<p>O ex-prefeito de Mendes Pimentel, Edson Fidelis de Souza, de 78 anos, sofreu um acidente de carro na tarde desta ter\u00e7a-feira (20\/10\/2015). Segundo a Pol\u00edcia Militar Rodovi\u00e1ria (PMR), o carro capotou no quil\u00f4metro 148 da BR-259 com o ex-prefeito e a sua esposa, Maria Neri de Souza, de 74 anos. Edson Fidelis foi prefeito de [&hellip;]<\/p>\n","protected":false},"author":4,"featured_media":71329,"comment_status":"open","ping_status":"closed","sticky":false,"template":"","format":"standard","meta":{"amp_status":"","footnotes":""},"categories":[121],"tags":[63599,63596,21348,63598,63595,63594,63600,63597,1672],"class_list":["post-71328","post","type-post","status-publish","format-standard","has-post-thumbnail","hentry","category-leste","tag-acidente-com-edson-fidelis","tag-acidente-com-ex-prefeito-de-mendes-pimentel","tag-acidente-na-br-259","tag-edson-fidelis","tag-edson-fidelis-de-souza","tag-ex-prefeito-de-mendes-pimentel","tag-ex-prefeito-de-mendes-pimentel-fica-ferido-em-acidente-na-br-259","tag-maria-neri-de-souza","tag-mendes-pimentel"],"_links":{"self":[{"href":"https:\/\/aconteceunovale.com.br\/portal\/index.php?rest_route=\/wp\/v2\/posts\/71328","targetHints":{"allow":["GET"]}}],"collection":[{"href":"https:\/\/aconteceunovale.com.br\/portal\/index.php?rest_route=\/wp\/v2\/posts"}],"about":[{"href":"https:\/\/aconteceunovale.com.br\/portal\/index.php?rest_route=\/wp\/v2\/types\/post"}],"author":[{"embeddable":true,"href":"https:\/\/aconteceunovale.com.br\/portal\/index.php?rest_route=\/wp\/v2\/users\/4"}],"replies":[{"embeddable":true,"href":"https:\/\/aconteceunovale.com.br\/portal\/index.php?rest_route=%2Fwp%2Fv2%2Fcomments&post=71328"}],"version-history":[{"count":0,"href":"https:\/\/aconteceunovale.com.br\/portal\/index.php?rest_route=\/wp\/v2\/posts\/71328\/revisions"}],"wp:featuredmedia":[{"embeddable":true,"href":"https:\/\/aconteceunovale.com.br\/portal\/index.php?rest_route=\/wp\/v2\/media\/71329"}],"wp:attachment":[{"href":"https:\/\/aconteceunovale.com.br\/portal\/index.php?rest_route=%2Fwp%2Fv2%2Fmedia&parent=71328"}],"wp:term":[{"taxonomy":"category","embeddable":true,"href":"https:\/\/aconteceunovale.com.br\/portal\/index.php?rest_route=%2Fwp%2Fv2%2Fcategories&post=71328"},{"taxonomy":"post_tag","embeddable":true,"href":"https:\/\/aconteceunovale.com.br\/portal\/index.php?rest_route=%2Fwp%2Fv2%2Ftags&post=71328"}],"curies":[{"name":"wp","href":"https:\/\/api.w.org\/{rel}","templated":true}]}}