{"id":71323,"date":"2015-10-20T17:56:24","date_gmt":"2015-10-20T20:56:24","guid":{"rendered":"http:\/\/aconteceunovale.com.br\/portal\/?p=71323"},"modified":"2015-10-20T17:56:24","modified_gmt":"2015-10-20T20:56:24","slug":"liderancas-e-gestores-debatem-politica-estadual-de-saude-dos-indigenas","status":"publish","type":"post","link":"https:\/\/aconteceunovale.com.br\/portal\/?p=71323","title":{"rendered":"Lideran\u00e7as e gestores debatem Pol\u00edtica Estadual de Sa\u00fade dos Ind\u00edgenas"},"content":{"rendered":"<p>A II Reuni\u00e3o do Grupo Gestor da Pol\u00edtica Estadual de Sa\u00fade Ind\u00edgena re\u00fane, ao longo desta ter\u00e7a-feira (20\/10), na Cidade Administrativa, em Belo Horizonte, cerca de 60 pessoas entre lideran\u00e7as de povos ind\u00edgenas que vivem em Minas Gerais, gestores municipais, estaduais e federais de Sa\u00fade. O objetivo deles \u00e9 discutir as pautas priorit\u00e1rias de promo\u00e7\u00e3o \u00e0 sa\u00fade para essa parcela da popula\u00e7\u00e3o.<\/p>\n<p>A reuni\u00e3o est\u00e1 sendo conduzida pela coordenadora da Pol\u00edtica Estadual de Sa\u00fade Ind\u00edgena, Myrt\u00f4 Sucupira, antrop\u00f3loga que assumiu as a\u00e7\u00f5es da coordena\u00e7\u00e3o em agosto deste ano. \u201c\u00c9 a primeira reuni\u00e3o com o grupo gestor que essa nova coordena\u00e7\u00e3o est\u00e1 fazendo. H\u00e1 uma grande import\u00e2ncia em abrir o di\u00e1logo com todos os atores envolvidos na pol\u00edtica, que s\u00e3o as regionais, os munic\u00edpios e as lideran\u00e7as ind\u00edgenas. A reuni\u00e3o est\u00e1 apresentando resolu\u00e7\u00f5es e os recursos dessas resolu\u00e7\u00f5es, mas a nossa grande expectativa \u00e9, antes de apresentar isso, conseguir fomentar a consolida\u00e7\u00e3o de um trabalho de di\u00e1logo nessa nova gest\u00e3o\u201d, explicou.<\/p>\n<p>A coordenadora ressaltou que, neste momento, h\u00e1 dois principais desafios a serem trabalhados. \u201cUm desafio \u00e9 o di\u00e1logo mesmo, conseguir colocar tantos atores para discutir uma proposta de pol\u00edtica, uma proposta de gest\u00e3o. O outro \u00e9 que tem muitos recursos que est\u00e3o parados nesse momento no munic\u00edpio, por uma s\u00e9rie de raz\u00f5es, inclusive de resolu\u00e7\u00e3o. Um grande desafio nosso \u00e9 conseguir fazer a execu\u00e7\u00e3o desses recursos que est\u00e3o desde 2011 para serem executados\u201d, afirmou.<\/p>\n<p>Al\u00e9m das quest\u00f5es burocr\u00e1ticas, o encontro tem facilitado a troca de experi\u00eancias entre as diferentes aldeias na busca de solu\u00e7\u00f5es para demandas comuns do cotidiano que, por vezes, esbarram na legisla\u00e7\u00e3o e dificultam o di\u00e1logo com os gestores municipais.<\/p>\n<p><img decoding=\"async\" src=\"http:\/\/aconteceunovale.com.br\/portal\/wp-content\/uploads\/2015\/10\/liderancas-e-gestores-de-saude-debatem-politica-estadual-de-saude-dos-indigenas.jpg\" alt=\"\" \/><em>Encontro facilita a troca de experi\u00eancias entre aldeias &#8211; Foto: Marcus Ferreira \/ Divulga\u00e7\u00e3o<\/em><br \/>\n<\/br><\/p>\n<p><strong>Repasse de recursos<\/strong><\/p>\n<p>Entre as resolu\u00e7\u00f5es que ser\u00e3o debatidas pelo grupo de trabalho est\u00e1 a que prev\u00ea o repasse de R$ 2,6 milh\u00f5es para os 15 munic\u00edpios mineiros que t\u00eam aldeias ind\u00edgenas \u2013 A\u00e7ucena, Ara\u00e7ua\u00ed, Bert\u00f3polis, Caldas, Campan\u00e1rio, Carm\u00e9sia, Coronel Murta, Guanh\u00e3es, Itapecerica, Ladainha, Martinho Campos, Resplendor, Santa Helena de Minas, S\u00e3o Jo\u00e3o das Miss\u00f5es e Te\u00f3filo Otoni. O incentivo dever\u00e1 ser utilizado em sete eixos de promo\u00e7\u00e3o \u00e0 sa\u00fade dos povos ind\u00edgenas: aten\u00e7\u00e3o \u00e0 sa\u00fade, infraestrutura, sa\u00fade bucal, vigil\u00e2ncia epidemiol\u00f3gica, promo\u00e7\u00e3o, preven\u00e7\u00e3o e educa\u00e7\u00e3o sanit\u00e1ria, transporte sanit\u00e1rio e manuten\u00e7\u00e3o da medicina tradicional ind\u00edgena.<\/p>\n<p>Para receber os recursos, os munic\u00edpios dever\u00e3o apresentar um Plano de Execu\u00e7\u00e3o detalhando as a\u00e7\u00f5es que ser\u00e3o desenvolvidas e apresentar, a cada tr\u00eas meses, o andamento das execu\u00e7\u00f5es. Ao fim de um ano, o munic\u00edpio dever\u00e1 prestar contas das a\u00e7\u00f5es desenvolvidas para ter direito a todo o montante previsto.<\/p>\n<p>Outra resolu\u00e7\u00e3o a ser debatida \u00e9 que a prev\u00ea o repasse de quase R$ 200 mil de incentivo financeiro para o custeio de implementa\u00e7\u00e3o das diretrizes do Programa de Registro e Resgate da Medicina Tradicional Ind\u00edgena e Uso de Plantas Medicinais na Aldeia. Para receber o incentivo, o munic\u00edpio tamb\u00e9m dever\u00e1 assinar um termo de compromisso e cumprir metas de qualidade. (Ag\u00eancia Minas)<\/p>\n","protected":false},"excerpt":{"rendered":"<p>A II Reuni\u00e3o do Grupo Gestor da Pol\u00edtica Estadual de Sa\u00fade Ind\u00edgena re\u00fane, ao longo desta ter\u00e7a-feira (20\/10), na Cidade Administrativa, em Belo Horizonte, cerca de 60 pessoas entre lideran\u00e7as de povos ind\u00edgenas que vivem em Minas Gerais, gestores municipais, estaduais e federais de Sa\u00fade. O objetivo deles \u00e9 discutir as pautas priorit\u00e1rias de promo\u00e7\u00e3o [&hellip;]<\/p>\n","protected":false},"author":4,"featured_media":71325,"comment_status":"open","ping_status":"closed","sticky":false,"template":"","format":"standard","meta":{"amp_status":"","footnotes":""},"categories":[40242],"tags":[971,186,1798,3686,277,280,483,155,63590,17303,344,63587,53395,63593,63588,63592,309,63591,990,1810,63589,164],"class_list":["post-71323","post","type-post","status-publish","format-standard","has-post-thumbnail","hentry","category-saude-2","tag-acucena","tag-aracuai","tag-bertopolis","tag-caldas","tag-campanario","tag-carmesia","tag-coronel-murta","tag-guanhaes","tag-ii-reuniao-do-grupo-gestor-da-politica-estadual-de-saude-indigena","tag-itapecerica","tag-ladainha","tag-liderancas-e-gestores-debatem-politica-estadual-de-saude-dos-indigenas","tag-martinho-campos","tag-myrto-sucupira","tag-politica-estadual-de-saude-dos-indigenas","tag-politica-estadual-de-saude-indigena","tag-resplendor","tag-reuniao-do-grupo-gestor-da-politica-estadual-de-saude-indigena","tag-santa-helena-de-minas","tag-sao-joao-das-missoes","tag-saude-dos-indigenas","tag-teofilo-otoni"],"_links":{"self":[{"href":"https:\/\/aconteceunovale.com.br\/portal\/index.php?rest_route=\/wp\/v2\/posts\/71323","targetHints":{"allow":["GET"]}}],"collection":[{"href":"https:\/\/aconteceunovale.com.br\/portal\/index.php?rest_route=\/wp\/v2\/posts"}],"about":[{"href":"https:\/\/aconteceunovale.com.br\/portal\/index.php?rest_route=\/wp\/v2\/types\/post"}],"author":[{"embeddable":true,"href":"https:\/\/aconteceunovale.com.br\/portal\/index.php?rest_route=\/wp\/v2\/users\/4"}],"replies":[{"embeddable":true,"href":"https:\/\/aconteceunovale.com.br\/portal\/index.php?rest_route=%2Fwp%2Fv2%2Fcomments&post=71323"}],"version-history":[{"count":0,"href":"https:\/\/aconteceunovale.com.br\/portal\/index.php?rest_route=\/wp\/v2\/posts\/71323\/revisions"}],"wp:featuredmedia":[{"embeddable":true,"href":"https:\/\/aconteceunovale.com.br\/portal\/index.php?rest_route=\/wp\/v2\/media\/71325"}],"wp:attachment":[{"href":"https:\/\/aconteceunovale.com.br\/portal\/index.php?rest_route=%2Fwp%2Fv2%2Fmedia&parent=71323"}],"wp:term":[{"taxonomy":"category","embeddable":true,"href":"https:\/\/aconteceunovale.com.br\/portal\/index.php?rest_route=%2Fwp%2Fv2%2Fcategories&post=71323"},{"taxonomy":"post_tag","embeddable":true,"href":"https:\/\/aconteceunovale.com.br\/portal\/index.php?rest_route=%2Fwp%2Fv2%2Ftags&post=71323"}],"curies":[{"name":"wp","href":"https:\/\/api.w.org\/{rel}","templated":true}]}}