{"id":71320,"date":"2015-10-20T17:45:55","date_gmt":"2015-10-20T20:45:55","guid":{"rendered":"http:\/\/aconteceunovale.com.br\/portal\/?p=71320"},"modified":"2015-10-20T17:45:55","modified_gmt":"2015-10-20T20:45:55","slug":"grupo-cemig-e-o-maior-gerador-de-energia-eolica-do-brasil","status":"publish","type":"post","link":"https:\/\/aconteceunovale.com.br\/portal\/?p=71320","title":{"rendered":"Grupo Cemig \u00e9 o maior gerador de energia e\u00f3lica do Brasil"},"content":{"rendered":"<p>Os parques e\u00f3licos do Grupo Cemig geraram 382,4 megawatts m\u00e9dios no m\u00eas de agosto deste ano, conforme os dados apresentados no Boletim Mensal de Gera\u00e7\u00e3o E\u00f3lica do Operador Nacional do Sistema El\u00e9trico (ONS). O resultado representa um crescimento de 5% em rela\u00e7\u00e3o ao m\u00eas anterior.<\/p>\n<p>De acordo com o presidente da Cemig, Mauro Borges Lemos, o n\u00famero reflete a estrat\u00e9gia da companhia, que busca intensificar a produ\u00e7\u00e3o de energia a partir de fontes alternativas. \u201c\u00c9 essencial que continuemos a investir em gera\u00e7\u00e3o e\u00f3lica e fotovoltaica, e tamb\u00e9m que intensifiquemos as pesquisas e estudos para tornarmos mais rent\u00e1veis esses neg\u00f3cios. Todos os profissionais da Cemig est\u00e3o engajados nesses projetos, direta ou indiretamente\u201d, afirmou.<\/p>\n<p>Em agosto, a participa\u00e7\u00e3o da Cemig na inje\u00e7\u00e3o de energia proveniente da matriz e\u00f3lica no Sistema Interligado Nacional (SIN) foi de 12%, n\u00famero que mant\u00e9m o grupo como o maior gerador do Brasil. O documento disponibilizado pelo ONS pode ser consultado na p\u00e1gina <a href=\"http:\/\/www.ons.org.br\" target=\"_blank\">www.ons.org.br<\/a>, na se\u00e7\u00e3o Resultados da Opera\u00e7\u00e3o.<\/p>\n<p><img decoding=\"async\" src=\"http:\/\/aconteceunovale.com.br\/portal\/wp-content\/uploads\/2015\/10\/eolico_cemig.jpg\" alt=\"\" \/><em>O Grupo Cemig \u00e9 o maior gerador de energia e\u00f3lica do Brasil &#8211; Foto: Omar Freire\/Imprensa MG<\/em><\/p>\n","protected":false},"excerpt":{"rendered":"<p>Os parques e\u00f3licos do Grupo Cemig geraram 382,4 megawatts m\u00e9dios no m\u00eas de agosto deste ano, conforme os dados apresentados no Boletim Mensal de Gera\u00e7\u00e3o E\u00f3lica do Operador Nacional do Sistema El\u00e9trico (ONS). O resultado representa um crescimento de 5% em rela\u00e7\u00e3o ao m\u00eas anterior. De acordo com o presidente da Cemig, Mauro Borges Lemos, [&hellip;]<\/p>\n","protected":false},"author":4,"featured_media":71321,"comment_status":"open","ping_status":"closed","sticky":false,"template":"","format":"standard","meta":{"amp_status":"","footnotes":""},"categories":[123],"tags":[63585,55152,63582,1018,58373,63584,63586,28398,30719,58371,58370,28397,55149,63583],"class_list":["post-71320","post","type-post","status-publish","format-standard","has-post-thumbnail","hentry","category-gerais","tag-boletim-mensal-de-geracao-eolica-do-operador-nacional-do-sistema-eletrico","tag-cemig-energia-eolica","tag-cemig-tem-alta-de-5-na-producao-de-energia-eolica","tag-destaque","tag-energia-eolica-cemig","tag-energia-eolica-produzida-pela-cemig","tag-grupo-cemig-e-o-maior-gerador-de-energia-eolica-do-brasil","tag-mauro-borges-lemos","tag-ons","tag-parques-eolicos-da-cemig","tag-parques-eolicos-do-grupo-cemig","tag-presidente-da-cemig","tag-producao-de-energia-eolica","tag-producao-de-energia-eolica-cemig"],"_links":{"self":[{"href":"https:\/\/aconteceunovale.com.br\/portal\/index.php?rest_route=\/wp\/v2\/posts\/71320","targetHints":{"allow":["GET"]}}],"collection":[{"href":"https:\/\/aconteceunovale.com.br\/portal\/index.php?rest_route=\/wp\/v2\/posts"}],"about":[{"href":"https:\/\/aconteceunovale.com.br\/portal\/index.php?rest_route=\/wp\/v2\/types\/post"}],"author":[{"embeddable":true,"href":"https:\/\/aconteceunovale.com.br\/portal\/index.php?rest_route=\/wp\/v2\/users\/4"}],"replies":[{"embeddable":true,"href":"https:\/\/aconteceunovale.com.br\/portal\/index.php?rest_route=%2Fwp%2Fv2%2Fcomments&post=71320"}],"version-history":[{"count":0,"href":"https:\/\/aconteceunovale.com.br\/portal\/index.php?rest_route=\/wp\/v2\/posts\/71320\/revisions"}],"wp:featuredmedia":[{"embeddable":true,"href":"https:\/\/aconteceunovale.com.br\/portal\/index.php?rest_route=\/wp\/v2\/media\/71321"}],"wp:attachment":[{"href":"https:\/\/aconteceunovale.com.br\/portal\/index.php?rest_route=%2Fwp%2Fv2%2Fmedia&parent=71320"}],"wp:term":[{"taxonomy":"category","embeddable":true,"href":"https:\/\/aconteceunovale.com.br\/portal\/index.php?rest_route=%2Fwp%2Fv2%2Fcategories&post=71320"},{"taxonomy":"post_tag","embeddable":true,"href":"https:\/\/aconteceunovale.com.br\/portal\/index.php?rest_route=%2Fwp%2Fv2%2Ftags&post=71320"}],"curies":[{"name":"wp","href":"https:\/\/api.w.org\/{rel}","templated":true}]}}