{"id":71317,"date":"2015-10-20T17:41:22","date_gmt":"2015-10-20T20:41:22","guid":{"rendered":"http:\/\/aconteceunovale.com.br\/portal\/?p=71317"},"modified":"2015-10-20T17:41:22","modified_gmt":"2015-10-20T20:41:22","slug":"minas-gerais-vai-criar-o-conselho-estadual-de-cidadania-lgbt","status":"publish","type":"post","link":"https:\/\/aconteceunovale.com.br\/portal\/?p=71317","title":{"rendered":"Minas Gerais vai criar o Conselho Estadual de Cidadania LGBT"},"content":{"rendered":"<p>O Governo de Minas Gerais vai propor a cria\u00e7\u00e3o do Conselho Estadual de Cidadania de L\u00e9sbicas, Gays, Bissexuais, Travestis e Transexuais (CEC LGBT), \u00f3rg\u00e3o que ser\u00e1 respons\u00e1vel pela elabora\u00e7\u00e3o e condu\u00e7\u00e3o das pol\u00edticas p\u00fablicas voltadas para esses segmentos da popula\u00e7\u00e3o. O an\u00fancio foi feito pelo secret\u00e1rio de Estado de Direitos Humanos, Participa\u00e7\u00e3o Social e Cidadania, Nilm\u00e1rio Miranda, durante a realiza\u00e7\u00e3o da 3\u00aa Confer\u00eancia Estadual de Pol\u00edticas P\u00fablicas e Direitos Humanos LGBT, realizada no \u00faltimo final de semana em Caet\u00e9, Regi\u00e3o Metropolitana de Belo Horizonte (RMBH).<\/p>\n<p>O projeto de lei que cria o CEC LGBT j\u00e1 foi enviado pela Secretaria de Estado de Direitos Humanos, Participa\u00e7\u00e3o Social e Cidadania (Sedpac) ao governador Fernando Pimentel para que seja encaminhado \u00e0 Assembleia Legislativa. Ele ter\u00e1 composi\u00e7\u00e3o parit\u00e1ria entre o poder p\u00fablico e a sociedade civil e ser\u00e1 composto por 26 membros e seus suplentes, nomeados pelo chefe do Executivo mineiro.<\/p>\n<p>O CEC LGBT vai formular e propor diretrizes de a\u00e7\u00e3o governamental e pol\u00edticas p\u00fablicas para promover a defesa, os direitos e a cidadania LGBT no estado, a redu\u00e7\u00e3o das desigualdades sociais, econ\u00f4micas, financeiras, pol\u00edticas e culturais da popula\u00e7\u00e3o LGBT, al\u00e9m do combate \u00e0 discrimina\u00e7\u00e3o e a amplia\u00e7\u00e3o dos espa\u00e7os de participa\u00e7\u00e3o social.<\/p>\n<p>\u201cN\u00f3s estamos enviando para a Assembleia o projeto que cria o Conselho Estadual para a proposi\u00e7\u00e3o de pol\u00edticas para a comunidade LGBT. Nele estar\u00e3o o pessoal das secretarias de Educa\u00e7\u00e3o, da Sa\u00fade, da Assist\u00eancia Social, do Esporte e da Seguran\u00e7a P\u00fablica. Ent\u00e3o n\u00f3s vamos debater com cada segmento. O que n\u00e3o pode, por exemplo,  \u00e9 haver discrimina\u00e7\u00e3o e preconceito\u201d, enfatizou Nilm\u00e1rio Miranda.<\/p>\n<p>O CEC LGBT tamb\u00e9m \u00e9 de fundamental import\u00e2ncia em Minas para a cria\u00e7\u00e3o e fortalecimento dos Conselhos Municipais de Cidadania LGBT, instalados hoje no estado apenas nos munic\u00edpios de S\u00e3o Jo\u00e3o del-Rei e em Contagem, este ainda aguardando a posse. \u201cA confer\u00eancia aprovou uma agenda constru\u00edda de modo coletivo e democr\u00e1tico, sem ocultar os conflitos. Acredito que at\u00e9 o final do ano teremos dez conselhos municipais\u201d, ressaltou o secret\u00e1rio.<\/p>\n<p><img decoding=\"async\" src=\"http:\/\/aconteceunovale.com.br\/portal\/wp-content\/uploads\/2015\/10\/conselho_lgbt.jpg\" alt=\"\" \/><em>Ao lado de Daniela Mercury, Nilm\u00e1rio Miranda tamb\u00e9m anunciou a ades\u00e3o \u00e0 campanha Livre e Iguais &#8211; Foto: Marcelo Sant&#8217;Anna \/ Imprensa Minas Gerais<\/em><br \/>\n<\/br><\/p>\n<p><strong>Livres e Iguais<\/strong><\/p>\n<p>Durante o evento em Caet\u00e9, que contou com as presen\u00e7as da cantora Daniela Mercury e sua esposa Malu Mercury, Nilm\u00e1rio anunciou tamb\u00e9m a ades\u00e3o de Minas \u00e0 campanha Livres e Iguais, da Organiza\u00e7\u00e3o das Na\u00e7\u00f5es Unidas (ONU), que busca promover a igualdade de l\u00e9sbicas, gays, bissexuais, travestis e transexuais.  O objetivo \u00e9 aumentar tamb\u00e9m a conscientiza\u00e7\u00e3o sobre a viol\u00eancia e a discrimina\u00e7\u00e3o lesbof\u00f3bica, homof\u00f3bica, bif\u00f3bica e transf\u00f3bica e promover um maior respeito pelos direitos das pessoas LGBT, em todos os lugares do mundo.<\/p>\n<p>Daniela \u00e9 considerada Campe\u00e3 da Igualdade da ONU e Embaixadora da Boa Vontade do Fundo das Na\u00e7\u00f5es Unidas para a Inf\u00e2ncia (Unicef). \u201cNossa causa \u00e9 a causa de todos, n\u00e3o \u00e9 a de um grupo\u201d, disse a cantora, parabenizando os presentes \u00e0 Confer\u00eancia pela coragem de estarem juntos nessa luta. \u201cA gente est\u00e1 aqui para lutar pela liberdade, princ\u00edpio fundamental de todo o provo brasileiro e de todo o planeta\u201d, enfatizou.<\/p>\n<p>Durante os tr\u00eas dias da confer\u00eancia, cujo tema foi \u201cPor um Brasil que criminalize a viol\u00eancia contra l\u00e9sbicas, gays, bissexuais, travestis e transexuais\u201d, cerca de 420 delegados eleitos nas etapas regionais, municipais e livres participaram do evento, onde s\u00e3o consolidadas as propostas levantadas no estado para serem debatidas na Confer\u00eancia Nacional, que acontecer\u00e1 em Bras\u00edlia.<\/p>\n<p>\u201cFizemos a mais importante confer\u00eancia estadual dos direitos LGBT em Minas Gerais. Foram 27 confer\u00eancias regionais, municipais e livres, sendo que em 2011 foram apenas 10 munic\u00edpios que participaram. Envolvemos tamb\u00e9m 64 munic\u00edpios e cerca de 2.000 participantes, que elegeram 420 delegados para a etapa estadual\u201d, disse Nilm\u00e1rio Miranda.<\/p>\n<p>O coordenador especial de Pol\u00edticas de Diversidade Sexual da Sedpac, Douglas Miranda, afirmou que as confer\u00eancias s\u00e3o um espa\u00e7o de constru\u00e7\u00e3o coletiva. \u201cA gente quer ser livre e igual. N\u00f3s n\u00e3o somos diferentes\u201d, frisou, classificando as presen\u00e7as na confer\u00eancia como fundamentais para que se sejam \u201cos multiplicadores dos ecos, esclarecendo a sociedade mineira e brasileira que a condi\u00e7\u00e3o de diversidade e identidade de g\u00eanero n\u00e3o podem ser encaradas como pr\u00e9-requisito de exclus\u00e3o social\u201d. (Ag\u00eancia Minas)<\/p>\n","protected":false},"excerpt":{"rendered":"<p>O Governo de Minas Gerais vai propor a cria\u00e7\u00e3o do Conselho Estadual de Cidadania de L\u00e9sbicas, Gays, Bissexuais, Travestis e Transexuais (CEC LGBT), \u00f3rg\u00e3o que ser\u00e1 respons\u00e1vel pela elabora\u00e7\u00e3o e condu\u00e7\u00e3o das pol\u00edticas p\u00fablicas voltadas para esses segmentos da popula\u00e7\u00e3o. O an\u00fancio foi feito pelo secret\u00e1rio de Estado de Direitos Humanos, Participa\u00e7\u00e3o Social e Cidadania, [&hellip;]<\/p>\n","protected":false},"author":4,"featured_media":71318,"comment_status":"open","ping_status":"closed","sticky":false,"template":"","format":"standard","meta":{"amp_status":"","footnotes":""},"categories":[123],"tags":[63581,63578,6970,63580,63576,63574,63575,63577,57899,63573,52977,63579],"class_list":["post-71317","post","type-post","status-publish","format-standard","has-post-thumbnail","hentry","category-gerais","tag-3a-conferencia-estadual-de-politicas-publicas-e-direitos-humanos-lgbt","tag-bissexuais","tag-caete","tag-cec-lgbt","tag-conselho-de-cidadania-lgbt-de-minas-gerais","tag-conselho-estadual-de-cidadania-lgbt","tag-conselho-estadual-de-cidadania-lgbt-de-minas-gerais","tag-gays","tag-lesbicas","tag-minas-gerais-vai-criar-o-conselho-estadual-de-cidadania-lgbt","tag-transexuais","tag-travestis"],"_links":{"self":[{"href":"https:\/\/aconteceunovale.com.br\/portal\/index.php?rest_route=\/wp\/v2\/posts\/71317","targetHints":{"allow":["GET"]}}],"collection":[{"href":"https:\/\/aconteceunovale.com.br\/portal\/index.php?rest_route=\/wp\/v2\/posts"}],"about":[{"href":"https:\/\/aconteceunovale.com.br\/portal\/index.php?rest_route=\/wp\/v2\/types\/post"}],"author":[{"embeddable":true,"href":"https:\/\/aconteceunovale.com.br\/portal\/index.php?rest_route=\/wp\/v2\/users\/4"}],"replies":[{"embeddable":true,"href":"https:\/\/aconteceunovale.com.br\/portal\/index.php?rest_route=%2Fwp%2Fv2%2Fcomments&post=71317"}],"version-history":[{"count":0,"href":"https:\/\/aconteceunovale.com.br\/portal\/index.php?rest_route=\/wp\/v2\/posts\/71317\/revisions"}],"wp:featuredmedia":[{"embeddable":true,"href":"https:\/\/aconteceunovale.com.br\/portal\/index.php?rest_route=\/wp\/v2\/media\/71318"}],"wp:attachment":[{"href":"https:\/\/aconteceunovale.com.br\/portal\/index.php?rest_route=%2Fwp%2Fv2%2Fmedia&parent=71317"}],"wp:term":[{"taxonomy":"category","embeddable":true,"href":"https:\/\/aconteceunovale.com.br\/portal\/index.php?rest_route=%2Fwp%2Fv2%2Fcategories&post=71317"},{"taxonomy":"post_tag","embeddable":true,"href":"https:\/\/aconteceunovale.com.br\/portal\/index.php?rest_route=%2Fwp%2Fv2%2Ftags&post=71317"}],"curies":[{"name":"wp","href":"https:\/\/api.w.org\/{rel}","templated":true}]}}