{"id":71315,"date":"2015-10-20T17:36:00","date_gmt":"2015-10-20T20:36:00","guid":{"rendered":"http:\/\/aconteceunovale.com.br\/portal\/?p=71315"},"modified":"2015-10-20T17:36:00","modified_gmt":"2015-10-20T20:36:00","slug":"ses-mg-abre-processo-seletivo-para-medico-plantonista","status":"publish","type":"post","link":"https:\/\/aconteceunovale.com.br\/portal\/?p=71315","title":{"rendered":"SES-MG abre processo seletivo para m\u00e9dico plantonista"},"content":{"rendered":"<p>A\u00a0Secretaria de Estado de Sa\u00fade de Minas Gerais (SES-MG)\u00a0abre processo seletivo interno para m\u00e9dico plantonista. Os candidatos ter\u00e3o das 9h do dia 21 de outubro at\u00e9 \u00e0s 17h do dia 9 de novembro para fazer a inscri\u00e7\u00e3o. Clique\u00a0<strong><a href=\"https:\/\/docs.google.com\/forms\/d\/1F7pYLK28mKFlTKSDLr26N4GGgKKXWIchfYMUSRauHp8\/closedform\" target=\"_blank\">aqui<\/a><\/strong>\u00a0para ter acesso \u00e0 p\u00e1gina e se increver. Confira o edital completo do processo seletivo.<\/p>\n<p>Para se candidatar \u00e9 preciso ter forma\u00e7\u00e3o superior em Medicina com registro ativo no Conselho Regional de Medicina (CRM), al\u00e9m de possuir ocupa\u00e7\u00e3o efetiva de no m\u00ednimo dez meses em \u00f3rg\u00e3o ou entidade do Sistema Estadual de Gest\u00e3o da Sa\u00fade ou possuir cargo efetivo em \u00f3rg\u00e3o municipal, estadual ou federal integrante do\u00a0Sistema \u00danico de Sa\u00fade (SUS).<\/p>\n<p>O m\u00e9dico ter\u00e1 uma jornada de trabalho de 24 horas semanais e receber\u00e1 remunera\u00e7\u00e3o da Fun\u00e7\u00e3o Gratificada de Regula\u00e7\u00e3o da Assist\u00eancia \u00e0 Sa\u00fade\/M\u00e9dico Plantonista (FGRMP) no valor de R$ 3.300,00. Al\u00e9m de receber Pr\u00eamio por Desempenho de Metas fixo de R$ 2.000,00 e mais uma vari\u00e1vel de at\u00e9 R$ 1.500,00 ao m\u00eas.<\/p>\n<p>Os candidatos passar\u00e3o por an\u00e1lise curricular e entrevista de conhecimentos t\u00e9cnicos da \u00e1rea de atua\u00e7\u00e3o de acordo com bibliografia sugerida. Para mais informa\u00e7\u00f5es acesse:\u00a0<strong><a href=\"http:\/\/intranet.saude.mg.gov.br\/acl_users\/credentials_cookie_auth\/require_login?came_from=http%3A\/\/intranet.saude.mg.gov.br\/\" target=\"_blank\">intranet.saude.mg.gov.br<\/a><\/strong>.<\/p>\n","protected":false},"excerpt":{"rendered":"<p>A\u00a0Secretaria de Estado de Sa\u00fade de Minas Gerais (SES-MG)\u00a0abre processo seletivo interno para m\u00e9dico plantonista. Os candidatos ter\u00e3o das 9h do dia 21 de outubro at\u00e9 \u00e0s 17h do dia 9 de novembro para fazer a inscri\u00e7\u00e3o. Clique\u00a0aqui\u00a0para ter acesso \u00e0 p\u00e1gina e se increver. Confira o edital completo do processo seletivo. Para se candidatar [&hellip;]<\/p>\n","protected":false},"author":4,"featured_media":14573,"comment_status":"open","ping_status":"closed","sticky":false,"template":"","format":"standard","meta":{"amp_status":"","footnotes":""},"categories":[123,40242],"tags":[63572,63570,63571,63569],"class_list":["post-71315","post","type-post","status-publish","format-standard","has-post-thumbnail","hentry","category-gerais","category-saude-2","tag-processo-seletivo-interno-para-medico-plantonista","tag-processo-seletivo-para-medico-plantonista","tag-processo-seletivo-para-medico-plantonista-em-minas-gerais","tag-ses-mg-abre-processo-seletivo-para-medico-plantonista"],"_links":{"self":[{"href":"https:\/\/aconteceunovale.com.br\/portal\/index.php?rest_route=\/wp\/v2\/posts\/71315","targetHints":{"allow":["GET"]}}],"collection":[{"href":"https:\/\/aconteceunovale.com.br\/portal\/index.php?rest_route=\/wp\/v2\/posts"}],"about":[{"href":"https:\/\/aconteceunovale.com.br\/portal\/index.php?rest_route=\/wp\/v2\/types\/post"}],"author":[{"embeddable":true,"href":"https:\/\/aconteceunovale.com.br\/portal\/index.php?rest_route=\/wp\/v2\/users\/4"}],"replies":[{"embeddable":true,"href":"https:\/\/aconteceunovale.com.br\/portal\/index.php?rest_route=%2Fwp%2Fv2%2Fcomments&post=71315"}],"version-history":[{"count":0,"href":"https:\/\/aconteceunovale.com.br\/portal\/index.php?rest_route=\/wp\/v2\/posts\/71315\/revisions"}],"wp:featuredmedia":[{"embeddable":true,"href":"https:\/\/aconteceunovale.com.br\/portal\/index.php?rest_route=\/wp\/v2\/media\/14573"}],"wp:attachment":[{"href":"https:\/\/aconteceunovale.com.br\/portal\/index.php?rest_route=%2Fwp%2Fv2%2Fmedia&parent=71315"}],"wp:term":[{"taxonomy":"category","embeddable":true,"href":"https:\/\/aconteceunovale.com.br\/portal\/index.php?rest_route=%2Fwp%2Fv2%2Fcategories&post=71315"},{"taxonomy":"post_tag","embeddable":true,"href":"https:\/\/aconteceunovale.com.br\/portal\/index.php?rest_route=%2Fwp%2Fv2%2Ftags&post=71315"}],"curies":[{"name":"wp","href":"https:\/\/api.w.org\/{rel}","templated":true}]}}