{"id":71312,"date":"2015-10-20T11:49:34","date_gmt":"2015-10-20T14:49:34","guid":{"rendered":"http:\/\/aconteceunovale.com.br\/portal\/?p=71312"},"modified":"2015-10-20T19:50:03","modified_gmt":"2015-10-20T22:50:03","slug":"minas-gerais-tem-10-dos-candidatos-ao-enem-2015","status":"publish","type":"post","link":"https:\/\/aconteceunovale.com.br\/portal\/?p=71312","title":{"rendered":"Minas Gerais tem 10% dos candidatos ao Enem 2015"},"content":{"rendered":"<p>O\u00a0Exame Nacional do Ensino M\u00e9dio (Enem)\u00a0de 2015 acontece nos dias 24 e 25\/10. Em Minas, cerca de 870 mil estudantes se inscreveram para tentar uma vaga em universidades do pa\u00eds. Nos dois dias de prova, os port\u00f5es ser\u00e3o abertos ao meio dia e fechados \u00e0s 13h. A prova ter\u00e1 inicio \u00e0s 13h30 no hor\u00e1rio de Bras\u00edlia.<\/p>\n<p>O Enem \u00e9 constitu\u00eddo por quatro provas objetivas, com 45 quest\u00f5es de m\u00faltipla escolha cada e uma reda\u00e7\u00e3o. No s\u00e1bado ser\u00e3o realizadas as provas de Ci\u00eancias Humanas e suas Tecnologias. Os participantes ter\u00e3o 4h30 minutos para realizar a prova. J\u00e1 no domingo, ser\u00e3o 5h30 para a realiza\u00e7\u00e3o das provas de Linguagens, C\u00f3digos e suas Tecnologias, Reda\u00e7\u00e3o e Matem\u00e1tica e suas Tecnologias.<\/p>\n<p>Para realizar o exame, os estudantes devem apresentar pelo menos um dos tipos de identidade abaixo listados:<\/p>\n<p>&#8211; C\u00e9dula de identidade (RG) emitida por Secretaria de Seguran\u00e7a P\u00fablica, For\u00e7as Armadas, Pol\u00edcia Militar ou Federal;<\/p>\n<p>&#8211; Identidade expedida pelo Minist\u00e9rio da Justi\u00e7a para estrangeiros;<\/p>\n<p>&#8211; Identifica\u00e7\u00e3o fornecida por ordens ou conselhos de classe, que, por lei, tenham validade como documento de identidade;<\/p>\n<p>&#8211; Carteira de Trabalho e Previd\u00eancia Social, emitida ap\u00f3s 27 de janeiro de 1997;<\/p>\n<p>&#8211; Certificado de dispensa de incorpora\u00e7\u00e3o;<\/p>\n<p>&#8211; Certificado de reservista;<\/p>\n<p>&#8211; Passaporte;<\/p>\n<p>&#8211; Carteira Nacional de Habilita\u00e7\u00e3o com foto e identidade funcional em conson\u00e2ncia com o Decreto n\u00ba 5,703, de 15 de fevereiro de 2006.<\/p>\n<p>\u00c9 aconselh\u00e1vel ainda que os candidatos levem impresso o Cart\u00e3o de Confirma\u00e7\u00e3o informando o CPF e a senha na P\u00e1gina do Participante no\u00a0<strong><a href=\"http:\/\/enem.inep.gov.br\/participante\/#\/login\">site no Inep<\/a><\/strong>. \u00c9 nele que constam data, hora e os locais em que ser\u00e3o realizadas as provas, n\u00famero da inscri\u00e7\u00e3o;<\/p>\n<p>Indica\u00e7\u00e3o da solicita\u00e7\u00e3o do atendimento especializado e\/ou do atendimento espec\u00edfico Op\u00e7\u00e3o de l\u00edngua estrangeira e solicita\u00e7\u00e3o de certifica\u00e7\u00e3o do ensino m\u00e9dio (se for o caso).<\/p>\n<p>Cada participante deve levar caneta esferogr\u00e1fica de tinta preta, fabricada em material transparente. O uso de caneta de outra cor poder\u00e1 comprometer a leitura \u00f3tica do cart\u00e3o-resposta.<\/p>\n<p>Os gabaritos das provas objetivas ser\u00e3o divulgados na p\u00e1gina do Inep at\u00e9 o terceiro dia \u00fatil seguinte ao de realiza\u00e7\u00e3o da \u00faltima prova. Os participantes poder\u00e3o acessar os resultados individuais da edi\u00e7\u00e3o, em data a ser posteriormente divulgada, mediante o seu CPF e senha tamb\u00e9m no portal do Inep.<\/p>\n<p><strong>Confira abaixo algumas dicas para fazer uma prova tranquila:<\/strong><\/p>\n<p>&#8211; \u00a0Verifique com anteced\u00eancia o local de provas e identifique o melhor trajeto;<\/p>\n<p>&#8211; Esteja no local da realiza\u00e7\u00e3o da prova \u00e0s 12h;<\/p>\n<p>&#8211; Eliminam o candidato: consultas a anota\u00e7\u00f5es ou demais participantes, uso de caneta de material n\u00e3o transparente, lapiseira, borrachas al\u00e9m do porte de dispositivos eletr\u00f4nicos;<\/p>\n<p>&#8211; Lembre-se que \u00e9 o proibido o uso de \u00a0\u00f3culos escuros e artigos de chapelaria, tais como: bon\u00e9, chap\u00e9u, viseira, gorro ou similares<\/p>\n<p>&#8211; N\u00e3o \u00e9 permitida a sa\u00edda da sala de provas antes de decorridas 2 horas do in\u00edcio da aplica\u00e7\u00e3o do exame<\/p>\n<p>&#8211; O participante deve marcar no cart\u00e3o-resposta a op\u00e7\u00e3o correspondente \u00e0 cor da capa do seu caderno de quest\u00f5es e, ainda, transcrever a frase apresentada na capa do caderno de quest\u00f5es;<br \/>\n&#8211; As folhas de rascunho e as marca\u00e7\u00f5es assinaladas nos cadernos de quest\u00f5es n\u00e3o s\u00e3o consideradas para fins de corre\u00e7\u00e3o;<\/p>\n<p>&#8211; A reda\u00e7\u00e3o dever\u00e1 ser um texto dissertativo-argumentativo de no m\u00e1ximo 30 linhas;<\/p>\n<p><strong>Sobre o Enem<\/strong><\/p>\n<p>O Exame Nacional do Ensino M\u00e9dio (Enem) foi criado em 1998 e \u00e9 utilizado para avaliar a qualidade do ensino m\u00e9dio no pa\u00eds. Seu resultado serve de acesso para os estudantes que desejam ingressar no ensino superior em universidades p\u00fablicas brasileiras, atrav\u00e9s do Sistema de Sele\u00e7\u00e3o Unificada (Sisu).<\/p>\n<p>A prova tamb\u00e9m \u00e9 feita por pessoas que tenham interesse em ganhar bolsa integral ou parcial em alguma universidade particular atrav\u00e9s do Programa Universidade para Todos (Prouni) ou para obten\u00e7\u00e3o de financiamento atrav\u00e9s do Fundo de Financiamento ao Estudante do Ensino Superior (Fies). E desde 2009 a prova serve tamb\u00e9m como certifica\u00e7\u00e3o de conclus\u00e3o do ensino m\u00e9dio em curso de Educa\u00e7\u00e3o de Jovens e Adultos (EJA). (Ag\u00eancia Minas)<\/p>\n","protected":false},"excerpt":{"rendered":"<p>O\u00a0Exame Nacional do Ensino M\u00e9dio (Enem)\u00a0de 2015 acontece nos dias 24 e 25\/10. Em Minas, cerca de 870 mil estudantes se inscreveram para tentar uma vaga em universidades do pa\u00eds. Nos dois dias de prova, os port\u00f5es ser\u00e3o abertos ao meio dia e fechados \u00e0s 13h. A prova ter\u00e1 inicio \u00e0s 13h30 no hor\u00e1rio de [&hellip;]<\/p>\n","protected":false},"author":4,"featured_media":71313,"comment_status":"open","ping_status":"closed","sticky":false,"template":"","format":"standard","meta":{"amp_status":"","footnotes":""},"categories":[40238,123],"tags":[524,44847,19776,63567,63566,20751,63568],"class_list":["post-71312","post","type-post","status-publish","format-standard","has-post-thumbnail","hentry","category-educacao-2","category-gerais","tag-enem","tag-enem-2015","tag-exame-nacional-do-ensino-medio","tag-exame-nacional-do-ensino-medio-2015","tag-minas-gerais-tem-10-dos-candidatos-ao-enem-2015","tag-site-do-enem","tag-site-do-inep"],"_links":{"self":[{"href":"https:\/\/aconteceunovale.com.br\/portal\/index.php?rest_route=\/wp\/v2\/posts\/71312","targetHints":{"allow":["GET"]}}],"collection":[{"href":"https:\/\/aconteceunovale.com.br\/portal\/index.php?rest_route=\/wp\/v2\/posts"}],"about":[{"href":"https:\/\/aconteceunovale.com.br\/portal\/index.php?rest_route=\/wp\/v2\/types\/post"}],"author":[{"embeddable":true,"href":"https:\/\/aconteceunovale.com.br\/portal\/index.php?rest_route=\/wp\/v2\/users\/4"}],"replies":[{"embeddable":true,"href":"https:\/\/aconteceunovale.com.br\/portal\/index.php?rest_route=%2Fwp%2Fv2%2Fcomments&post=71312"}],"version-history":[{"count":0,"href":"https:\/\/aconteceunovale.com.br\/portal\/index.php?rest_route=\/wp\/v2\/posts\/71312\/revisions"}],"wp:featuredmedia":[{"embeddable":true,"href":"https:\/\/aconteceunovale.com.br\/portal\/index.php?rest_route=\/wp\/v2\/media\/71313"}],"wp:attachment":[{"href":"https:\/\/aconteceunovale.com.br\/portal\/index.php?rest_route=%2Fwp%2Fv2%2Fmedia&parent=71312"}],"wp:term":[{"taxonomy":"category","embeddable":true,"href":"https:\/\/aconteceunovale.com.br\/portal\/index.php?rest_route=%2Fwp%2Fv2%2Fcategories&post=71312"},{"taxonomy":"post_tag","embeddable":true,"href":"https:\/\/aconteceunovale.com.br\/portal\/index.php?rest_route=%2Fwp%2Fv2%2Ftags&post=71312"}],"curies":[{"name":"wp","href":"https:\/\/api.w.org\/{rel}","templated":true}]}}