{"id":71299,"date":"2015-10-20T09:41:48","date_gmt":"2015-10-20T12:41:48","guid":{"rendered":"http:\/\/aconteceunovale.com.br\/portal\/?p=71299"},"modified":"2015-10-20T09:41:48","modified_gmt":"2015-10-20T12:41:48","slug":"delegado-thiago-rocha-assume-o-comando-da-regional-de-capelinha","status":"publish","type":"post","link":"https:\/\/aconteceunovale.com.br\/portal\/?p=71299","title":{"rendered":"Delegado Thiago Rocha assume o comando da Regional de Capelinha"},"content":{"rendered":"<p>A solenidade de transmiss\u00e3o da chefia da 2\u00aa Delegacia Regional de Capelinha (14\u00ba Departamento) reuniu autoridades da institui\u00e7\u00e3o e da sociedade local na quinta-feira (15\/10\/2015).<\/p>\n<p>Na ocasi\u00e3o, o Delegado Geral de Pol\u00edcia R\u00f4mulo Quintino da Silva transmitiu o cargo ao Delegado de Pol\u00edcia Thiago Rocha Ferreira, que assumiu o comando da Delegacia Regional de Capelinha. O evento aconteceu no audit\u00f3rio da C\u00e2mara Municipal da cidade.<\/p>\n<p>A mesa composta para o evento contou com a presen\u00e7a do chefe de gabinete da Pol\u00edcia Civil, delegado-geral Ant\u00f4nio Carlos de Alvarenga Freitas, que representou o chefe da Pol\u00edcia Civil, delegado-geral Wanderson Gomes da Silva.<\/p>\n<p>Representantes dos poderes Executivo e Legislativo, Minist\u00e9rio P\u00fablico, o Chefe do 14\u00ba Departamento de Pol\u00edcia Civil\/Curvelo (Dr. Andr\u00e9 Pelli), o Chefe do 8\u00ba Departamento de Pol\u00edcia Civil\/Governador Valadares (Dr. R\u00f4mulo Quintino da Silva) e o comando da Pol\u00edcia Militar.<\/p>\n<p>A 2\u00aa Delegacia Regional de Pol\u00edcia Civil de Capelinha abrange 15 munic\u00edpios, distribu\u00eddos nas comarcas de Capelinha, Turmalina, Minas Novas e Itamarandiba.<\/p>\n<p><strong>Sobre o Delegado Empossado:<\/strong><\/p>\n<p>O titular da 2\u00aa Regional de Capelinha, Delegado Thiago Rocha Ferreira \u00e9 graduado em direito e p\u00f3s-graduado em Ci\u00eancias Criminais pela PUC Minas. Ingressou na Pol\u00edcia Civil como delegado em 2008, com primeira designa\u00e7\u00e3o para o munic\u00edpio de Patroc\u00ednio. Atuou tamb\u00e9m nos munic\u00edpios de \u00c1gua Boa, Ferros, Itabira e Bar\u00e3o de Cocais.<\/p>\n<p><strong>Fotos do evento:<\/strong><\/p>\n<p><img decoding=\"async\" src=\"http:\/\/aconteceunovale.com.br\/portal\/wp-content\/uploads\/2015\/10\/comando_depol_cap_1.jpg\" alt=\"\" \/><\/p>\n<p><img decoding=\"async\" src=\"http:\/\/aconteceunovale.com.br\/portal\/wp-content\/uploads\/2015\/10\/comando_depol_cap_2.jpg\" alt=\"\" \/><\/p>\n<p><img decoding=\"async\" src=\"http:\/\/aconteceunovale.com.br\/portal\/wp-content\/uploads\/2015\/10\/comando_depol_cap_3.jpg\" alt=\"\" \/><\/p>\n<p><img decoding=\"async\" src=\"http:\/\/aconteceunovale.com.br\/portal\/wp-content\/uploads\/2015\/10\/comando_depol_cap_4.jpg\" alt=\"\" \/><\/p>\n<p><img decoding=\"async\" src=\"http:\/\/aconteceunovale.com.br\/portal\/wp-content\/uploads\/2015\/10\/comando_depol_cap_5.jpg\" alt=\"\" \/><\/p>\n<p><em>(Fotos e informa\u00e7\u00f5es enviadas por Iruan Cardoso \/ Inspetor de Policia)<\/em><\/p>\n","protected":false},"excerpt":{"rendered":"<p>A solenidade de transmiss\u00e3o da chefia da 2\u00aa Delegacia Regional de Capelinha (14\u00ba Departamento) reuniu autoridades da institui\u00e7\u00e3o e da sociedade local na quinta-feira (15\/10\/2015). Na ocasi\u00e3o, o Delegado Geral de Pol\u00edcia R\u00f4mulo Quintino da Silva transmitiu o cargo ao Delegado de Pol\u00edcia Thiago Rocha Ferreira, que assumiu o comando da Delegacia Regional de Capelinha. [&hellip;]<\/p>\n","protected":false},"author":4,"featured_media":71301,"comment_status":"open","ping_status":"closed","sticky":false,"template":"","format":"standard","meta":{"amp_status":"","footnotes":""},"categories":[120],"tags":[130,1525,132,63550,63549,63548,63551,63547,3378,202,149,137,60116,178],"class_list":["post-71299","post","type-post","status-publish","format-standard","has-post-thumbnail","hentry","category-jequi","tag-agua-boa","tag-barao-de-cocais","tag-capelinha","tag-delegacia-regional-de-capelinha","tag-delegado-thiago-rocha","tag-delegado-thiago-rocha-assume-o-comando-da-regional-de-capelinha","tag-delegado-thiago-rocha-ferreira","tag-dr-thiago-rocha-assume-o-comando-da-delegacia-regional-de-capelinha","tag-ferros","tag-itabira","tag-itamarandiba","tag-minas-novas","tag-thiago-rocha-ferreira","tag-turmalina"],"_links":{"self":[{"href":"https:\/\/aconteceunovale.com.br\/portal\/index.php?rest_route=\/wp\/v2\/posts\/71299","targetHints":{"allow":["GET"]}}],"collection":[{"href":"https:\/\/aconteceunovale.com.br\/portal\/index.php?rest_route=\/wp\/v2\/posts"}],"about":[{"href":"https:\/\/aconteceunovale.com.br\/portal\/index.php?rest_route=\/wp\/v2\/types\/post"}],"author":[{"embeddable":true,"href":"https:\/\/aconteceunovale.com.br\/portal\/index.php?rest_route=\/wp\/v2\/users\/4"}],"replies":[{"embeddable":true,"href":"https:\/\/aconteceunovale.com.br\/portal\/index.php?rest_route=%2Fwp%2Fv2%2Fcomments&post=71299"}],"version-history":[{"count":0,"href":"https:\/\/aconteceunovale.com.br\/portal\/index.php?rest_route=\/wp\/v2\/posts\/71299\/revisions"}],"wp:featuredmedia":[{"embeddable":true,"href":"https:\/\/aconteceunovale.com.br\/portal\/index.php?rest_route=\/wp\/v2\/media\/71301"}],"wp:attachment":[{"href":"https:\/\/aconteceunovale.com.br\/portal\/index.php?rest_route=%2Fwp%2Fv2%2Fmedia&parent=71299"}],"wp:term":[{"taxonomy":"category","embeddable":true,"href":"https:\/\/aconteceunovale.com.br\/portal\/index.php?rest_route=%2Fwp%2Fv2%2Fcategories&post=71299"},{"taxonomy":"post_tag","embeddable":true,"href":"https:\/\/aconteceunovale.com.br\/portal\/index.php?rest_route=%2Fwp%2Fv2%2Ftags&post=71299"}],"curies":[{"name":"wp","href":"https:\/\/api.w.org\/{rel}","templated":true}]}}