{"id":71294,"date":"2015-10-20T08:58:51","date_gmt":"2015-10-20T11:58:51","guid":{"rendered":"http:\/\/aconteceunovale.com.br\/portal\/?p=71294"},"modified":"2015-10-20T08:58:51","modified_gmt":"2015-10-20T11:58:51","slug":"cemig-realiza-obras-de-melhoria-na-rede-eletrica-de-capelinha-5","status":"publish","type":"post","link":"https:\/\/aconteceunovale.com.br\/portal\/?p=71294","title":{"rendered":"Cemig realiza obras de melhoria na rede el\u00e9trica de Capelinha"},"content":{"rendered":"<p>A Companhia Energ\u00e9tica de Minas Gerais \u2013 Cemig informa que, na sexta-feira (23\/10), vai realizar obras de refor\u00e7o, com substitui\u00e7\u00e3o de transformador na Rede de Distribui\u00e7\u00e3o Urbana \u2013 RDU de Capelinha. <\/p>\n<p>Esta obra vai tornar a rede mais segura, garantindo uma maior confiabilidade no fornecimento de energia para a popula\u00e7\u00e3o, a ind\u00fastria e o com\u00e9rcio local, al\u00e9m de possibilitar o acr\u00e9scimo de novas cargas.<\/p>\n<p>Para executar esse trabalho com seguran\u00e7a, ser\u00e1 necess\u00e1rio interromper o fornecimento de energia de 8h \u00e0s 10h, nos seguintes endere\u00e7os:<\/p>\n<p>Avenida Geraldo Prisco, entre n\u00fameros 18 e 110, Centro<\/p>\n<p>Rua Turmalina, n\u00famero 39<\/p>\n<p>Rua Cl\u00f3vis P. Figueiredo, n\u00famero 90<\/p>\n<p>Rua Raul Coelho, entre n\u00fameros 20 e 87<\/p>\n<p>Rua das Flores, entre n\u00fameros 805 e 965<\/p>\n<p>Rua Santa Cec\u00edlia, entre n\u00fameros 15 e 82<\/p>\n<p>Rua Governador Valadares, entre n\u00fameros 200 e 518, Centro<\/p>\n<p>Rua Tamboril, entre n\u00fameros 57 e 154, Maria Lucia<\/p>\n<p>Durante esse per\u00edodo, caso precise executar algum servi\u00e7o na instala\u00e7\u00e3o el\u00e9trica interna, o consumidor dever\u00e1 desligar antes a chave geral (disjuntor) para sua seguran\u00e7a.<\/p>\n<p>A empresa esclarece que em fun\u00e7\u00e3o da complexidade dos servi\u00e7os a serem executados poder\u00e1 ocorrer atraso no hor\u00e1rio previsto ou cancelamento deste desligamento sem aviso pr\u00e9vio. Por medida de seguran\u00e7a todos os equipamentos devem ser considerados energizados durante o per\u00edodo mencionado. Caso os servi\u00e7os de melhoria sejam conclu\u00eddos antes do hor\u00e1rio indicado o fornecimento de energia el\u00e9trica ser\u00e1 restabelecido.<\/p>\n","protected":false},"excerpt":{"rendered":"<p>A Companhia Energ\u00e9tica de Minas Gerais \u2013 Cemig informa que, na sexta-feira (23\/10), vai realizar obras de refor\u00e7o, com substitui\u00e7\u00e3o de transformador na Rede de Distribui\u00e7\u00e3o Urbana \u2013 RDU de Capelinha. Esta obra vai tornar a rede mais segura, garantindo uma maior confiabilidade no fornecimento de energia para a popula\u00e7\u00e3o, a ind\u00fastria e o com\u00e9rcio [&hellip;]<\/p>\n","protected":false},"author":4,"featured_media":63386,"comment_status":"open","ping_status":"closed","sticky":false,"template":"","format":"standard","meta":{"amp_status":"","footnotes":""},"categories":[120],"tags":[51323,132,62221,63535,55641,7440,63534,51324],"class_list":["post-71294","post","type-post","status-publish","format-standard","has-post-thumbnail","hentry","category-jequi","tag-aviso-cemig-capelinha","tag-capelinha","tag-capelinha-aviso-cemig","tag-capelinha-cemig","tag-cemig-capelinha","tag-cemig-realiza-obras-de-melhoria-na-rede-eletrica-de-capelinha","tag-melhoria-na-rede-eletrica-de-capelinha","tag-obras-de-melhoria-na-rede-eletrica-de-capelinha"],"_links":{"self":[{"href":"https:\/\/aconteceunovale.com.br\/portal\/index.php?rest_route=\/wp\/v2\/posts\/71294","targetHints":{"allow":["GET"]}}],"collection":[{"href":"https:\/\/aconteceunovale.com.br\/portal\/index.php?rest_route=\/wp\/v2\/posts"}],"about":[{"href":"https:\/\/aconteceunovale.com.br\/portal\/index.php?rest_route=\/wp\/v2\/types\/post"}],"author":[{"embeddable":true,"href":"https:\/\/aconteceunovale.com.br\/portal\/index.php?rest_route=\/wp\/v2\/users\/4"}],"replies":[{"embeddable":true,"href":"https:\/\/aconteceunovale.com.br\/portal\/index.php?rest_route=%2Fwp%2Fv2%2Fcomments&post=71294"}],"version-history":[{"count":0,"href":"https:\/\/aconteceunovale.com.br\/portal\/index.php?rest_route=\/wp\/v2\/posts\/71294\/revisions"}],"wp:featuredmedia":[{"embeddable":true,"href":"https:\/\/aconteceunovale.com.br\/portal\/index.php?rest_route=\/wp\/v2\/media\/63386"}],"wp:attachment":[{"href":"https:\/\/aconteceunovale.com.br\/portal\/index.php?rest_route=%2Fwp%2Fv2%2Fmedia&parent=71294"}],"wp:term":[{"taxonomy":"category","embeddable":true,"href":"https:\/\/aconteceunovale.com.br\/portal\/index.php?rest_route=%2Fwp%2Fv2%2Fcategories&post=71294"},{"taxonomy":"post_tag","embeddable":true,"href":"https:\/\/aconteceunovale.com.br\/portal\/index.php?rest_route=%2Fwp%2Fv2%2Ftags&post=71294"}],"curies":[{"name":"wp","href":"https:\/\/api.w.org\/{rel}","templated":true}]}}