{"id":71292,"date":"2015-10-20T08:55:46","date_gmt":"2015-10-20T11:55:46","guid":{"rendered":"http:\/\/aconteceunovale.com.br\/portal\/?p=71292"},"modified":"2015-10-20T08:55:46","modified_gmt":"2015-10-20T11:55:46","slug":"plantao-do-samu-no-norte-de-minas-gerais-19-de-outubro-de-2015","status":"publish","type":"post","link":"https:\/\/aconteceunovale.com.br\/portal\/?p=71292","title":{"rendered":"Plant\u00e3o do Samu no Norte de Minas Gerais, 19 de outubro de 2015"},"content":{"rendered":"<h4><strong><em>Segunda-feira, 19 de outubro de 2015<\/em><\/strong><\/h4>\n<p>As unidades do SAMU realizaram na segunda-feira, 19\/10, em Montes Claros, 37 atendimentos, sendo 31 casos cl\u00ednicos; 5 pessoas feridas em acidentes de tr\u00e2nsito e uma queda de patins.<\/p>\n<p>\u00c0s 22h, a unidade do SAMU foi acionada para atendimento a um homem de 31 anos que caiu de patins na Avenida Deputado Esteves Rodrigues e se queixava de dor no ombro esquerdo.<\/p>\n<p>\u00c0s 15h40, um homem de 49 anos ficou ferido em um capotamento de ve\u00edculo (Fiesta) na MG-135, 12 quil\u00f4metros depois de Nova Esperan\u00e7a. Ele conduzia o ve\u00edculo e sofreu ferimentos no ombro direito.<\/p>\n<p>\u00c0s 10h30, duas pessoas ficaram feridas em uma colis\u00e3o entre motos na rua Gr\u00e3o Mogol, regi\u00e3o central de Montes Claros. A condutora de uma das motos, de 32 anos, apresentava escoria\u00e7\u00f5es no joelho esquerdo, sem suspeita de fratura. Uma mulher de 29 anos, que estava na garupa da moto, se queixava de dor na cabe\u00e7a.<\/p>\n<p>\u00c0s 9h, um homem de 35 anos ficou ferido em uma colis\u00e3o entre duas motos na Avenida das Am\u00e9ricas, bairro Dr. Jo\u00e3o Alves. Ele conduzia uma das motos e foi encontrado pelos socorristas deambulando no local, com relato de dor no ombro direito, sem sinais de fratura.<\/p>\n<p>\u00c0s 6h30, um homem de 30 anos ficou ferido em um acidente ocorrido na estrada rural entre Nova Esperan\u00e7a e Miralta. Ele estava no banco dianteiro do carro que colidiu no mata-burro, e se queixava de dor na cabe\u00e7a e apresentava ferimentos no bra\u00e7o direito.<\/p>\n<p>Em todas as ocorr\u00eancias os feridos receberam os primeiros atendimentos no local e foram encaminhados ao hospital para avalia\u00e7\u00e3o. (Jer\u00fasia Arruda)<\/p>\n","protected":false},"excerpt":{"rendered":"<p>Segunda-feira, 19 de outubro de 2015 As unidades do SAMU realizaram na segunda-feira, 19\/10, em Montes Claros, 37 atendimentos, sendo 31 casos cl\u00ednicos; 5 pessoas feridas em acidentes de tr\u00e2nsito e uma queda de patins. \u00c0s 22h, a unidade do SAMU foi acionada para atendimento a um homem de 31 anos que caiu de patins [&hellip;]<\/p>\n","protected":false},"author":4,"featured_media":58741,"comment_status":"open","ping_status":"closed","sticky":false,"template":"","format":"standard","meta":{"amp_status":"","footnotes":""},"categories":[1236],"tags":[63532,206036,210,24659,24089,18898,18108,63533,18629,21139,4040],"class_list":["post-71292","post","type-post","status-publish","format-standard","has-post-thumbnail","hentry","category-norte_de_minas","tag-19-de-outubro-de-2015","tag-jerusia-arruda","tag-montes-claros","tag-plantao-do-samu-de-montes-claros","tag-plantao-do-samu-do-norte-de-minas","tag-plantao-do-samu-macro-norte","tag-plantao-do-samu-no-norte-de-minas-gerais","tag-plantao-do-samu-no-norte-de-minas-gerais-19-de-outubro-de-2015","tag-samu-de-montes-claros","tag-samu-do-norte-de-minas","tag-samu-macro-norte"],"_links":{"self":[{"href":"https:\/\/aconteceunovale.com.br\/portal\/index.php?rest_route=\/wp\/v2\/posts\/71292","targetHints":{"allow":["GET"]}}],"collection":[{"href":"https:\/\/aconteceunovale.com.br\/portal\/index.php?rest_route=\/wp\/v2\/posts"}],"about":[{"href":"https:\/\/aconteceunovale.com.br\/portal\/index.php?rest_route=\/wp\/v2\/types\/post"}],"author":[{"embeddable":true,"href":"https:\/\/aconteceunovale.com.br\/portal\/index.php?rest_route=\/wp\/v2\/users\/4"}],"replies":[{"embeddable":true,"href":"https:\/\/aconteceunovale.com.br\/portal\/index.php?rest_route=%2Fwp%2Fv2%2Fcomments&post=71292"}],"version-history":[{"count":0,"href":"https:\/\/aconteceunovale.com.br\/portal\/index.php?rest_route=\/wp\/v2\/posts\/71292\/revisions"}],"wp:featuredmedia":[{"embeddable":true,"href":"https:\/\/aconteceunovale.com.br\/portal\/index.php?rest_route=\/wp\/v2\/media\/58741"}],"wp:attachment":[{"href":"https:\/\/aconteceunovale.com.br\/portal\/index.php?rest_route=%2Fwp%2Fv2%2Fmedia&parent=71292"}],"wp:term":[{"taxonomy":"category","embeddable":true,"href":"https:\/\/aconteceunovale.com.br\/portal\/index.php?rest_route=%2Fwp%2Fv2%2Fcategories&post=71292"},{"taxonomy":"post_tag","embeddable":true,"href":"https:\/\/aconteceunovale.com.br\/portal\/index.php?rest_route=%2Fwp%2Fv2%2Ftags&post=71292"}],"curies":[{"name":"wp","href":"https:\/\/api.w.org\/{rel}","templated":true}]}}