{"id":71270,"date":"2015-10-19T16:37:53","date_gmt":"2015-10-19T19:37:53","guid":{"rendered":"http:\/\/aconteceunovale.com.br\/portal\/?p=71270"},"modified":"2015-10-19T16:37:53","modified_gmt":"2015-10-19T19:37:53","slug":"inmet-coloca-regioes-de-minas-gerais-em-alerta-maximo-para-calor-e-seca","status":"publish","type":"post","link":"https:\/\/aconteceunovale.com.br\/portal\/?p=71270","title":{"rendered":"Inmet coloca regi\u00f5es de Minas Gerais em alerta m\u00e1ximo para calor e seca"},"content":{"rendered":"<p>O Instituto Nacional de Meteorologia (Inmet) emitiu hoje (19\/10\/2015) \u00e0 tarde alerta vermelho para as regi\u00f5es norte, leste e sul de Goi\u00e1s, incluindo o Distrito Federal, metade sul de Tocantins, al\u00e9m do oeste, noroeste e norte de Minas Gerais. Nesses locais, a umidade relativa do ar ficou abaixo de 12%.<\/p>\n<p>O alerta vermelho \u00e9 o mais alto e representa risco extremo de inc\u00eandios florestais e \u00e0 sa\u00fade da popula\u00e7\u00e3o. Nos estados de Mato Grosso, Maranh\u00e3o, Piau\u00ed, leste da Bahia e na regi\u00e3o central de Minas, o alerta \u00e9 laranja, com forte calor e a umidade variando entre 12% e 20%.<\/p>\n<p>Munic\u00edpios de Cear\u00e1, Rio Grande do Norte, Para\u00edba e Pernambuco seguem em alerta amarelo, com registro de \u00edndices de umidade entre 25% e 30%.<\/p>\n<p>De acordo com a Defesa Civil do Distrito Federal, os moradores das regi\u00f5es afetadas pela onda de seca e calor devem evitar atividades ao ar livre entre 10h e 16h.<\/p>\n<p>A Defesa Civil tamb\u00e9m recomenda a ingest\u00e3o de pelo menos dois litros de \u00e1gua por dia, o uso de umidificadores de ar, bacias com \u00e1gua ou toalhas molhadas em ambientes da casa, protetor solar e creme hidratante, refei\u00e7\u00f5es leves e cuidados especiais com crian\u00e7as e idosos.<\/p>\n<p>Para o Rio Grande do Sul, o Inmet lan\u00e7ou alerta amarelo, para o risco potencial de novas enchentes na regi\u00e3o e de queda de \u00e1rvores. O volume mais forte de chuva deve se concentrar no extremo sul do pa\u00eds.<\/p>\n<p>O n\u00edvel do Rio Gua\u00edba, que, no s\u00e1bado (17), subiu 2,94m acima do normal, o maior desde 1941, caiu para 2,71m na medi\u00e7\u00e3o eletr\u00f4nica realizada na manh\u00e3 desta segunda-feira. De acordo com a Defesa Civil estadual, mais de 140 mil ga\u00fachos j\u00e1 foram afetados pela chuva. (Ag\u00eancia Brasil)<\/p>\n","protected":false},"excerpt":{"rendered":"<p>O Instituto Nacional de Meteorologia (Inmet) emitiu hoje (19\/10\/2015) \u00e0 tarde alerta vermelho para as regi\u00f5es norte, leste e sul de Goi\u00e1s, incluindo o Distrito Federal, metade sul de Tocantins, al\u00e9m do oeste, noroeste e norte de Minas Gerais. Nesses locais, a umidade relativa do ar ficou abaixo de 12%. O alerta vermelho \u00e9 o [&hellip;]<\/p>\n","protected":false},"author":4,"featured_media":71271,"comment_status":"open","ping_status":"closed","sticky":false,"template":"","format":"standard","meta":{"amp_status":"","footnotes":""},"categories":[123],"tags":[43145,63495,63496,63498,63493,63494,63399,63497,63499,54659,63492,144,11662,31021],"class_list":["post-71270","post","type-post","status-publish","format-standard","has-post-thumbnail","hentry","category-gerais","tag-alerta","tag-alerta-calor-em-minas-gerais","tag-alerta-calor-minas-gerais","tag-alerta-inmet-minas-gerais","tag-alerta-maximo-para-calor-e-seca","tag-alerta-seca-minas-gerais","tag-calor","tag-calor-em-minas-gerais","tag-centro-oeste","tag-inmet","tag-inmet-coloca-regioes-de-minas-gerais-em-alerta-maximo-para-calor-e-seca","tag-seca","tag-seca-em-minas-gerais","tag-seca-no-brasil"],"yoast_head":"<!-- This site is optimized with the Yoast SEO plugin v28.3 - https:\/\/yoast.com\/product\/yoast-seo-wordpress\/ -->\n<title>Inmet coloca regi\u00f5es de Minas Gerais em alerta m\u00e1ximo para calor e seca - Aconteceu no Vale<\/title>\n<meta name=\"robots\" content=\"index, follow, max-snippet:-1, max-image-preview:large, max-video-preview:-1\" \/>\n<link rel=\"canonical\" href=\"https:\/\/aconteceunovale.com.br\/portal\/?p=71270\" \/>\n<meta property=\"og:locale\" content=\"pt_BR\" \/>\n<meta property=\"og:type\" content=\"article\" \/>\n<meta property=\"og:title\" content=\"Inmet coloca regi\u00f5es de Minas Gerais em alerta m\u00e1ximo para calor e seca - Aconteceu no Vale\" \/>\n<meta property=\"og:description\" content=\"O Instituto Nacional de Meteorologia (Inmet) emitiu hoje (19\/10\/2015) \u00e0 tarde alerta vermelho para as regi\u00f5es norte, leste e sul de Goi\u00e1s, incluindo o Distrito Federal, metade sul de Tocantins, al\u00e9m do oeste, noroeste e norte de Minas Gerais. Nesses locais, a umidade relativa do ar ficou abaixo de 12%. O alerta vermelho \u00e9 o [&hellip;]\" \/>\n<meta property=\"og:url\" content=\"https:\/\/aconteceunovale.com.br\/portal\/?p=71270\" \/>\n<meta property=\"og:site_name\" content=\"Aconteceu no Vale\" \/>\n<meta property=\"article:publisher\" content=\"https:\/\/www.facebook.com\/aconteceunovale\/\" \/>\n<meta property=\"article:published_time\" content=\"2015-10-19T19:37:53+00:00\" \/>\n<meta property=\"og:image\" content=\"https:\/\/aconteceunovale.com.br\/portal\/wp-content\/uploads\/2015\/10\/alerta_calor_mg.jpg\" \/>\n\t<meta property=\"og:image:width\" content=\"580\" \/>\n\t<meta property=\"og:image:height\" content=\"388\" \/>\n\t<meta property=\"og:image:type\" content=\"image\/jpeg\" \/>\n<meta name=\"author\" content=\"Reda\u00e7\u00e3o Aconteceu no Vale\" \/>\n<meta name=\"twitter:card\" content=\"summary_large_image\" \/>\n<meta name=\"twitter:creator\" content=\"@noticiadosvales\" \/>\n<meta name=\"twitter:site\" content=\"@noticiadosvales\" \/>\n<meta name=\"twitter:label1\" content=\"Escrito por\" \/>\n\t<meta name=\"twitter:data1\" content=\"Reda\u00e7\u00e3o Aconteceu no Vale\" \/>\n\t<meta name=\"twitter:label2\" content=\"Est. tempo de leitura\" \/>\n\t<meta name=\"twitter:data2\" content=\"1 minuto\" \/>\n<script type=\"application\/ld+json\" class=\"yoast-schema-graph\">{\"@context\":\"https:\\\/\\\/schema.org\",\"@graph\":[{\"@type\":\"Article\",\"@id\":\"https:\\\/\\\/aconteceunovale.com.br\\\/portal\\\/?p=71270#article\",\"isPartOf\":{\"@id\":\"https:\\\/\\\/aconteceunovale.com.br\\\/portal\\\/?p=71270\"},\"author\":{\"name\":\"Reda\u00e7\u00e3o Aconteceu no Vale\",\"@id\":\"https:\\\/\\\/aconteceunovale.com.br\\\/portal\\\/#\\\/schema\\\/person\\\/7d2f26d1483f8a63de73da1ee0754d35\"},\"headline\":\"Inmet coloca regi\u00f5es de Minas Gerais em alerta m\u00e1ximo para calor e seca\",\"datePublished\":\"2015-10-19T19:37:53+00:00\",\"mainEntityOfPage\":{\"@id\":\"https:\\\/\\\/aconteceunovale.com.br\\\/portal\\\/?p=71270\"},\"wordCount\":314,\"commentCount\":0,\"image\":{\"@id\":\"https:\\\/\\\/aconteceunovale.com.br\\\/portal\\\/?p=71270#primaryimage\"},\"thumbnailUrl\":\"https:\\\/\\\/aconteceunovale.com.br\\\/portal\\\/wp-content\\\/uploads\\\/2015\\\/10\\\/alerta_calor_mg.jpg\",\"keywords\":[\"alerta\",\"alerta calor em minas gerais\",\"alerta calor minas gerais\",\"alerta inmet minas gerais\",\"alerta m\u00e1ximo para calor e seca\",\"alerta seca minas gerais\",\"calor\",\"calor em minas gerais\",\"Centro-Oeste\",\"Inmet\",\"Inmet coloca regi\u00f5es de Minas Gerais em alerta m\u00e1ximo para calor e seca\",\"Seca\",\"seca em minas gerais\",\"seca no brasil\"],\"articleSection\":[\"Minas Gerais\"],\"inLanguage\":\"pt-BR\",\"potentialAction\":[{\"@type\":\"CommentAction\",\"name\":\"Comment\",\"target\":[\"https:\\\/\\\/aconteceunovale.com.br\\\/portal\\\/?p=71270#respond\"]}]},{\"@type\":\"WebPage\",\"@id\":\"https:\\\/\\\/aconteceunovale.com.br\\\/portal\\\/?p=71270\",\"url\":\"https:\\\/\\\/aconteceunovale.com.br\\\/portal\\\/?p=71270\",\"name\":\"Inmet coloca regi\u00f5es de Minas Gerais em alerta m\u00e1ximo para calor e seca - Aconteceu no Vale\",\"isPartOf\":{\"@id\":\"https:\\\/\\\/aconteceunovale.com.br\\\/portal\\\/#website\"},\"primaryImageOfPage\":{\"@id\":\"https:\\\/\\\/aconteceunovale.com.br\\\/portal\\\/?p=71270#primaryimage\"},\"image\":{\"@id\":\"https:\\\/\\\/aconteceunovale.com.br\\\/portal\\\/?p=71270#primaryimage\"},\"thumbnailUrl\":\"https:\\\/\\\/aconteceunovale.com.br\\\/portal\\\/wp-content\\\/uploads\\\/2015\\\/10\\\/alerta_calor_mg.jpg\",\"datePublished\":\"2015-10-19T19:37:53+00:00\",\"author\":{\"@id\":\"https:\\\/\\\/aconteceunovale.com.br\\\/portal\\\/#\\\/schema\\\/person\\\/7d2f26d1483f8a63de73da1ee0754d35\"},\"breadcrumb\":{\"@id\":\"https:\\\/\\\/aconteceunovale.com.br\\\/portal\\\/?p=71270#breadcrumb\"},\"inLanguage\":\"pt-BR\",\"potentialAction\":[{\"@type\":\"ReadAction\",\"target\":[\"https:\\\/\\\/aconteceunovale.com.br\\\/portal\\\/?p=71270\"]}]},{\"@type\":\"ImageObject\",\"inLanguage\":\"pt-BR\",\"@id\":\"https:\\\/\\\/aconteceunovale.com.br\\\/portal\\\/?p=71270#primaryimage\",\"url\":\"https:\\\/\\\/aconteceunovale.com.br\\\/portal\\\/wp-content\\\/uploads\\\/2015\\\/10\\\/alerta_calor_mg.jpg\",\"contentUrl\":\"https:\\\/\\\/aconteceunovale.com.br\\\/portal\\\/wp-content\\\/uploads\\\/2015\\\/10\\\/alerta_calor_mg.jpg\",\"width\":580,\"height\":388},{\"@type\":\"BreadcrumbList\",\"@id\":\"https:\\\/\\\/aconteceunovale.com.br\\\/portal\\\/?p=71270#breadcrumb\",\"itemListElement\":[{\"@type\":\"ListItem\",\"position\":1,\"name\":\"In\u00edcio\",\"item\":\"https:\\\/\\\/aconteceunovale.com.br\\\/portal\\\/\"},{\"@type\":\"ListItem\",\"position\":2,\"name\":\"Inmet coloca regi\u00f5es de Minas Gerais em alerta m\u00e1ximo para calor e seca\"}]},{\"@type\":\"WebSite\",\"@id\":\"https:\\\/\\\/aconteceunovale.com.br\\\/portal\\\/#website\",\"url\":\"https:\\\/\\\/aconteceunovale.com.br\\\/portal\\\/\",\"name\":\"Aconteceu no Vale\",\"description\":\"Portal de Not\u00edcias\",\"potentialAction\":[{\"@type\":\"SearchAction\",\"target\":{\"@type\":\"EntryPoint\",\"urlTemplate\":\"https:\\\/\\\/aconteceunovale.com.br\\\/portal\\\/?s={search_term_string}\"},\"query-input\":{\"@type\":\"PropertyValueSpecification\",\"valueRequired\":true,\"valueName\":\"search_term_string\"}}],\"inLanguage\":\"pt-BR\"},{\"@type\":\"Person\",\"@id\":\"https:\\\/\\\/aconteceunovale.com.br\\\/portal\\\/#\\\/schema\\\/person\\\/7d2f26d1483f8a63de73da1ee0754d35\",\"name\":\"Reda\u00e7\u00e3o Aconteceu no Vale\",\"description\":\"Equipe de reportagem do Aconteceu no Vale, portal de not\u00edcias do Vale do Jequitinhonha, em Minas Gerais. Cobrimos as 51 cidades do Vale desde 2013. Sugest\u00f5es de pauta e pedidos de corre\u00e7\u00e3o: contato@aconteceunovale.com.br\",\"url\":\"https:\\\/\\\/aconteceunovale.com.br\\\/portal\\\/?author=4\"}]}<\/script>\n<!-- \/ Yoast SEO plugin. -->","yoast_head_json":{"title":"Inmet coloca regi\u00f5es de Minas Gerais em alerta m\u00e1ximo para calor e seca - Aconteceu no Vale","robots":{"index":"index","follow":"follow","max-snippet":"max-snippet:-1","max-image-preview":"max-image-preview:large","max-video-preview":"max-video-preview:-1"},"canonical":"https:\/\/aconteceunovale.com.br\/portal\/?p=71270","og_locale":"pt_BR","og_type":"article","og_title":"Inmet coloca regi\u00f5es de Minas Gerais em alerta m\u00e1ximo para calor e seca - Aconteceu no Vale","og_description":"O Instituto Nacional de Meteorologia (Inmet) emitiu hoje (19\/10\/2015) \u00e0 tarde alerta vermelho para as regi\u00f5es norte, leste e sul de Goi\u00e1s, incluindo o Distrito Federal, metade sul de Tocantins, al\u00e9m do oeste, noroeste e norte de Minas Gerais. Nesses locais, a umidade relativa do ar ficou abaixo de 12%. O alerta vermelho \u00e9 o [&hellip;]","og_url":"https:\/\/aconteceunovale.com.br\/portal\/?p=71270","og_site_name":"Aconteceu no Vale","article_publisher":"https:\/\/www.facebook.com\/aconteceunovale\/","article_published_time":"2015-10-19T19:37:53+00:00","og_image":[{"width":580,"height":388,"url":"https:\/\/aconteceunovale.com.br\/portal\/wp-content\/uploads\/2015\/10\/alerta_calor_mg.jpg","type":"image\/jpeg"}],"author":"Reda\u00e7\u00e3o Aconteceu no Vale","twitter_card":"summary_large_image","twitter_creator":"@noticiadosvales","twitter_site":"@noticiadosvales","twitter_misc":{"Escrito por":"Reda\u00e7\u00e3o Aconteceu no Vale","Est. tempo de leitura":"1 minuto"},"schema":{"@context":"https:\/\/schema.org","@graph":[{"@type":"Article","@id":"https:\/\/aconteceunovale.com.br\/portal\/?p=71270#article","isPartOf":{"@id":"https:\/\/aconteceunovale.com.br\/portal\/?p=71270"},"author":{"name":"Reda\u00e7\u00e3o Aconteceu no Vale","@id":"https:\/\/aconteceunovale.com.br\/portal\/#\/schema\/person\/7d2f26d1483f8a63de73da1ee0754d35"},"headline":"Inmet coloca regi\u00f5es de Minas Gerais em alerta m\u00e1ximo para calor e seca","datePublished":"2015-10-19T19:37:53+00:00","mainEntityOfPage":{"@id":"https:\/\/aconteceunovale.com.br\/portal\/?p=71270"},"wordCount":314,"commentCount":0,"image":{"@id":"https:\/\/aconteceunovale.com.br\/portal\/?p=71270#primaryimage"},"thumbnailUrl":"https:\/\/aconteceunovale.com.br\/portal\/wp-content\/uploads\/2015\/10\/alerta_calor_mg.jpg","keywords":["alerta","alerta calor em minas gerais","alerta calor minas gerais","alerta inmet minas gerais","alerta m\u00e1ximo para calor e seca","alerta seca minas gerais","calor","calor em minas gerais","Centro-Oeste","Inmet","Inmet coloca regi\u00f5es de Minas Gerais em alerta m\u00e1ximo para calor e seca","Seca","seca em minas gerais","seca no brasil"],"articleSection":["Minas Gerais"],"inLanguage":"pt-BR","potentialAction":[{"@type":"CommentAction","name":"Comment","target":["https:\/\/aconteceunovale.com.br\/portal\/?p=71270#respond"]}]},{"@type":"WebPage","@id":"https:\/\/aconteceunovale.com.br\/portal\/?p=71270","url":"https:\/\/aconteceunovale.com.br\/portal\/?p=71270","name":"Inmet coloca regi\u00f5es de Minas Gerais em alerta m\u00e1ximo para calor e seca - Aconteceu no Vale","isPartOf":{"@id":"https:\/\/aconteceunovale.com.br\/portal\/#website"},"primaryImageOfPage":{"@id":"https:\/\/aconteceunovale.com.br\/portal\/?p=71270#primaryimage"},"image":{"@id":"https:\/\/aconteceunovale.com.br\/portal\/?p=71270#primaryimage"},"thumbnailUrl":"https:\/\/aconteceunovale.com.br\/portal\/wp-content\/uploads\/2015\/10\/alerta_calor_mg.jpg","datePublished":"2015-10-19T19:37:53+00:00","author":{"@id":"https:\/\/aconteceunovale.com.br\/portal\/#\/schema\/person\/7d2f26d1483f8a63de73da1ee0754d35"},"breadcrumb":{"@id":"https:\/\/aconteceunovale.com.br\/portal\/?p=71270#breadcrumb"},"inLanguage":"pt-BR","potentialAction":[{"@type":"ReadAction","target":["https:\/\/aconteceunovale.com.br\/portal\/?p=71270"]}]},{"@type":"ImageObject","inLanguage":"pt-BR","@id":"https:\/\/aconteceunovale.com.br\/portal\/?p=71270#primaryimage","url":"https:\/\/aconteceunovale.com.br\/portal\/wp-content\/uploads\/2015\/10\/alerta_calor_mg.jpg","contentUrl":"https:\/\/aconteceunovale.com.br\/portal\/wp-content\/uploads\/2015\/10\/alerta_calor_mg.jpg","width":580,"height":388},{"@type":"BreadcrumbList","@id":"https:\/\/aconteceunovale.com.br\/portal\/?p=71270#breadcrumb","itemListElement":[{"@type":"ListItem","position":1,"name":"In\u00edcio","item":"https:\/\/aconteceunovale.com.br\/portal\/"},{"@type":"ListItem","position":2,"name":"Inmet coloca regi\u00f5es de Minas Gerais em alerta m\u00e1ximo para calor e seca"}]},{"@type":"WebSite","@id":"https:\/\/aconteceunovale.com.br\/portal\/#website","url":"https:\/\/aconteceunovale.com.br\/portal\/","name":"Aconteceu no Vale","description":"Portal de Not\u00edcias","potentialAction":[{"@type":"SearchAction","target":{"@type":"EntryPoint","urlTemplate":"https:\/\/aconteceunovale.com.br\/portal\/?s={search_term_string}"},"query-input":{"@type":"PropertyValueSpecification","valueRequired":true,"valueName":"search_term_string"}}],"inLanguage":"pt-BR"},{"@type":"Person","@id":"https:\/\/aconteceunovale.com.br\/portal\/#\/schema\/person\/7d2f26d1483f8a63de73da1ee0754d35","name":"Reda\u00e7\u00e3o Aconteceu no Vale","description":"Equipe de reportagem do Aconteceu no Vale, portal de not\u00edcias do Vale do Jequitinhonha, em Minas Gerais. Cobrimos as 51 cidades do Vale desde 2013. Sugest\u00f5es de pauta e pedidos de corre\u00e7\u00e3o: contato@aconteceunovale.com.br","url":"https:\/\/aconteceunovale.com.br\/portal\/?author=4"}]}},"_links":{"self":[{"href":"https:\/\/aconteceunovale.com.br\/portal\/index.php?rest_route=\/wp\/v2\/posts\/71270","targetHints":{"allow":["GET"]}}],"collection":[{"href":"https:\/\/aconteceunovale.com.br\/portal\/index.php?rest_route=\/wp\/v2\/posts"}],"about":[{"href":"https:\/\/aconteceunovale.com.br\/portal\/index.php?rest_route=\/wp\/v2\/types\/post"}],"author":[{"embeddable":true,"href":"https:\/\/aconteceunovale.com.br\/portal\/index.php?rest_route=\/wp\/v2\/users\/4"}],"replies":[{"embeddable":true,"href":"https:\/\/aconteceunovale.com.br\/portal\/index.php?rest_route=%2Fwp%2Fv2%2Fcomments&post=71270"}],"version-history":[{"count":0,"href":"https:\/\/aconteceunovale.com.br\/portal\/index.php?rest_route=\/wp\/v2\/posts\/71270\/revisions"}],"wp:featuredmedia":[{"embeddable":true,"href":"https:\/\/aconteceunovale.com.br\/portal\/index.php?rest_route=\/wp\/v2\/media\/71271"}],"wp:attachment":[{"href":"https:\/\/aconteceunovale.com.br\/portal\/index.php?rest_route=%2Fwp%2Fv2%2Fmedia&parent=71270"}],"wp:term":[{"taxonomy":"category","embeddable":true,"href":"https:\/\/aconteceunovale.com.br\/portal\/index.php?rest_route=%2Fwp%2Fv2%2Fcategories&post=71270"},{"taxonomy":"post_tag","embeddable":true,"href":"https:\/\/aconteceunovale.com.br\/portal\/index.php?rest_route=%2Fwp%2Fv2%2Ftags&post=71270"}],"curies":[{"name":"wp","href":"https:\/\/api.w.org\/{rel}","templated":true}]}}