{"id":71267,"date":"2015-10-19T16:32:26","date_gmt":"2015-10-19T19:32:26","guid":{"rendered":"http:\/\/aconteceunovale.com.br\/portal\/?p=71267"},"modified":"2015-10-19T16:32:26","modified_gmt":"2015-10-19T19:32:26","slug":"escolas-particulares-poderao-perder-ate-12-dos-alunos-em-2016","status":"publish","type":"post","link":"https:\/\/aconteceunovale.com.br\/portal\/?p=71267","title":{"rendered":"Escolas particulares poder\u00e3o perder at\u00e9 12% dos alunos em 2016"},"content":{"rendered":"<p>As escolas particulares poder\u00e3o perder de 10% a 12% das matr\u00edculas em 2016, segundo estimativa da Federa\u00e7\u00e3o Nacional das Escolas Particulares (Fenep). Com a crise econ\u00f4mica, os pais ou respons\u00e1veis est\u00e3o com dificuldades para pagar as mensalidades.<\/p>\n<p>Essa semana a Serasa Experian divulgou que a inadimpl\u00eancia dos alunos de institui\u00e7\u00f5es particulares de ensino fundamental, m\u00e9dio e superior no pa\u00eds aumentou 22,6% no primeiro semestre de 2015 em compara\u00e7\u00e3o com o mesmo per\u00edodo do ano anterior. Essa foi a maior alta, em um primeiro semestre, desde 2012. Considerando apenas as escolas de ensino fundamental e m\u00e9dio, a inadimpl\u00eancia aumentou 27,2% nos primeiros seis meses de 2015 em rela\u00e7\u00e3o ao mesmo per\u00edodo de 2014.<\/p>\n<p>&#8220;A gente imagina que [a migra\u00e7\u00e3o] vai pegar as escolas onde est\u00e3o as classes C e D, que s\u00e3o as escolas que mais cresceram nos \u00faltimos anos&#8221;, disse a diretora da Fenep, Am\u00e1bile Pacios. Segundo ela, esses alunos dever\u00e3o trocar o ensino particular pelo p\u00fablico.<\/p>\n<p>As mudan\u00e7as j\u00e1 come\u00e7aram este ano. No m\u00eas passado uma pesquisa do  Ibope Intelig\u00eancia para a Confedera\u00e7\u00e3o Nacional da Ind\u00fastria (CNI) mostrou que a crise econ\u00f4mica levou 13% dos entrevistados a trocar os filhos de escola privada para escola p\u00fablica de junho de 2014 a junho deste ano. A pesquisa foi feita entre os dias 18 e 21 de junho de 2015, com 2.002 pessoas de 16 anos ou mais. A margem de erro \u00e9 de 2 pontos percentuais para mais ou para menos.<\/p>\n<p>Em rela\u00e7\u00e3o \u00e0s mensalidades do ano que vem, Am\u00e1bile informou que a Fenep n\u00e3o tem uma m\u00e9dia nacional das altas. Segundo ela, como as escolas s\u00f3 podem decidir o ajuste uma vez por ano, aumentos no custeio que ocorreram em 2015 dever\u00e3o ser incorporados, al\u00e9m de reajustes nos sal\u00e1rios dos professores previstos para o pr\u00f3ximo ano.<\/p>\n<p>&#8220;A gente sabe que quem tem alguma gordura (no or\u00e7amento), que s\u00e3o poucas escolas, e que podem poupar o aumento, v\u00e3o poupar, mas a maioria vai fazer o reajuste dentro das planilhas&#8221;, disse. De acordo com Am\u00e1bile, a situa\u00e7\u00e3o das fam\u00edlias que a escola atende dever\u00e3o ser consideradas na hora do reajuste.<\/p>\n<p>Quanto aos valores devidos, Am\u00e1bile diz que cabe aos pais e a dire\u00e7\u00e3o da escola renegociarem as d\u00edvidas, mas que isso varia de escola para escola.  &#8220;A inadimpl\u00eancia sempre foi renegociada, mas isso tem que ser individualmente com a fam\u00edlia e o gestor da escola. Isso sempre acontece e acontece esse ano tamb\u00e9m&#8221;, explicou. <\/p>\n<p>As escolas particulares concentram 9,1 milh\u00f5es de matr\u00edculas, que equivalem a pouco mais de 18% das 49,8 milh\u00f5es de matr\u00edculas na educa\u00e7\u00e3o b\u00e1sica, segundo o \u00faltimo Censo Escolar, de 2014, do Instituto Nacional de Estudos e Pesquisas Educacionais An\u00edsio Teixeira (Inep). (Ag\u00eancia Brasil)<\/p>\n","protected":false},"excerpt":{"rendered":"<p>As escolas particulares poder\u00e3o perder de 10% a 12% das matr\u00edculas em 2016, segundo estimativa da Federa\u00e7\u00e3o Nacional das Escolas Particulares (Fenep). Com a crise econ\u00f4mica, os pais ou respons\u00e1veis est\u00e3o com dificuldades para pagar as mensalidades. Essa semana a Serasa Experian divulgou que a inadimpl\u00eancia dos alunos de institui\u00e7\u00f5es particulares de ensino fundamental, m\u00e9dio [&hellip;]<\/p>\n","protected":false},"author":4,"featured_media":71268,"comment_status":"open","ping_status":"closed","sticky":false,"template":"","format":"standard","meta":{"amp_status":"","footnotes":""},"categories":[6,40238],"tags":[37083,63491,37085,63489,63486,63490,63487,63488],"class_list":["post-71267","post","type-post","status-publish","format-standard","has-post-thumbnail","hentry","category-br","category-educacao-2","tag-crise-economica","tag-crise-economica-nas-escolas-particulares","tag-crise-economica-no-brasil","tag-escolas-particulares","tag-escolas-particulares-estimam-que-ate-12-dos-alunos-migrem-para-a-rede-publica","tag-escolas-particulares-poderao-perder-ate-12-dos-alunos-em-2016","tag-migracao-de-escolas-particulares-para-publicas","tag-migracao-escolas"],"yoast_head":"<!-- This site is optimized with the Yoast SEO plugin v28.3 - https:\/\/yoast.com\/product\/yoast-seo-wordpress\/ -->\n<title>Escolas particulares poder\u00e3o perder at\u00e9 12% dos alunos em 2016 - Aconteceu no Vale<\/title>\n<meta name=\"robots\" content=\"index, follow, max-snippet:-1, max-image-preview:large, max-video-preview:-1\" \/>\n<link rel=\"canonical\" href=\"https:\/\/aconteceunovale.com.br\/portal\/?p=71267\" \/>\n<meta property=\"og:locale\" content=\"pt_BR\" \/>\n<meta property=\"og:type\" content=\"article\" \/>\n<meta property=\"og:title\" content=\"Escolas particulares poder\u00e3o perder at\u00e9 12% dos alunos em 2016 - Aconteceu no Vale\" \/>\n<meta property=\"og:description\" content=\"As escolas particulares poder\u00e3o perder de 10% a 12% das matr\u00edculas em 2016, segundo estimativa da Federa\u00e7\u00e3o Nacional das Escolas Particulares (Fenep). Com a crise econ\u00f4mica, os pais ou respons\u00e1veis est\u00e3o com dificuldades para pagar as mensalidades. Essa semana a Serasa Experian divulgou que a inadimpl\u00eancia dos alunos de institui\u00e7\u00f5es particulares de ensino fundamental, m\u00e9dio [&hellip;]\" \/>\n<meta property=\"og:url\" content=\"https:\/\/aconteceunovale.com.br\/portal\/?p=71267\" \/>\n<meta property=\"og:site_name\" content=\"Aconteceu no Vale\" \/>\n<meta property=\"article:publisher\" content=\"https:\/\/www.facebook.com\/aconteceunovale\/\" \/>\n<meta property=\"article:published_time\" content=\"2015-10-19T19:32:26+00:00\" \/>\n<meta property=\"og:image\" content=\"https:\/\/aconteceunovale.com.br\/portal\/wp-content\/uploads\/2015\/10\/educacao_crise.jpg\" \/>\n\t<meta property=\"og:image:width\" content=\"480\" \/>\n\t<meta property=\"og:image:height\" content=\"274\" \/>\n\t<meta property=\"og:image:type\" content=\"image\/jpeg\" \/>\n<meta name=\"author\" content=\"Reda\u00e7\u00e3o Aconteceu no Vale\" \/>\n<meta name=\"twitter:card\" content=\"summary_large_image\" \/>\n<meta name=\"twitter:creator\" content=\"@noticiadosvales\" \/>\n<meta name=\"twitter:site\" content=\"@noticiadosvales\" \/>\n<meta name=\"twitter:label1\" content=\"Escrito por\" \/>\n\t<meta name=\"twitter:data1\" content=\"Reda\u00e7\u00e3o Aconteceu no Vale\" \/>\n\t<meta name=\"twitter:label2\" content=\"Est. tempo de leitura\" \/>\n\t<meta name=\"twitter:data2\" content=\"2 minutos\" \/>\n<script type=\"application\/ld+json\" class=\"yoast-schema-graph\">{\"@context\":\"https:\\\/\\\/schema.org\",\"@graph\":[{\"@type\":\"Article\",\"@id\":\"https:\\\/\\\/aconteceunovale.com.br\\\/portal\\\/?p=71267#article\",\"isPartOf\":{\"@id\":\"https:\\\/\\\/aconteceunovale.com.br\\\/portal\\\/?p=71267\"},\"author\":{\"name\":\"Reda\u00e7\u00e3o Aconteceu no Vale\",\"@id\":\"https:\\\/\\\/aconteceunovale.com.br\\\/portal\\\/#\\\/schema\\\/person\\\/7d2f26d1483f8a63de73da1ee0754d35\"},\"headline\":\"Escolas particulares poder\u00e3o perder at\u00e9 12% dos alunos em 2016\",\"datePublished\":\"2015-10-19T19:32:26+00:00\",\"mainEntityOfPage\":{\"@id\":\"https:\\\/\\\/aconteceunovale.com.br\\\/portal\\\/?p=71267\"},\"wordCount\":491,\"commentCount\":0,\"image\":{\"@id\":\"https:\\\/\\\/aconteceunovale.com.br\\\/portal\\\/?p=71267#primaryimage\"},\"thumbnailUrl\":\"https:\\\/\\\/aconteceunovale.com.br\\\/portal\\\/wp-content\\\/uploads\\\/2015\\\/10\\\/educacao_crise.jpg\",\"keywords\":[\"crise econ\u00f4mica\",\"crise econ\u00f4mica nas Escolas particulares\",\"crise econ\u00f4mica no Brasil\",\"escolas particulares\",\"Escolas particulares estimam que at\u00e9 12% dos alunos migrem para a rede p\u00fablica\",\"Escolas particulares poder\u00e3o perder at\u00e9 12% dos alunos em 2016\",\"migra\u00e7\u00e3o de escolas particulares para p\u00fablicas\",\"migra\u00e7\u00e3o escolas\"],\"articleSection\":[\"Brasil\",\"Educa\u00e7\u00e3o\"],\"inLanguage\":\"pt-BR\",\"potentialAction\":[{\"@type\":\"CommentAction\",\"name\":\"Comment\",\"target\":[\"https:\\\/\\\/aconteceunovale.com.br\\\/portal\\\/?p=71267#respond\"]}]},{\"@type\":\"WebPage\",\"@id\":\"https:\\\/\\\/aconteceunovale.com.br\\\/portal\\\/?p=71267\",\"url\":\"https:\\\/\\\/aconteceunovale.com.br\\\/portal\\\/?p=71267\",\"name\":\"Escolas particulares poder\u00e3o perder at\u00e9 12% dos alunos em 2016 - Aconteceu no Vale\",\"isPartOf\":{\"@id\":\"https:\\\/\\\/aconteceunovale.com.br\\\/portal\\\/#website\"},\"primaryImageOfPage\":{\"@id\":\"https:\\\/\\\/aconteceunovale.com.br\\\/portal\\\/?p=71267#primaryimage\"},\"image\":{\"@id\":\"https:\\\/\\\/aconteceunovale.com.br\\\/portal\\\/?p=71267#primaryimage\"},\"thumbnailUrl\":\"https:\\\/\\\/aconteceunovale.com.br\\\/portal\\\/wp-content\\\/uploads\\\/2015\\\/10\\\/educacao_crise.jpg\",\"datePublished\":\"2015-10-19T19:32:26+00:00\",\"author\":{\"@id\":\"https:\\\/\\\/aconteceunovale.com.br\\\/portal\\\/#\\\/schema\\\/person\\\/7d2f26d1483f8a63de73da1ee0754d35\"},\"breadcrumb\":{\"@id\":\"https:\\\/\\\/aconteceunovale.com.br\\\/portal\\\/?p=71267#breadcrumb\"},\"inLanguage\":\"pt-BR\",\"potentialAction\":[{\"@type\":\"ReadAction\",\"target\":[\"https:\\\/\\\/aconteceunovale.com.br\\\/portal\\\/?p=71267\"]}]},{\"@type\":\"ImageObject\",\"inLanguage\":\"pt-BR\",\"@id\":\"https:\\\/\\\/aconteceunovale.com.br\\\/portal\\\/?p=71267#primaryimage\",\"url\":\"https:\\\/\\\/aconteceunovale.com.br\\\/portal\\\/wp-content\\\/uploads\\\/2015\\\/10\\\/educacao_crise.jpg\",\"contentUrl\":\"https:\\\/\\\/aconteceunovale.com.br\\\/portal\\\/wp-content\\\/uploads\\\/2015\\\/10\\\/educacao_crise.jpg\",\"width\":480,\"height\":274},{\"@type\":\"BreadcrumbList\",\"@id\":\"https:\\\/\\\/aconteceunovale.com.br\\\/portal\\\/?p=71267#breadcrumb\",\"itemListElement\":[{\"@type\":\"ListItem\",\"position\":1,\"name\":\"In\u00edcio\",\"item\":\"https:\\\/\\\/aconteceunovale.com.br\\\/portal\\\/\"},{\"@type\":\"ListItem\",\"position\":2,\"name\":\"Escolas particulares poder\u00e3o perder at\u00e9 12% dos alunos em 2016\"}]},{\"@type\":\"WebSite\",\"@id\":\"https:\\\/\\\/aconteceunovale.com.br\\\/portal\\\/#website\",\"url\":\"https:\\\/\\\/aconteceunovale.com.br\\\/portal\\\/\",\"name\":\"Aconteceu no Vale\",\"description\":\"Portal de Not\u00edcias\",\"potentialAction\":[{\"@type\":\"SearchAction\",\"target\":{\"@type\":\"EntryPoint\",\"urlTemplate\":\"https:\\\/\\\/aconteceunovale.com.br\\\/portal\\\/?s={search_term_string}\"},\"query-input\":{\"@type\":\"PropertyValueSpecification\",\"valueRequired\":true,\"valueName\":\"search_term_string\"}}],\"inLanguage\":\"pt-BR\"},{\"@type\":\"Person\",\"@id\":\"https:\\\/\\\/aconteceunovale.com.br\\\/portal\\\/#\\\/schema\\\/person\\\/7d2f26d1483f8a63de73da1ee0754d35\",\"name\":\"Reda\u00e7\u00e3o Aconteceu no Vale\",\"description\":\"Equipe de reportagem do Aconteceu no Vale, portal de not\u00edcias do Vale do Jequitinhonha, em Minas Gerais. Cobrimos as 51 cidades do Vale desde 2013. Sugest\u00f5es de pauta e pedidos de corre\u00e7\u00e3o: contato@aconteceunovale.com.br\",\"url\":\"https:\\\/\\\/aconteceunovale.com.br\\\/portal\\\/?author=4\"}]}<\/script>\n<!-- \/ Yoast SEO plugin. -->","yoast_head_json":{"title":"Escolas particulares poder\u00e3o perder at\u00e9 12% dos alunos em 2016 - Aconteceu no Vale","robots":{"index":"index","follow":"follow","max-snippet":"max-snippet:-1","max-image-preview":"max-image-preview:large","max-video-preview":"max-video-preview:-1"},"canonical":"https:\/\/aconteceunovale.com.br\/portal\/?p=71267","og_locale":"pt_BR","og_type":"article","og_title":"Escolas particulares poder\u00e3o perder at\u00e9 12% dos alunos em 2016 - Aconteceu no Vale","og_description":"As escolas particulares poder\u00e3o perder de 10% a 12% das matr\u00edculas em 2016, segundo estimativa da Federa\u00e7\u00e3o Nacional das Escolas Particulares (Fenep). Com a crise econ\u00f4mica, os pais ou respons\u00e1veis est\u00e3o com dificuldades para pagar as mensalidades. Essa semana a Serasa Experian divulgou que a inadimpl\u00eancia dos alunos de institui\u00e7\u00f5es particulares de ensino fundamental, m\u00e9dio [&hellip;]","og_url":"https:\/\/aconteceunovale.com.br\/portal\/?p=71267","og_site_name":"Aconteceu no Vale","article_publisher":"https:\/\/www.facebook.com\/aconteceunovale\/","article_published_time":"2015-10-19T19:32:26+00:00","og_image":[{"width":480,"height":274,"url":"https:\/\/aconteceunovale.com.br\/portal\/wp-content\/uploads\/2015\/10\/educacao_crise.jpg","type":"image\/jpeg"}],"author":"Reda\u00e7\u00e3o Aconteceu no Vale","twitter_card":"summary_large_image","twitter_creator":"@noticiadosvales","twitter_site":"@noticiadosvales","twitter_misc":{"Escrito por":"Reda\u00e7\u00e3o Aconteceu no Vale","Est. tempo de leitura":"2 minutos"},"schema":{"@context":"https:\/\/schema.org","@graph":[{"@type":"Article","@id":"https:\/\/aconteceunovale.com.br\/portal\/?p=71267#article","isPartOf":{"@id":"https:\/\/aconteceunovale.com.br\/portal\/?p=71267"},"author":{"name":"Reda\u00e7\u00e3o Aconteceu no Vale","@id":"https:\/\/aconteceunovale.com.br\/portal\/#\/schema\/person\/7d2f26d1483f8a63de73da1ee0754d35"},"headline":"Escolas particulares poder\u00e3o perder at\u00e9 12% dos alunos em 2016","datePublished":"2015-10-19T19:32:26+00:00","mainEntityOfPage":{"@id":"https:\/\/aconteceunovale.com.br\/portal\/?p=71267"},"wordCount":491,"commentCount":0,"image":{"@id":"https:\/\/aconteceunovale.com.br\/portal\/?p=71267#primaryimage"},"thumbnailUrl":"https:\/\/aconteceunovale.com.br\/portal\/wp-content\/uploads\/2015\/10\/educacao_crise.jpg","keywords":["crise econ\u00f4mica","crise econ\u00f4mica nas Escolas particulares","crise econ\u00f4mica no Brasil","escolas particulares","Escolas particulares estimam que at\u00e9 12% dos alunos migrem para a rede p\u00fablica","Escolas particulares poder\u00e3o perder at\u00e9 12% dos alunos em 2016","migra\u00e7\u00e3o de escolas particulares para p\u00fablicas","migra\u00e7\u00e3o escolas"],"articleSection":["Brasil","Educa\u00e7\u00e3o"],"inLanguage":"pt-BR","potentialAction":[{"@type":"CommentAction","name":"Comment","target":["https:\/\/aconteceunovale.com.br\/portal\/?p=71267#respond"]}]},{"@type":"WebPage","@id":"https:\/\/aconteceunovale.com.br\/portal\/?p=71267","url":"https:\/\/aconteceunovale.com.br\/portal\/?p=71267","name":"Escolas particulares poder\u00e3o perder at\u00e9 12% dos alunos em 2016 - Aconteceu no Vale","isPartOf":{"@id":"https:\/\/aconteceunovale.com.br\/portal\/#website"},"primaryImageOfPage":{"@id":"https:\/\/aconteceunovale.com.br\/portal\/?p=71267#primaryimage"},"image":{"@id":"https:\/\/aconteceunovale.com.br\/portal\/?p=71267#primaryimage"},"thumbnailUrl":"https:\/\/aconteceunovale.com.br\/portal\/wp-content\/uploads\/2015\/10\/educacao_crise.jpg","datePublished":"2015-10-19T19:32:26+00:00","author":{"@id":"https:\/\/aconteceunovale.com.br\/portal\/#\/schema\/person\/7d2f26d1483f8a63de73da1ee0754d35"},"breadcrumb":{"@id":"https:\/\/aconteceunovale.com.br\/portal\/?p=71267#breadcrumb"},"inLanguage":"pt-BR","potentialAction":[{"@type":"ReadAction","target":["https:\/\/aconteceunovale.com.br\/portal\/?p=71267"]}]},{"@type":"ImageObject","inLanguage":"pt-BR","@id":"https:\/\/aconteceunovale.com.br\/portal\/?p=71267#primaryimage","url":"https:\/\/aconteceunovale.com.br\/portal\/wp-content\/uploads\/2015\/10\/educacao_crise.jpg","contentUrl":"https:\/\/aconteceunovale.com.br\/portal\/wp-content\/uploads\/2015\/10\/educacao_crise.jpg","width":480,"height":274},{"@type":"BreadcrumbList","@id":"https:\/\/aconteceunovale.com.br\/portal\/?p=71267#breadcrumb","itemListElement":[{"@type":"ListItem","position":1,"name":"In\u00edcio","item":"https:\/\/aconteceunovale.com.br\/portal\/"},{"@type":"ListItem","position":2,"name":"Escolas particulares poder\u00e3o perder at\u00e9 12% dos alunos em 2016"}]},{"@type":"WebSite","@id":"https:\/\/aconteceunovale.com.br\/portal\/#website","url":"https:\/\/aconteceunovale.com.br\/portal\/","name":"Aconteceu no Vale","description":"Portal de Not\u00edcias","potentialAction":[{"@type":"SearchAction","target":{"@type":"EntryPoint","urlTemplate":"https:\/\/aconteceunovale.com.br\/portal\/?s={search_term_string}"},"query-input":{"@type":"PropertyValueSpecification","valueRequired":true,"valueName":"search_term_string"}}],"inLanguage":"pt-BR"},{"@type":"Person","@id":"https:\/\/aconteceunovale.com.br\/portal\/#\/schema\/person\/7d2f26d1483f8a63de73da1ee0754d35","name":"Reda\u00e7\u00e3o Aconteceu no Vale","description":"Equipe de reportagem do Aconteceu no Vale, portal de not\u00edcias do Vale do Jequitinhonha, em Minas Gerais. Cobrimos as 51 cidades do Vale desde 2013. Sugest\u00f5es de pauta e pedidos de corre\u00e7\u00e3o: contato@aconteceunovale.com.br","url":"https:\/\/aconteceunovale.com.br\/portal\/?author=4"}]}},"_links":{"self":[{"href":"https:\/\/aconteceunovale.com.br\/portal\/index.php?rest_route=\/wp\/v2\/posts\/71267","targetHints":{"allow":["GET"]}}],"collection":[{"href":"https:\/\/aconteceunovale.com.br\/portal\/index.php?rest_route=\/wp\/v2\/posts"}],"about":[{"href":"https:\/\/aconteceunovale.com.br\/portal\/index.php?rest_route=\/wp\/v2\/types\/post"}],"author":[{"embeddable":true,"href":"https:\/\/aconteceunovale.com.br\/portal\/index.php?rest_route=\/wp\/v2\/users\/4"}],"replies":[{"embeddable":true,"href":"https:\/\/aconteceunovale.com.br\/portal\/index.php?rest_route=%2Fwp%2Fv2%2Fcomments&post=71267"}],"version-history":[{"count":0,"href":"https:\/\/aconteceunovale.com.br\/portal\/index.php?rest_route=\/wp\/v2\/posts\/71267\/revisions"}],"wp:featuredmedia":[{"embeddable":true,"href":"https:\/\/aconteceunovale.com.br\/portal\/index.php?rest_route=\/wp\/v2\/media\/71268"}],"wp:attachment":[{"href":"https:\/\/aconteceunovale.com.br\/portal\/index.php?rest_route=%2Fwp%2Fv2%2Fmedia&parent=71267"}],"wp:term":[{"taxonomy":"category","embeddable":true,"href":"https:\/\/aconteceunovale.com.br\/portal\/index.php?rest_route=%2Fwp%2Fv2%2Fcategories&post=71267"},{"taxonomy":"post_tag","embeddable":true,"href":"https:\/\/aconteceunovale.com.br\/portal\/index.php?rest_route=%2Fwp%2Fv2%2Ftags&post=71267"}],"curies":[{"name":"wp","href":"https:\/\/api.w.org\/{rel}","templated":true}]}}