{"id":71264,"date":"2015-10-19T16:27:34","date_gmt":"2015-10-19T19:27:34","guid":{"rendered":"http:\/\/aconteceunovale.com.br\/portal\/?p=71264"},"modified":"2015-10-19T16:27:34","modified_gmt":"2015-10-19T19:27:34","slug":"cidades-brasileiras-promovem-semana-nacional-de-ciencia-e-tecnologia","status":"publish","type":"post","link":"https:\/\/aconteceunovale.com.br\/portal\/?p=71264","title":{"rendered":"Cidades brasileiras promovem Semana Nacional de Ci\u00eancia e Tecnologia"},"content":{"rendered":"<p>A 12\u00aa edi\u00e7\u00e3o da Semana Nacional de Ci\u00eancia e Tecnologia come\u00e7a hoje (19\/10\/2015) e vai at\u00e9 o dia 25 em diversas cidades. O tema deste ano \u00e9 Luz, Ci\u00eancia e Vida e tem como base a decis\u00e3o da Organiza\u00e7\u00e3o das Na\u00e7\u00f5es Unidas de proclamar 2015 o Ano Internacional da Luz. A ideia \u00e9 destacar a import\u00e2ncia da luz e das tecnologias \u00f3pticas no dia a dia do cidad\u00e3o, assim como no futuro e no desenvolvimento das sociedades.<\/p>\n<p>Coordenada pelo Minist\u00e9rio de Ci\u00eancia, Tecnologia e Inova\u00e7\u00e3o, a semana conta com a colabora\u00e7\u00e3o de secretarias estaduais e municipais, ag\u00eancias de fomento, espa\u00e7os cient\u00edfico-culturais, institui\u00e7\u00f5es de ensino e pesquisa, sociedades cient\u00edficas, escolas, \u00f3rg\u00e3os governamentais, empresas de base tecnol\u00f3gica e entidades da sociedade civil.<\/p>\n<p>A proposta do evento consiste em aproximar a ci\u00eancia e a tecnologia da popula\u00e7\u00e3o, promovendo atividades de divulga\u00e7\u00e3o cient\u00edfica em linguagem acess\u00edvel e por meios inovadores, que estimulem a curiosidade e motivem a discuss\u00e3o das implica\u00e7\u00f5es sociais da ci\u00eancia.<\/p>\n<p>De acordo com o coordenador da Semana Nacional de Ci\u00eancia e Tecnologia, Douglas Falc\u00e3o, pelo menos 620 cidades j\u00e1 se cadastraram para receber atividades. A expectativa do governo \u00e9 de que o n\u00famero ultrapasse mil munic\u00edpios, superando o total registrado no ano passado: 905 cidades.<\/p>\n<p>Segundo Falc\u00e3o, mais de 25 mil atividades j\u00e1 foram inscritas para o evento e a previs\u00e3o \u00e9 de que o n\u00famero chegue a 120 mil ou mais, al\u00e9m de 2 mil institui\u00e7\u00f5es credenciadas. Em 2014, foram registradas 108 mil atividades inscritas e 924 institui\u00e7\u00f5es credenciadas.<\/p>\n<p>\u201cGostaria de refor\u00e7ar o convite para que a popula\u00e7\u00e3o em geral acesse o\u00a0<strong><a href=\"http:\/\/semanact.mcti.gov.br\/\"><em>site<\/em>\u00a0da Semana Nacional de Ci\u00eancia e Tecnologia<\/a><\/strong>, onde \u00e9 poss\u00edvel encontrar a programa\u00e7\u00e3o de todas as cidades. O evento n\u00e3o \u00e9 s\u00f3 para professor e aluno. Qualquer pessoa curiosa gostar\u00e1 muito do que vai encontrar l\u00e1\u201d, afirmou Falc\u00e3o. (Ag\u00eancia Brasil)<\/p>\n","protected":false},"excerpt":{"rendered":"<p>A 12\u00aa edi\u00e7\u00e3o da Semana Nacional de Ci\u00eancia e Tecnologia come\u00e7a hoje (19\/10\/2015) e vai at\u00e9 o dia 25 em diversas cidades. O tema deste ano \u00e9 Luz, Ci\u00eancia e Vida e tem como base a decis\u00e3o da Organiza\u00e7\u00e3o das Na\u00e7\u00f5es Unidas de proclamar 2015 o Ano Internacional da Luz. A ideia \u00e9 destacar a [&hellip;]<\/p>\n","protected":false},"author":4,"featured_media":71265,"comment_status":"open","ping_status":"closed","sticky":false,"template":"","format":"standard","meta":{"amp_status":"","footnotes":""},"categories":[6,40247],"tags":[63485,63482,63483,63484],"class_list":["post-71264","post","type-post","status-publish","format-standard","has-post-thumbnail","hentry","category-br","category-tecnologia-2","tag-12a-edicao-da-semana-nacional-de-ciencia-e-tecnologia","tag-cidades-brasileiras-promovem-semana-nacional-de-ciencia-e-tecnologia","tag-semana-nacional-de-ciencia-e-tecnologia","tag-semana-nacional-de-ciencia-e-tecnologia-2015"],"yoast_head":"<!-- This site is optimized with the Yoast SEO plugin v28.3 - https:\/\/yoast.com\/product\/yoast-seo-wordpress\/ -->\n<title>Cidades brasileiras promovem Semana Nacional de Ci\u00eancia e Tecnologia - Aconteceu no Vale<\/title>\n<meta name=\"robots\" content=\"index, follow, max-snippet:-1, max-image-preview:large, max-video-preview:-1\" \/>\n<link rel=\"canonical\" href=\"https:\/\/aconteceunovale.com.br\/portal\/?p=71264\" \/>\n<meta property=\"og:locale\" content=\"pt_BR\" \/>\n<meta property=\"og:type\" content=\"article\" \/>\n<meta property=\"og:title\" content=\"Cidades brasileiras promovem Semana Nacional de Ci\u00eancia e Tecnologia - Aconteceu no Vale\" \/>\n<meta property=\"og:description\" content=\"A 12\u00aa edi\u00e7\u00e3o da Semana Nacional de Ci\u00eancia e Tecnologia come\u00e7a hoje (19\/10\/2015) e vai at\u00e9 o dia 25 em diversas cidades. O tema deste ano \u00e9 Luz, Ci\u00eancia e Vida e tem como base a decis\u00e3o da Organiza\u00e7\u00e3o das Na\u00e7\u00f5es Unidas de proclamar 2015 o Ano Internacional da Luz. A ideia \u00e9 destacar a [&hellip;]\" \/>\n<meta property=\"og:url\" content=\"https:\/\/aconteceunovale.com.br\/portal\/?p=71264\" \/>\n<meta property=\"og:site_name\" content=\"Aconteceu no Vale\" \/>\n<meta property=\"article:publisher\" content=\"https:\/\/www.facebook.com\/aconteceunovale\/\" \/>\n<meta property=\"article:published_time\" content=\"2015-10-19T19:27:34+00:00\" \/>\n<meta property=\"og:image\" content=\"https:\/\/aconteceunovale.com.br\/portal\/wp-content\/uploads\/2015\/10\/semana_snct_15.png\" \/>\n\t<meta property=\"og:image:width\" content=\"630\" \/>\n\t<meta property=\"og:image:height\" content=\"382\" \/>\n\t<meta property=\"og:image:type\" content=\"image\/png\" \/>\n<meta name=\"author\" content=\"Reda\u00e7\u00e3o Aconteceu no Vale\" \/>\n<meta name=\"twitter:card\" content=\"summary_large_image\" \/>\n<meta name=\"twitter:creator\" content=\"@noticiadosvales\" \/>\n<meta name=\"twitter:site\" content=\"@noticiadosvales\" \/>\n<meta name=\"twitter:label1\" content=\"Escrito por\" \/>\n\t<meta name=\"twitter:data1\" content=\"Reda\u00e7\u00e3o Aconteceu no Vale\" \/>\n\t<meta name=\"twitter:label2\" content=\"Est. tempo de leitura\" \/>\n\t<meta name=\"twitter:data2\" content=\"2 minutos\" \/>\n<script type=\"application\/ld+json\" class=\"yoast-schema-graph\">{\"@context\":\"https:\\\/\\\/schema.org\",\"@graph\":[{\"@type\":\"Article\",\"@id\":\"https:\\\/\\\/aconteceunovale.com.br\\\/portal\\\/?p=71264#article\",\"isPartOf\":{\"@id\":\"https:\\\/\\\/aconteceunovale.com.br\\\/portal\\\/?p=71264\"},\"author\":{\"name\":\"Reda\u00e7\u00e3o Aconteceu no Vale\",\"@id\":\"https:\\\/\\\/aconteceunovale.com.br\\\/portal\\\/#\\\/schema\\\/person\\\/7d2f26d1483f8a63de73da1ee0754d35\"},\"headline\":\"Cidades brasileiras promovem Semana Nacional de Ci\u00eancia e Tecnologia\",\"datePublished\":\"2015-10-19T19:27:34+00:00\",\"mainEntityOfPage\":{\"@id\":\"https:\\\/\\\/aconteceunovale.com.br\\\/portal\\\/?p=71264\"},\"wordCount\":341,\"commentCount\":0,\"image\":{\"@id\":\"https:\\\/\\\/aconteceunovale.com.br\\\/portal\\\/?p=71264#primaryimage\"},\"thumbnailUrl\":\"https:\\\/\\\/aconteceunovale.com.br\\\/portal\\\/wp-content\\\/uploads\\\/2015\\\/10\\\/semana_snct_15.png\",\"keywords\":[\"12\u00aa edi\u00e7\u00e3o da Semana Nacional de Ci\u00eancia e Tecnologia\",\"Cidades brasileiras promovem Semana Nacional de Ci\u00eancia e Tecnologia\",\"Semana Nacional de Ci\u00eancia e Tecnologia\",\"Semana Nacional de Ci\u00eancia e Tecnologia 2015\"],\"articleSection\":[\"Brasil\",\"Tecnologia\"],\"inLanguage\":\"pt-BR\",\"potentialAction\":[{\"@type\":\"CommentAction\",\"name\":\"Comment\",\"target\":[\"https:\\\/\\\/aconteceunovale.com.br\\\/portal\\\/?p=71264#respond\"]}]},{\"@type\":\"WebPage\",\"@id\":\"https:\\\/\\\/aconteceunovale.com.br\\\/portal\\\/?p=71264\",\"url\":\"https:\\\/\\\/aconteceunovale.com.br\\\/portal\\\/?p=71264\",\"name\":\"Cidades brasileiras promovem Semana Nacional de Ci\u00eancia e Tecnologia - Aconteceu no Vale\",\"isPartOf\":{\"@id\":\"https:\\\/\\\/aconteceunovale.com.br\\\/portal\\\/#website\"},\"primaryImageOfPage\":{\"@id\":\"https:\\\/\\\/aconteceunovale.com.br\\\/portal\\\/?p=71264#primaryimage\"},\"image\":{\"@id\":\"https:\\\/\\\/aconteceunovale.com.br\\\/portal\\\/?p=71264#primaryimage\"},\"thumbnailUrl\":\"https:\\\/\\\/aconteceunovale.com.br\\\/portal\\\/wp-content\\\/uploads\\\/2015\\\/10\\\/semana_snct_15.png\",\"datePublished\":\"2015-10-19T19:27:34+00:00\",\"author\":{\"@id\":\"https:\\\/\\\/aconteceunovale.com.br\\\/portal\\\/#\\\/schema\\\/person\\\/7d2f26d1483f8a63de73da1ee0754d35\"},\"breadcrumb\":{\"@id\":\"https:\\\/\\\/aconteceunovale.com.br\\\/portal\\\/?p=71264#breadcrumb\"},\"inLanguage\":\"pt-BR\",\"potentialAction\":[{\"@type\":\"ReadAction\",\"target\":[\"https:\\\/\\\/aconteceunovale.com.br\\\/portal\\\/?p=71264\"]}]},{\"@type\":\"ImageObject\",\"inLanguage\":\"pt-BR\",\"@id\":\"https:\\\/\\\/aconteceunovale.com.br\\\/portal\\\/?p=71264#primaryimage\",\"url\":\"https:\\\/\\\/aconteceunovale.com.br\\\/portal\\\/wp-content\\\/uploads\\\/2015\\\/10\\\/semana_snct_15.png\",\"contentUrl\":\"https:\\\/\\\/aconteceunovale.com.br\\\/portal\\\/wp-content\\\/uploads\\\/2015\\\/10\\\/semana_snct_15.png\",\"width\":630,\"height\":382},{\"@type\":\"BreadcrumbList\",\"@id\":\"https:\\\/\\\/aconteceunovale.com.br\\\/portal\\\/?p=71264#breadcrumb\",\"itemListElement\":[{\"@type\":\"ListItem\",\"position\":1,\"name\":\"In\u00edcio\",\"item\":\"https:\\\/\\\/aconteceunovale.com.br\\\/portal\\\/\"},{\"@type\":\"ListItem\",\"position\":2,\"name\":\"Cidades brasileiras promovem Semana Nacional de Ci\u00eancia e Tecnologia\"}]},{\"@type\":\"WebSite\",\"@id\":\"https:\\\/\\\/aconteceunovale.com.br\\\/portal\\\/#website\",\"url\":\"https:\\\/\\\/aconteceunovale.com.br\\\/portal\\\/\",\"name\":\"Aconteceu no Vale\",\"description\":\"Portal de Not\u00edcias\",\"potentialAction\":[{\"@type\":\"SearchAction\",\"target\":{\"@type\":\"EntryPoint\",\"urlTemplate\":\"https:\\\/\\\/aconteceunovale.com.br\\\/portal\\\/?s={search_term_string}\"},\"query-input\":{\"@type\":\"PropertyValueSpecification\",\"valueRequired\":true,\"valueName\":\"search_term_string\"}}],\"inLanguage\":\"pt-BR\"},{\"@type\":\"Person\",\"@id\":\"https:\\\/\\\/aconteceunovale.com.br\\\/portal\\\/#\\\/schema\\\/person\\\/7d2f26d1483f8a63de73da1ee0754d35\",\"name\":\"Reda\u00e7\u00e3o Aconteceu no Vale\",\"description\":\"Equipe de reportagem do Aconteceu no Vale, portal de not\u00edcias do Vale do Jequitinhonha, em Minas Gerais. Cobrimos as 51 cidades do Vale desde 2013. Sugest\u00f5es de pauta e pedidos de corre\u00e7\u00e3o: contato@aconteceunovale.com.br\",\"url\":\"https:\\\/\\\/aconteceunovale.com.br\\\/portal\\\/?author=4\"}]}<\/script>\n<!-- \/ Yoast SEO plugin. -->","yoast_head_json":{"title":"Cidades brasileiras promovem Semana Nacional de Ci\u00eancia e Tecnologia - Aconteceu no Vale","robots":{"index":"index","follow":"follow","max-snippet":"max-snippet:-1","max-image-preview":"max-image-preview:large","max-video-preview":"max-video-preview:-1"},"canonical":"https:\/\/aconteceunovale.com.br\/portal\/?p=71264","og_locale":"pt_BR","og_type":"article","og_title":"Cidades brasileiras promovem Semana Nacional de Ci\u00eancia e Tecnologia - Aconteceu no Vale","og_description":"A 12\u00aa edi\u00e7\u00e3o da Semana Nacional de Ci\u00eancia e Tecnologia come\u00e7a hoje (19\/10\/2015) e vai at\u00e9 o dia 25 em diversas cidades. O tema deste ano \u00e9 Luz, Ci\u00eancia e Vida e tem como base a decis\u00e3o da Organiza\u00e7\u00e3o das Na\u00e7\u00f5es Unidas de proclamar 2015 o Ano Internacional da Luz. A ideia \u00e9 destacar a [&hellip;]","og_url":"https:\/\/aconteceunovale.com.br\/portal\/?p=71264","og_site_name":"Aconteceu no Vale","article_publisher":"https:\/\/www.facebook.com\/aconteceunovale\/","article_published_time":"2015-10-19T19:27:34+00:00","og_image":[{"width":630,"height":382,"url":"https:\/\/aconteceunovale.com.br\/portal\/wp-content\/uploads\/2015\/10\/semana_snct_15.png","type":"image\/png"}],"author":"Reda\u00e7\u00e3o Aconteceu no Vale","twitter_card":"summary_large_image","twitter_creator":"@noticiadosvales","twitter_site":"@noticiadosvales","twitter_misc":{"Escrito por":"Reda\u00e7\u00e3o Aconteceu no Vale","Est. tempo de leitura":"2 minutos"},"schema":{"@context":"https:\/\/schema.org","@graph":[{"@type":"Article","@id":"https:\/\/aconteceunovale.com.br\/portal\/?p=71264#article","isPartOf":{"@id":"https:\/\/aconteceunovale.com.br\/portal\/?p=71264"},"author":{"name":"Reda\u00e7\u00e3o Aconteceu no Vale","@id":"https:\/\/aconteceunovale.com.br\/portal\/#\/schema\/person\/7d2f26d1483f8a63de73da1ee0754d35"},"headline":"Cidades brasileiras promovem Semana Nacional de Ci\u00eancia e Tecnologia","datePublished":"2015-10-19T19:27:34+00:00","mainEntityOfPage":{"@id":"https:\/\/aconteceunovale.com.br\/portal\/?p=71264"},"wordCount":341,"commentCount":0,"image":{"@id":"https:\/\/aconteceunovale.com.br\/portal\/?p=71264#primaryimage"},"thumbnailUrl":"https:\/\/aconteceunovale.com.br\/portal\/wp-content\/uploads\/2015\/10\/semana_snct_15.png","keywords":["12\u00aa edi\u00e7\u00e3o da Semana Nacional de Ci\u00eancia e Tecnologia","Cidades brasileiras promovem Semana Nacional de Ci\u00eancia e Tecnologia","Semana Nacional de Ci\u00eancia e Tecnologia","Semana Nacional de Ci\u00eancia e Tecnologia 2015"],"articleSection":["Brasil","Tecnologia"],"inLanguage":"pt-BR","potentialAction":[{"@type":"CommentAction","name":"Comment","target":["https:\/\/aconteceunovale.com.br\/portal\/?p=71264#respond"]}]},{"@type":"WebPage","@id":"https:\/\/aconteceunovale.com.br\/portal\/?p=71264","url":"https:\/\/aconteceunovale.com.br\/portal\/?p=71264","name":"Cidades brasileiras promovem Semana Nacional de Ci\u00eancia e Tecnologia - Aconteceu no Vale","isPartOf":{"@id":"https:\/\/aconteceunovale.com.br\/portal\/#website"},"primaryImageOfPage":{"@id":"https:\/\/aconteceunovale.com.br\/portal\/?p=71264#primaryimage"},"image":{"@id":"https:\/\/aconteceunovale.com.br\/portal\/?p=71264#primaryimage"},"thumbnailUrl":"https:\/\/aconteceunovale.com.br\/portal\/wp-content\/uploads\/2015\/10\/semana_snct_15.png","datePublished":"2015-10-19T19:27:34+00:00","author":{"@id":"https:\/\/aconteceunovale.com.br\/portal\/#\/schema\/person\/7d2f26d1483f8a63de73da1ee0754d35"},"breadcrumb":{"@id":"https:\/\/aconteceunovale.com.br\/portal\/?p=71264#breadcrumb"},"inLanguage":"pt-BR","potentialAction":[{"@type":"ReadAction","target":["https:\/\/aconteceunovale.com.br\/portal\/?p=71264"]}]},{"@type":"ImageObject","inLanguage":"pt-BR","@id":"https:\/\/aconteceunovale.com.br\/portal\/?p=71264#primaryimage","url":"https:\/\/aconteceunovale.com.br\/portal\/wp-content\/uploads\/2015\/10\/semana_snct_15.png","contentUrl":"https:\/\/aconteceunovale.com.br\/portal\/wp-content\/uploads\/2015\/10\/semana_snct_15.png","width":630,"height":382},{"@type":"BreadcrumbList","@id":"https:\/\/aconteceunovale.com.br\/portal\/?p=71264#breadcrumb","itemListElement":[{"@type":"ListItem","position":1,"name":"In\u00edcio","item":"https:\/\/aconteceunovale.com.br\/portal\/"},{"@type":"ListItem","position":2,"name":"Cidades brasileiras promovem Semana Nacional de Ci\u00eancia e Tecnologia"}]},{"@type":"WebSite","@id":"https:\/\/aconteceunovale.com.br\/portal\/#website","url":"https:\/\/aconteceunovale.com.br\/portal\/","name":"Aconteceu no Vale","description":"Portal de Not\u00edcias","potentialAction":[{"@type":"SearchAction","target":{"@type":"EntryPoint","urlTemplate":"https:\/\/aconteceunovale.com.br\/portal\/?s={search_term_string}"},"query-input":{"@type":"PropertyValueSpecification","valueRequired":true,"valueName":"search_term_string"}}],"inLanguage":"pt-BR"},{"@type":"Person","@id":"https:\/\/aconteceunovale.com.br\/portal\/#\/schema\/person\/7d2f26d1483f8a63de73da1ee0754d35","name":"Reda\u00e7\u00e3o Aconteceu no Vale","description":"Equipe de reportagem do Aconteceu no Vale, portal de not\u00edcias do Vale do Jequitinhonha, em Minas Gerais. Cobrimos as 51 cidades do Vale desde 2013. Sugest\u00f5es de pauta e pedidos de corre\u00e7\u00e3o: contato@aconteceunovale.com.br","url":"https:\/\/aconteceunovale.com.br\/portal\/?author=4"}]}},"_links":{"self":[{"href":"https:\/\/aconteceunovale.com.br\/portal\/index.php?rest_route=\/wp\/v2\/posts\/71264","targetHints":{"allow":["GET"]}}],"collection":[{"href":"https:\/\/aconteceunovale.com.br\/portal\/index.php?rest_route=\/wp\/v2\/posts"}],"about":[{"href":"https:\/\/aconteceunovale.com.br\/portal\/index.php?rest_route=\/wp\/v2\/types\/post"}],"author":[{"embeddable":true,"href":"https:\/\/aconteceunovale.com.br\/portal\/index.php?rest_route=\/wp\/v2\/users\/4"}],"replies":[{"embeddable":true,"href":"https:\/\/aconteceunovale.com.br\/portal\/index.php?rest_route=%2Fwp%2Fv2%2Fcomments&post=71264"}],"version-history":[{"count":0,"href":"https:\/\/aconteceunovale.com.br\/portal\/index.php?rest_route=\/wp\/v2\/posts\/71264\/revisions"}],"wp:featuredmedia":[{"embeddable":true,"href":"https:\/\/aconteceunovale.com.br\/portal\/index.php?rest_route=\/wp\/v2\/media\/71265"}],"wp:attachment":[{"href":"https:\/\/aconteceunovale.com.br\/portal\/index.php?rest_route=%2Fwp%2Fv2%2Fmedia&parent=71264"}],"wp:term":[{"taxonomy":"category","embeddable":true,"href":"https:\/\/aconteceunovale.com.br\/portal\/index.php?rest_route=%2Fwp%2Fv2%2Fcategories&post=71264"},{"taxonomy":"post_tag","embeddable":true,"href":"https:\/\/aconteceunovale.com.br\/portal\/index.php?rest_route=%2Fwp%2Fv2%2Ftags&post=71264"}],"curies":[{"name":"wp","href":"https:\/\/api.w.org\/{rel}","templated":true}]}}