{"id":71178,"date":"2015-10-16T19:28:09","date_gmt":"2015-10-16T22:28:09","guid":{"rendered":"http:\/\/aconteceunovale.com.br\/portal\/?p=71178"},"modified":"2015-10-16T19:28:09","modified_gmt":"2015-10-16T22:28:09","slug":"aluno-com-isencao-de-taxa-que-faltar-ao-enem-2015-vai-perder-beneficio-para-a-proxima-edicao","status":"publish","type":"post","link":"https:\/\/aconteceunovale.com.br\/portal\/?p=71178","title":{"rendered":"Aluno com isen\u00e7\u00e3o de taxa que faltar ao Enem 2015 vai perder benef\u00edcio para a pr\u00f3xima edi\u00e7\u00e3o"},"content":{"rendered":"<p>Portaria do Minist\u00e9rio da Educa\u00e7\u00e3o publicada hoje (16\/10\/2015) no\u00a0<strong><a href=\"http:\/\/pesquisa.in.gov.br\/imprensa\/jsp\/visualiza\/index.jsp?jornal=1&amp;pagina=15&amp;data=16\/10\/2015\">Di\u00e1rio Oficial da Uni\u00e3o<\/a><\/strong>\u00a0determina que candidatos isentos da taxa de inscri\u00e7\u00e3o no Exame Nacional do Ensino M\u00e9dio (Enem) que n\u00e3o comparecerem nos dois dias de provas, sem justificar a aus\u00eancia, perder\u00e3o o benef\u00edcio para a pr\u00f3xima edi\u00e7\u00e3o.<\/p>\n<p>A portaria desta sexta-feira muda formalmente uma\u00a0<strong><a href=\"http:\/\/pesquisa.in.gov.br\/imprensa\/jsp\/visualiza\/index.jsp?jornal=1&amp;pagina=10&amp;data=15\/05\/2015\">regra publicada anteriormente<\/a><\/strong>, que dizia que apenas os estudantes isentos que terminam o ensino m\u00e9dio em 2015 seriam penalizados caso faltassem o exame. Agora, a puni\u00e7\u00e3o se estende a todos os isentos. A medida n\u00e3o \u00e9 novidade, porque j\u00e1 havia sido informada em\u00a0maio deste ano.<\/p>\n<p>Pelas regras do Enem, s\u00e3o isentos da taxa de inscri\u00e7\u00e3o de R$ 63 os candidatos de baixa renda e os concluintes do ensino m\u00e9dio na rede p\u00fablica. As faltas causam desperd\u00edcio de recursos p\u00fablicos na impress\u00e3o e distribui\u00e7\u00e3o de provas.<\/p>\n<p>Os faltosos poder\u00e3o apresentar justificativa, que ser\u00e1 analisada pelo Inep. No ano passado, dos\u00a08,7 milh\u00f5es de estudantes inscritos isentos e pagantes, 2,5 milh\u00f5es faltaram, um percentual de 28,6%.<\/p>\n<p>As provas do Enem ser\u00e3o aplicadas nos dias 24 e 25 de outubro. Mais de 7,7 milh\u00f5es de pessoas est\u00e3o inscritas. (Ag\u00eancia Brasil)<\/p>\n","protected":false},"excerpt":{"rendered":"<p>Portaria do Minist\u00e9rio da Educa\u00e7\u00e3o publicada hoje (16\/10\/2015) no\u00a0Di\u00e1rio Oficial da Uni\u00e3o\u00a0determina que candidatos isentos da taxa de inscri\u00e7\u00e3o no Exame Nacional do Ensino M\u00e9dio (Enem) que n\u00e3o comparecerem nos dois dias de provas, sem justificar a aus\u00eancia, perder\u00e3o o benef\u00edcio para a pr\u00f3xima edi\u00e7\u00e3o. A portaria desta sexta-feira muda formalmente uma\u00a0regra publicada anteriormente, que [&hellip;]<\/p>\n","protected":false},"author":4,"featured_media":59349,"comment_status":"open","ping_status":"closed","sticky":false,"template":"","format":"standard","meta":{"amp_status":"","footnotes":""},"categories":[40238],"tags":[63341,63340,63344,44847,63342,63343,63345],"class_list":["post-71178","post","type-post","status-publish","format-standard","has-post-thumbnail","hentry","category-educacao-2","tag-aluno-com-isencao-de-taxa-que-faltar-ao-enem-2015-vai-perder-beneficio","tag-aluno-com-isencao-de-taxa-que-faltar-ao-enem-2015-vai-perder-beneficio-para-a-proxima-edicao","tag-beneficio","tag-enem-2015","tag-faltosos","tag-isentos","tag-punicao-para-faltosos-no-enem-2015"],"_links":{"self":[{"href":"https:\/\/aconteceunovale.com.br\/portal\/index.php?rest_route=\/wp\/v2\/posts\/71178","targetHints":{"allow":["GET"]}}],"collection":[{"href":"https:\/\/aconteceunovale.com.br\/portal\/index.php?rest_route=\/wp\/v2\/posts"}],"about":[{"href":"https:\/\/aconteceunovale.com.br\/portal\/index.php?rest_route=\/wp\/v2\/types\/post"}],"author":[{"embeddable":true,"href":"https:\/\/aconteceunovale.com.br\/portal\/index.php?rest_route=\/wp\/v2\/users\/4"}],"replies":[{"embeddable":true,"href":"https:\/\/aconteceunovale.com.br\/portal\/index.php?rest_route=%2Fwp%2Fv2%2Fcomments&post=71178"}],"version-history":[{"count":0,"href":"https:\/\/aconteceunovale.com.br\/portal\/index.php?rest_route=\/wp\/v2\/posts\/71178\/revisions"}],"wp:featuredmedia":[{"embeddable":true,"href":"https:\/\/aconteceunovale.com.br\/portal\/index.php?rest_route=\/wp\/v2\/media\/59349"}],"wp:attachment":[{"href":"https:\/\/aconteceunovale.com.br\/portal\/index.php?rest_route=%2Fwp%2Fv2%2Fmedia&parent=71178"}],"wp:term":[{"taxonomy":"category","embeddable":true,"href":"https:\/\/aconteceunovale.com.br\/portal\/index.php?rest_route=%2Fwp%2Fv2%2Fcategories&post=71178"},{"taxonomy":"post_tag","embeddable":true,"href":"https:\/\/aconteceunovale.com.br\/portal\/index.php?rest_route=%2Fwp%2Fv2%2Ftags&post=71178"}],"curies":[{"name":"wp","href":"https:\/\/api.w.org\/{rel}","templated":true}]}}