{"id":71175,"date":"2015-10-16T18:55:39","date_gmt":"2015-10-16T21:55:39","guid":{"rendered":"http:\/\/aconteceunovale.com.br\/portal\/?p=71175"},"modified":"2015-10-16T18:55:39","modified_gmt":"2015-10-16T21:55:39","slug":"belo-horizonte-registra-maior-temperatura-da-historia","status":"publish","type":"post","link":"https:\/\/aconteceunovale.com.br\/portal\/?p=71175","title":{"rendered":"Belo Horizonte registra maior temperatura da hist\u00f3ria"},"content":{"rendered":"<p>Belo Horizonte registrou o recorde de maior temperatura da hist\u00f3ria na tarde desta sexta-feira (16\/10\/2015). Segundo o Centro de Climatologia Tempo Clima\/PUC Minas, os term\u00f4metros chegaram aos 37,4\u00baC entre 14h e 15h e a umidade do ar ficou em 12%, tamb\u00e9m a mais baixa.<\/p>\n<p>De acordo com o meteorologista Heriberto dos Anjos, o calor excessivo \u00e9 resultado de uma massa de ar seco que atua sobre o Estado. Mas, a previs\u00e3o \u00e9 de um aumento de nebulosidade a partir dos pr\u00f3ximos dias, com uma ligeira queda nos term\u00f4metros.<\/p>\n<p>&#8220;No s\u00e1bado (17), as temperaturas ainda ficam em torno de 35\u00baC e 36\u00baC. J\u00e1 no domingo (18), h\u00e1 uma tend\u00eancia de aumento de nuvens e, com isso, a m\u00e1xima na capital mineira deve ficar em torno de 32\u00baC e 33\u00baC.&#8221;, informou Heriberto.<\/p>\n<p>Ainda conforme o especialista, esse aumento de nebulosidade ocorre em fun\u00e7\u00e3o de uma frente fria que passar\u00e1 pelo litoral paulista no final de semana. Entretanto, n\u00e3o h\u00e1 previs\u00e3o de chuvas significativas nos pr\u00f3ximos dias. J\u00e1 a umidade relativa do ar deve melhorar. A partir de domingo, a previs\u00e3o \u00e9 de que fique entre 35% e 40%. <\/p>\n<p><strong>Recorde anterior<\/strong><\/p>\n<p>A medi\u00e7\u00e3o de temperaturas em Belo Horizonte acontece desde 1910 e o \u00faltimo recorde de calor foi registrado em outubro de 2012, quando os term\u00f4metros marcaram 37,1\u00baC.<\/p>\n<p><img decoding=\"async\" src=\"http:\/\/aconteceunovale.com.br\/portal\/wp-content\/uploads\/2015\/10\/belo_horizonte_mg.jpg\" alt=\"\" \/><em>Vista de Belo Horizonte, capital de Minas &#8211; Foto: Marcus Desimoni\/Portal da Copa\/Flickr<\/em><br \/>\n<\/br><\/p>\n<p><em>(Fonte: Record Minas \/ R7)<\/em><\/p>\n","protected":false},"excerpt":{"rendered":"<p>Belo Horizonte registrou o recorde de maior temperatura da hist\u00f3ria na tarde desta sexta-feira (16\/10\/2015). Segundo o Centro de Climatologia Tempo Clima\/PUC Minas, os term\u00f4metros chegaram aos 37,4\u00baC entre 14h e 15h e a umidade do ar ficou em 12%, tamb\u00e9m a mais baixa. De acordo com o meteorologista Heriberto dos Anjos, o calor excessivo [&hellip;]<\/p>\n","protected":false},"author":4,"featured_media":71176,"comment_status":"open","ping_status":"closed","sticky":false,"template":"","format":"standard","meta":{"amp_status":"","footnotes":""},"categories":[123],"tags":[63327,63333,63335,63334,1018,63337,63328,63331,63332,63329,63330,63336,63338,63339],"class_list":["post-71175","post","type-post","status-publish","format-standard","has-post-thumbnail","hentry","category-gerais","tag-belo-horizonte-registra-maior-temperatura-da-historia","tag-bh-registra-maior-temperatura-da-historia","tag-capital-de-minas-gerais-registra-maior-temperatura-da-historia","tag-capital-mineira-registra-maior-temperatura-da-historia","tag-destaque","tag-heriberto-dos-anjos","tag-maior-temperatura-da-historia","tag-maior-temperatura-da-historia-da-capital-de-minas-gerais","tag-maior-temperatura-da-historia-da-capital-mineira","tag-maior-temperatura-da-historia-de-belo-horizonte","tag-maior-temperatura-da-historia-de-bh","tag-meteorologista-heriberto-dos-anjos","tag-recorde-de-calor-em-belo-horizonte","tag-recorde-de-temperatura-de-belo-horizonte"],"_links":{"self":[{"href":"https:\/\/aconteceunovale.com.br\/portal\/index.php?rest_route=\/wp\/v2\/posts\/71175","targetHints":{"allow":["GET"]}}],"collection":[{"href":"https:\/\/aconteceunovale.com.br\/portal\/index.php?rest_route=\/wp\/v2\/posts"}],"about":[{"href":"https:\/\/aconteceunovale.com.br\/portal\/index.php?rest_route=\/wp\/v2\/types\/post"}],"author":[{"embeddable":true,"href":"https:\/\/aconteceunovale.com.br\/portal\/index.php?rest_route=\/wp\/v2\/users\/4"}],"replies":[{"embeddable":true,"href":"https:\/\/aconteceunovale.com.br\/portal\/index.php?rest_route=%2Fwp%2Fv2%2Fcomments&post=71175"}],"version-history":[{"count":0,"href":"https:\/\/aconteceunovale.com.br\/portal\/index.php?rest_route=\/wp\/v2\/posts\/71175\/revisions"}],"wp:featuredmedia":[{"embeddable":true,"href":"https:\/\/aconteceunovale.com.br\/portal\/index.php?rest_route=\/wp\/v2\/media\/71176"}],"wp:attachment":[{"href":"https:\/\/aconteceunovale.com.br\/portal\/index.php?rest_route=%2Fwp%2Fv2%2Fmedia&parent=71175"}],"wp:term":[{"taxonomy":"category","embeddable":true,"href":"https:\/\/aconteceunovale.com.br\/portal\/index.php?rest_route=%2Fwp%2Fv2%2Fcategories&post=71175"},{"taxonomy":"post_tag","embeddable":true,"href":"https:\/\/aconteceunovale.com.br\/portal\/index.php?rest_route=%2Fwp%2Fv2%2Ftags&post=71175"}],"curies":[{"name":"wp","href":"https:\/\/api.w.org\/{rel}","templated":true}]}}