{"id":71148,"date":"2015-10-16T07:41:06","date_gmt":"2015-10-16T10:41:06","guid":{"rendered":"http:\/\/aconteceunovale.com.br\/portal\/?p=71148"},"modified":"2015-10-16T07:41:06","modified_gmt":"2015-10-16T10:41:06","slug":"plantao-do-samu-no-norte-de-minas-gerais-15-de-outubro-de-2015","status":"publish","type":"post","link":"https:\/\/aconteceunovale.com.br\/portal\/?p=71148","title":{"rendered":"Plant\u00e3o do Samu no Norte de Minas Gerais, 15 de outubro de 2015"},"content":{"rendered":"<h4><strong><em>Quinta-feira, 15 de outubro de 2015<\/em><\/strong><\/h4>\n<p>As unidades do SAMU realizaram na quinta-feira, 15\/10, em Montes Claros, 42 atendimentos, sendo 30 casos cl\u00ednicos; 6 pessoas feridas em acidentes de tr\u00e2nsito; 02 gestantes em trabalho de parto; uma mulher v\u00edtima de agress\u00e3o f\u00edsica; um homem que caiu de um telhado; e um menino de 4 anos v\u00edtima de afogamento.<\/p>\n<p>\u00c0s 22h30, a unidade do Samu foi acionada par atendimento a uma mulher de 20 anos que sofreu agress\u00e3o f\u00edsica na rua Dr. Veloso, regi\u00e3o central de Montes Claros. Ele apresentava escoria\u00e7\u00f5es e hematomas pelo corpo.<\/p>\n<p>\u00c0s 17h30, uma mulher de 22 anos ficou ferida em uma colis\u00e3o entre carro e moto, ocorrida no cruzamento entre a Avenida Vicente Guimar\u00e3es e a rua Raul Correia, bairro Augusta Mota. Ela conduzia a moto e sofreu fratura do f\u00eamur esquerdo.<\/p>\n<p>\u00c0s 16h05, duas pessoas ficaram feridas em um acidente envolvendo uma moto e uma bicicleta, na Avenida Alfredo Coutinho, regi\u00e3o central de Montes Claros. Um homem de 34 anos, que conduzia a moto, se queixava de dor na perna esquerda, com suspeita de fratura no tornozelo. O condutor da bicicleta, de 18 anos, recusou atendimento.<\/p>\n<p>\u00c0s 15h50, um homem de 22 anos ficou ferido em uma colis\u00e3o entre carro e moto, ocorrida na rua Pires e Albuquerque, no centro da cidade. Ele conduzia a moto e foi encontrado pelos socorristas desorientado, com relato de dor no bra\u00e7o esquerdo, escoria\u00e7\u00f5es no ombro e na perna, e edema no punho.<\/p>\n<p>\u00c0s 14h30, uma mulher de 29 anos colidiu de moto contra um carro na Avenida Deputado Pl\u00ednio Ribeiro, bairro Esplanada, e apresentava escoria\u00e7\u00f5es e edema na testa. \u00c0s 10h40, um homem de 47 anos caiu do telhado na Vila An\u00e1lia e se queixava de dor cervical.<\/p>\n<p>\u00c0s 12h20, a unidade do Samu foi acionada para atendimento a um menino de 4 anos, v\u00edtima de afogamento no chacreamento na comunidade Santana, a 17 quil\u00f4metros de Montes Claros, sentido Juramento.<\/p>\n<p>Em todas as ocorr\u00eancias os feridos receberam os primeiros atendimentos no local e foram encaminhados ao hospital para avalia\u00e7\u00e3o. (Jer\u00fasia Arruda)<\/p>\n","protected":false},"excerpt":{"rendered":"<p>Quinta-feira, 15 de outubro de 2015 As unidades do SAMU realizaram na quinta-feira, 15\/10, em Montes Claros, 42 atendimentos, sendo 30 casos cl\u00ednicos; 6 pessoas feridas em acidentes de tr\u00e2nsito; 02 gestantes em trabalho de parto; uma mulher v\u00edtima de agress\u00e3o f\u00edsica; um homem que caiu de um telhado; e um menino de 4 anos [&hellip;]<\/p>\n","protected":false},"author":4,"featured_media":58741,"comment_status":"open","ping_status":"closed","sticky":false,"template":"","format":"standard","meta":{"amp_status":"","footnotes":""},"categories":[1236],"tags":[63271,206036,210,24659,24089,18898,18108,63272,18629,21139,4040],"class_list":["post-71148","post","type-post","status-publish","format-standard","has-post-thumbnail","hentry","category-norte_de_minas","tag-15-de-outubro-de-2015","tag-jerusia-arruda","tag-montes-claros","tag-plantao-do-samu-de-montes-claros","tag-plantao-do-samu-do-norte-de-minas","tag-plantao-do-samu-macro-norte","tag-plantao-do-samu-no-norte-de-minas-gerais","tag-plantao-do-samu-no-norte-de-minas-gerais-15-de-outubro-de-2015","tag-samu-de-montes-claros","tag-samu-do-norte-de-minas","tag-samu-macro-norte"],"_links":{"self":[{"href":"https:\/\/aconteceunovale.com.br\/portal\/index.php?rest_route=\/wp\/v2\/posts\/71148","targetHints":{"allow":["GET"]}}],"collection":[{"href":"https:\/\/aconteceunovale.com.br\/portal\/index.php?rest_route=\/wp\/v2\/posts"}],"about":[{"href":"https:\/\/aconteceunovale.com.br\/portal\/index.php?rest_route=\/wp\/v2\/types\/post"}],"author":[{"embeddable":true,"href":"https:\/\/aconteceunovale.com.br\/portal\/index.php?rest_route=\/wp\/v2\/users\/4"}],"replies":[{"embeddable":true,"href":"https:\/\/aconteceunovale.com.br\/portal\/index.php?rest_route=%2Fwp%2Fv2%2Fcomments&post=71148"}],"version-history":[{"count":0,"href":"https:\/\/aconteceunovale.com.br\/portal\/index.php?rest_route=\/wp\/v2\/posts\/71148\/revisions"}],"wp:featuredmedia":[{"embeddable":true,"href":"https:\/\/aconteceunovale.com.br\/portal\/index.php?rest_route=\/wp\/v2\/media\/58741"}],"wp:attachment":[{"href":"https:\/\/aconteceunovale.com.br\/portal\/index.php?rest_route=%2Fwp%2Fv2%2Fmedia&parent=71148"}],"wp:term":[{"taxonomy":"category","embeddable":true,"href":"https:\/\/aconteceunovale.com.br\/portal\/index.php?rest_route=%2Fwp%2Fv2%2Fcategories&post=71148"},{"taxonomy":"post_tag","embeddable":true,"href":"https:\/\/aconteceunovale.com.br\/portal\/index.php?rest_route=%2Fwp%2Fv2%2Ftags&post=71148"}],"curies":[{"name":"wp","href":"https:\/\/api.w.org\/{rel}","templated":true}]}}