{"id":71146,"date":"2015-10-16T07:35:16","date_gmt":"2015-10-16T10:35:16","guid":{"rendered":"http:\/\/aconteceunovale.com.br\/portal\/?p=71146"},"modified":"2015-10-16T07:35:16","modified_gmt":"2015-10-16T10:35:16","slug":"ar-seco-e-quente-mantem-o-tempo-estavel-em-todo-o-estado-de-minas-nesta-sexta-feira","status":"publish","type":"post","link":"https:\/\/aconteceunovale.com.br\/portal\/?p=71146","title":{"rendered":"Ar seco e quente mant\u00e9m o tempo est\u00e1vel em todo o estado de Minas nesta sexta-feira"},"content":{"rendered":"<h4><strong><em>Previs\u00e3o do tempo para Minas Gerais, nesta sexta-feira, 16 de outubro. Ar seco e quente mant\u00e9m o tempo est\u00e1vel em todo o estado. Dia de forte calor, com term\u00f4metros chegando a 41 graus no Tri\u00e2ngulo e Norte.<\/em><\/strong><\/h4>\n<p>Nesta sexta-feira (16\/10), o ar seco e quente que cobre o Brasil central deixa o tempo est\u00e1vel e as temperaturas elevadas.<\/p>\n<p>No estado de Minas Gerais, o tempo deve ficar ensolarado a parcialmente nublado nos vales do Rio Doce, Mucuri e Jequitinhonha. Nas outras regi\u00f5es mineiras, o sol deve brilhar forte.<\/p>\n<p>Faz muito calor em todo estado e a temperatura m\u00e1xima em alguns munic\u00edpios do Tri\u00e2ngulo e Noroeste pode atingir a marca dos 41\u00b0C.<\/p>\n<p>Na Regi\u00e3o Metropolitana de Belo Horizonte, mais um dia com tempo est\u00e1vel. Hoje, na cidade de Belo Horizonte\/MG o dia ser\u00e1 de sol, temperatura variando entre 20\u00b0C e 37\u00b0C e baixa umidade relativa do ar.<\/p>\n<p>No final de semana a tend\u00eancia \u00e9 de aumento da nebulosidade e diminui\u00e7\u00e3o do calor no Sul, Centro e Leste mineiro, por causa da passagem de uma frente fria pelo litoral paulista.<\/p>\n","protected":false},"excerpt":{"rendered":"<p>Previs\u00e3o do tempo para Minas Gerais, nesta sexta-feira, 16 de outubro. Ar seco e quente mant\u00e9m o tempo est\u00e1vel em todo o estado. Dia de forte calor, com term\u00f4metros chegando a 41 graus no Tri\u00e2ngulo e Norte. Nesta sexta-feira (16\/10), o ar seco e quente que cobre o Brasil central deixa o tempo est\u00e1vel e [&hellip;]<\/p>\n","protected":false},"author":4,"featured_media":69545,"comment_status":"open","ping_status":"closed","sticky":false,"template":"","format":"standard","meta":{"amp_status":"","footnotes":""},"categories":[123],"tags":[63268,63267,38395,63269,1839,27976,63270],"class_list":["post-71146","post","type-post","status-publish","format-standard","has-post-thumbnail","hentry","category-gerais","tag-16-de-outubro","tag-ar-seco-e-quente-mantem-o-tempo-estavel-em-todo-o-estado-de-minas-nesta-sexta-feira","tag-nesta-sexta-feira","tag-nesta-sexta-feira-16-de-outubro","tag-previsao-do-tempo-para-minas-gerais","tag-previsao-do-tempo-para-minas-gerais-nesta-sexta-feira","tag-previsao-do-tempo-para-minas-gerais-nesta-sexta-feira-16-de-outubro"],"_links":{"self":[{"href":"https:\/\/aconteceunovale.com.br\/portal\/index.php?rest_route=\/wp\/v2\/posts\/71146","targetHints":{"allow":["GET"]}}],"collection":[{"href":"https:\/\/aconteceunovale.com.br\/portal\/index.php?rest_route=\/wp\/v2\/posts"}],"about":[{"href":"https:\/\/aconteceunovale.com.br\/portal\/index.php?rest_route=\/wp\/v2\/types\/post"}],"author":[{"embeddable":true,"href":"https:\/\/aconteceunovale.com.br\/portal\/index.php?rest_route=\/wp\/v2\/users\/4"}],"replies":[{"embeddable":true,"href":"https:\/\/aconteceunovale.com.br\/portal\/index.php?rest_route=%2Fwp%2Fv2%2Fcomments&post=71146"}],"version-history":[{"count":0,"href":"https:\/\/aconteceunovale.com.br\/portal\/index.php?rest_route=\/wp\/v2\/posts\/71146\/revisions"}],"wp:featuredmedia":[{"embeddable":true,"href":"https:\/\/aconteceunovale.com.br\/portal\/index.php?rest_route=\/wp\/v2\/media\/69545"}],"wp:attachment":[{"href":"https:\/\/aconteceunovale.com.br\/portal\/index.php?rest_route=%2Fwp%2Fv2%2Fmedia&parent=71146"}],"wp:term":[{"taxonomy":"category","embeddable":true,"href":"https:\/\/aconteceunovale.com.br\/portal\/index.php?rest_route=%2Fwp%2Fv2%2Fcategories&post=71146"},{"taxonomy":"post_tag","embeddable":true,"href":"https:\/\/aconteceunovale.com.br\/portal\/index.php?rest_route=%2Fwp%2Fv2%2Ftags&post=71146"}],"curies":[{"name":"wp","href":"https:\/\/api.w.org\/{rel}","templated":true}]}}