{"id":71142,"date":"2015-10-15T22:52:15","date_gmt":"2015-10-16T01:52:15","guid":{"rendered":"http:\/\/aconteceunovale.com.br\/portal\/?p=71142"},"modified":"2015-10-15T22:52:15","modified_gmt":"2015-10-16T01:52:15","slug":"pibid-pode-sofrer-cortes-em-2016-diz-capes","status":"publish","type":"post","link":"https:\/\/aconteceunovale.com.br\/portal\/?p=71142","title":{"rendered":"Pibid pode sofrer cortes em 2016, diz Capes"},"content":{"rendered":"<p>O Programa Institucional de Bolsa de Inicia\u00e7\u00e3o \u00e0 Doc\u00eancia (Pibid) poder\u00e1 sofrer cortes no pr\u00f3ximo ano, segundo a diretora de Forma\u00e7\u00e3o de Professores da Educa\u00e7\u00e3o B\u00e1sica da Coordena\u00e7\u00e3o de Aperfei\u00e7oamento de Pessoal de N\u00edvel Superior (Capes), ligada ao Minist\u00e9rio da Educa\u00e7\u00e3o (MEC), Irene Mauricio Cazorla. Ela participou hoje (15\/10\/2015) de audi\u00eancia p\u00fablica na C\u00e2mara dos Deputados para debater o papel do programa.<\/p>\n<p>&#8220;O Pibid \u00e9 priorit\u00e1rio, esse n\u00e3o \u00e9 o problema. O problema \u00e9 recurso&#8221;, disse Irene. Segundo ela, o Pibid \u00e9 a segunda prioridade, fica atr\u00e1s do Plano Nacional de Forma\u00e7\u00e3o de Professores da Educa\u00e7\u00e3o B\u00e1sica (Parfor). &#8220;Temos que trabalhar com o or\u00e7amento que a gente tem, sen\u00e3o depois somos responsabilizados&#8221;, disse, acrescentando que, caso os recursos da Capes sejam cortados, &#8220;todos n\u00f3s sofreremos com os cortes&#8221;.<\/p>\n<p>O programa concede bolsas de R$ 400 mensais a alunos de licenciatura que participam de projetos em escolas de educa\u00e7\u00e3o b\u00e1sica. O programa foi citado no discurso de Mercadante na cerim\u00f4nia de transmiss\u00e3o de cargo. Ap\u00f3s dizer que \u00e9 preciso fazer mais com menos, o ministro citou o Pibid como um dos programas de dever\u00e1 ser revisto. Segundo ele, atualmente o programa tem 86 mil bolsistas. Dos egressos do programa, 18% tornam-se professores da educa\u00e7\u00e3o b\u00e1sica.<\/p>\n<p>A declara\u00e7\u00e3o do ministro gerou preocupa\u00e7\u00e3o com o fim do Pibid. O F\u00f3rum Nacional do Programa Institucional de Bolsa de Inicia\u00e7\u00e3o \u00e0 Doc\u00eancia (Forpibid), coletou mais de 70 mil assinaturas em defesa do programa.<\/p>\n<p>O diretor de Pol\u00edticas e Programas de Gradua\u00e7\u00e3o da Secretaria de Educa\u00e7\u00e3o Superior do MEC, Dilvo Ilvo Ristoff, disse que n\u00e3o conversou ainda com Mercadante sobre a quest\u00e3o, mas que o programa pode sofrer um redesenho. &#8220;Temos que estar abertos para isso&#8221;.<\/p>\n<p>Na audi\u00eancia estavam presentes professores e estudantes beneficiados pelo Pibid. &#8220;A import\u00e2ncia do Pibid \u00e9 incontest\u00e1vel nesse pa\u00eds. O Pibid oxigenou e reoxigenou todas as licenciaturas, trouxe autoestima para os estudantes, criou ilhas de excel\u00eancia. Onde tem Pibid, os professores reconhecem que s\u00e3o os melhores estudantes de licenciatura&#8221;, defendeu a representante da Associa\u00e7\u00e3o Nacional dos Dirigentes das Institui\u00e7\u00f5es Federais de Ensino Superior (Andifes), Irene Cristina de Mello, que participou da mesa. Segundo ela, uma revis\u00e3o do programa deve ser feita em conjunto com as universidades.<\/p>\n<p><strong>Atrasos<\/strong><\/p>\n<p>De acordo com a presidenta do Forpibid, Alessandra Santos de Assis, os repasses \u00e0s universisdades para custeio do programa est\u00e3o atrasados desde o ano passado. &#8220;A segunda parcela n\u00e3o foi repassada e, com isso, h\u00e1 a dificuldade de realiza\u00e7\u00e3o das atividades do programa&#8221;, diz. Ela tamb\u00e9m apontou a necessidade de mais concursos p\u00fablicos para professores da educa\u00e7\u00e3o b\u00e1sica, para que mais bolsistas possam exercer a profiss\u00e3o.<\/p>\n<p>Irene Mauricio Cazorla disse que a Capes priorizou os repassses para as bolsas dos estudantes e que o custeio est\u00e1 atrasado por falta de recursos.<\/p>\n<p><strong>Or\u00e7amento<\/strong><\/p>\n<p>O Or\u00e7amento 2016 est\u00e1 atualmente na  Comiss\u00e3o Mista de Or\u00e7amento (CMO) do Congresso Nacional, que deve votar a Lei de Diretrizes Or\u00e7ament\u00e1rias (LDO). A pr\u00f3xima reuni\u00e3o da comiss\u00e3o est\u00e1 marcada para o dia 20 de outubro. O governo tem at\u00e9 o dia 4 de novembro para enviar adendos ao Projeto de Lei do Or\u00e7amento, prazo final para apresenta\u00e7\u00e3o do relat\u00f3rio preliminar. (Ag\u00eancia Brasil)<\/p>\n","protected":false},"excerpt":{"rendered":"<p>O Programa Institucional de Bolsa de Inicia\u00e7\u00e3o \u00e0 Doc\u00eancia (Pibid) poder\u00e1 sofrer cortes no pr\u00f3ximo ano, segundo a diretora de Forma\u00e7\u00e3o de Professores da Educa\u00e7\u00e3o B\u00e1sica da Coordena\u00e7\u00e3o de Aperfei\u00e7oamento de Pessoal de N\u00edvel Superior (Capes), ligada ao Minist\u00e9rio da Educa\u00e7\u00e3o (MEC), Irene Mauricio Cazorla. Ela participou hoje (15\/10\/2015) de audi\u00eancia p\u00fablica na C\u00e2mara dos [&hellip;]<\/p>\n","protected":false},"author":4,"featured_media":71143,"comment_status":"open","ping_status":"closed","sticky":false,"template":"","format":"standard","meta":{"amp_status":"","footnotes":""},"categories":[40238],"tags":[24259,63262,63264,63261,63256,63263,1168,42383,63260,63258,63259,63255,63257,63266,63265],"class_list":["post-71142","post","type-post","status-publish","format-standard","has-post-thumbnail","hentry","category-educacao-2","tag-capes","tag-corte-no-orcamento","tag-corte-no-pibid","tag-cortes-na-educacao","tag-diz-capes","tag-educacao-basica","tag-mec","tag-orcamento","tag-pibid","tag-pibid-pode-sofrer-cortes-em-2016","tag-pibid-pode-sofrer-cortes-em-2016-diz-capes","tag-programa-de-bolsas-de-iniciacao-a-docencia-pode-sofrer-cortes-em-2016","tag-programa-de-bolsas-de-iniciacao-a-docencia-pode-sofrer-cortes-em-2016-diz-capes","tag-reducao-de-recursos-do-pibid","tag-reducao-do-pibid"],"_links":{"self":[{"href":"https:\/\/aconteceunovale.com.br\/portal\/index.php?rest_route=\/wp\/v2\/posts\/71142","targetHints":{"allow":["GET"]}}],"collection":[{"href":"https:\/\/aconteceunovale.com.br\/portal\/index.php?rest_route=\/wp\/v2\/posts"}],"about":[{"href":"https:\/\/aconteceunovale.com.br\/portal\/index.php?rest_route=\/wp\/v2\/types\/post"}],"author":[{"embeddable":true,"href":"https:\/\/aconteceunovale.com.br\/portal\/index.php?rest_route=\/wp\/v2\/users\/4"}],"replies":[{"embeddable":true,"href":"https:\/\/aconteceunovale.com.br\/portal\/index.php?rest_route=%2Fwp%2Fv2%2Fcomments&post=71142"}],"version-history":[{"count":0,"href":"https:\/\/aconteceunovale.com.br\/portal\/index.php?rest_route=\/wp\/v2\/posts\/71142\/revisions"}],"wp:featuredmedia":[{"embeddable":true,"href":"https:\/\/aconteceunovale.com.br\/portal\/index.php?rest_route=\/wp\/v2\/media\/71143"}],"wp:attachment":[{"href":"https:\/\/aconteceunovale.com.br\/portal\/index.php?rest_route=%2Fwp%2Fv2%2Fmedia&parent=71142"}],"wp:term":[{"taxonomy":"category","embeddable":true,"href":"https:\/\/aconteceunovale.com.br\/portal\/index.php?rest_route=%2Fwp%2Fv2%2Fcategories&post=71142"},{"taxonomy":"post_tag","embeddable":true,"href":"https:\/\/aconteceunovale.com.br\/portal\/index.php?rest_route=%2Fwp%2Fv2%2Ftags&post=71142"}],"curies":[{"name":"wp","href":"https:\/\/api.w.org\/{rel}","templated":true}]}}