{"id":71110,"date":"2015-10-15T17:50:54","date_gmt":"2015-10-15T20:50:54","guid":{"rendered":"http:\/\/aconteceunovale.com.br\/portal\/?p=71110"},"modified":"2015-10-15T17:50:54","modified_gmt":"2015-10-15T20:50:54","slug":"colisao-entre-caminhao-e-carro-deixa-quatro-pessoas-feridas-em-governador-valadares","status":"publish","type":"post","link":"https:\/\/aconteceunovale.com.br\/portal\/?p=71110","title":{"rendered":"Colis\u00e3o entre caminh\u00e3o e carro deixa quatro pessoas feridas em Governador Valadares"},"content":{"rendered":"<p>Quatro pessoas ficaram feridas em um acidente na manh\u00e3 desta quinta-feira, 15 de outubro, na BR-259, em Governador Valadares, no Vale do Rio Doce. A colis\u00e3o traseira entre o caminh\u00e3o placa HBZ-7820 e o ve\u00edculo Corsa placa HJM-2391 aconteceu na altura do quil\u00f4metro 145 da rodovia, no sentido Aimor\u00e9s. <\/p>\n<p>Segundo a Pol\u00edcia Rodovi\u00e1ria Estadual (PRE), a causa da colis\u00e3o seria um ve\u00edculo estacionado irregularmente \u00e0 margem da rodovia, para descarregar material de constru\u00e7\u00e3o, sem a sinaliza\u00e7\u00e3o necess\u00e1ria. O condutor do ve\u00edculo de passeio teria feito uma manobra para n\u00e3o colidir contra a caminhonete e precisou reduzir a velocidade, momento que foi atingido pelo caminh\u00e3o carregado de combust\u00edvel.<\/p>\n<p>O Corpo de Bombeiros foi acionado para resgate das v\u00edtimas. Dentro do Corsa estavam cinco pessoas: tr\u00eas adultos e dois adolescentes. Quatro deles foram encaminhados ao Pronto Socorro de Governador Valadares para avalia\u00e7\u00e3o m\u00e9dica, todavia, todos aparentavam estar bem, sem ferimentos graves. O caminhoneiro nada sofreu.<\/p>\n<p><img decoding=\"async\" src=\"http:\/\/aconteceunovale.com.br\/portal\/wp-content\/uploads\/2015\/10\/acidente_gv.jpg\" alt=\"\" \/><em>Caminh\u00e3o bateu na traseira do ve\u00edculo na BR-259 &#8211; Foto: Ederson Ferreira \/ Di\u00e1rio do Rio Doce<\/em><br \/>\n<\/br><\/p>\n<p><em>(Fonte: G1 dos Vales \/ DRD)<\/em><\/p>\n","protected":false},"excerpt":{"rendered":"<p>Quatro pessoas ficaram feridas em um acidente na manh\u00e3 desta quinta-feira, 15 de outubro, na BR-259, em Governador Valadares, no Vale do Rio Doce. A colis\u00e3o traseira entre o caminh\u00e3o placa HBZ-7820 e o ve\u00edculo Corsa placa HJM-2391 aconteceu na altura do quil\u00f4metro 145 da rodovia, no sentido Aimor\u00e9s. Segundo a Pol\u00edcia Rodovi\u00e1ria Estadual (PRE), [&hellip;]<\/p>\n","protected":false},"author":4,"featured_media":71111,"comment_status":"open","ping_status":"closed","sticky":false,"template":"","format":"standard","meta":{"amp_status":"","footnotes":""},"categories":[121],"tags":[63209,63208,12667,21348,63211,63210],"class_list":["post-71110","post","type-post","status-publish","format-standard","has-post-thumbnail","hentry","category-leste","tag-acidente-com-caminhao-de-combustivel-em-governador-valadares","tag-acidente-com-corsa-de-belo-horizonte","tag-acidente-em-governador-valadares","tag-acidente-na-br-259","tag-colisao-entre-caminhao-e-carro-deixa-quatro-pessoas-feridas-em-governador-valadares","tag-quatro-pessoas-ficam-feridas-apos-acidente-entre-caminhao-e-carro-em-governador-valadares"],"_links":{"self":[{"href":"https:\/\/aconteceunovale.com.br\/portal\/index.php?rest_route=\/wp\/v2\/posts\/71110","targetHints":{"allow":["GET"]}}],"collection":[{"href":"https:\/\/aconteceunovale.com.br\/portal\/index.php?rest_route=\/wp\/v2\/posts"}],"about":[{"href":"https:\/\/aconteceunovale.com.br\/portal\/index.php?rest_route=\/wp\/v2\/types\/post"}],"author":[{"embeddable":true,"href":"https:\/\/aconteceunovale.com.br\/portal\/index.php?rest_route=\/wp\/v2\/users\/4"}],"replies":[{"embeddable":true,"href":"https:\/\/aconteceunovale.com.br\/portal\/index.php?rest_route=%2Fwp%2Fv2%2Fcomments&post=71110"}],"version-history":[{"count":0,"href":"https:\/\/aconteceunovale.com.br\/portal\/index.php?rest_route=\/wp\/v2\/posts\/71110\/revisions"}],"wp:featuredmedia":[{"embeddable":true,"href":"https:\/\/aconteceunovale.com.br\/portal\/index.php?rest_route=\/wp\/v2\/media\/71111"}],"wp:attachment":[{"href":"https:\/\/aconteceunovale.com.br\/portal\/index.php?rest_route=%2Fwp%2Fv2%2Fmedia&parent=71110"}],"wp:term":[{"taxonomy":"category","embeddable":true,"href":"https:\/\/aconteceunovale.com.br\/portal\/index.php?rest_route=%2Fwp%2Fv2%2Fcategories&post=71110"},{"taxonomy":"post_tag","embeddable":true,"href":"https:\/\/aconteceunovale.com.br\/portal\/index.php?rest_route=%2Fwp%2Fv2%2Ftags&post=71110"}],"curies":[{"name":"wp","href":"https:\/\/api.w.org\/{rel}","templated":true}]}}