{"id":71107,"date":"2015-10-15T17:13:33","date_gmt":"2015-10-15T20:13:33","guid":{"rendered":"http:\/\/aconteceunovale.com.br\/portal\/?p=71107"},"modified":"2015-10-15T17:13:33","modified_gmt":"2015-10-15T20:13:33","slug":"mais-da-metade-do-cafe-produzido-em-minas-e-exportado-para-a-europa-asia-e-eua","status":"publish","type":"post","link":"https:\/\/aconteceunovale.com.br\/portal\/?p=71107","title":{"rendered":"Mais da metade do caf\u00e9 produzido em Minas \u00e9 exportado para a Europa, \u00c1sia e EUA"},"content":{"rendered":"<p>O agroneg\u00f3cio respondeu por 33% da pauta mineira de exporta\u00e7\u00f5es, no acumulado de janeiro a setembro deste ano, totalizando US$ 5,5 bilh\u00f5es. A informa\u00e7\u00e3o \u00e9 da\u00a0Secretaria de Estado de Agricultura, Pecu\u00e1ria e Abastecimento (Seapa), com base em dados do Minist\u00e9rio de Desenvolvimento, Ind\u00fastria e Com\u00e9rcio Exterior (MDIC). Al\u00e9m disso, o saldo da balan\u00e7a comercial do agroneg\u00f3cio registrou US$ 5,2 bilh\u00f5es.<\/p>\n<p>De acordo com o levantamento, o grupo \u201ccaf\u00e9 e derivados\u201d manteve a posi\u00e7\u00e3o de lideran\u00e7a do ranking do Estado entre os principais produtos vendidos para o exterior. As exporta\u00e7\u00f5es deste segmento, principalmente de caf\u00e9 verde, atingiram US$ 2,7 bilh\u00f5es, o que corresponde a 48,9% da receita do agroneg\u00f3cio estadual. Apenas de caf\u00e9 verde foram exportadas, no per\u00edodo de janeiro a setembro, 14,4 milh\u00f5es de sacas, que representam 61% da produ\u00e7\u00e3o mineira (23,6 milh\u00f5es de sacas).<\/p>\n<p>A segunda posi\u00e7\u00e3o entre os grupos exportadores ficou com o \u201cComplexo soja\u201d. De janeiro a setembro, as vendas externas desse grupo somaram US$ 833,6 milh\u00f5es, registrando crescimento de 2,9% no valor. O grupo \u201cCarnes\u201d ocupou a terceira posi\u00e7\u00e3o com US$ 590,8 milh\u00f5es e o \u201ccomplexo sucroalcooleiro\u201d manteve a quarta posi\u00e7\u00e3o com uma receita de US$529,7 milh\u00f5es e volume exportado de 733 mil toneladas.<\/p>\n<p>O grupo de pescados tem pouca participa\u00e7\u00e3o na pauta exportadora do agroneg\u00f3cio mineiro, mas vem apresentando crescimento consistente nas vendas de 2015 em rela\u00e7\u00e3o a 2014. No acumulado, a venda de pescados, principalmente de \u201cPeixes ornamentais vivos\u201d, totalizou US$ 22,6 mil. Esses n\u00fameros representam acr\u00e9scimo de 246% no valor.<\/p>\n<p>Segundo o superintendente de Pol\u00edtica e Economia Agr\u00edcola da Seapa, Jo\u00e3o Ricardo Albanez, ainda n\u00e3o foi sentido o impacto positivo nas exporta\u00e7\u00f5es dos produtos do agroneg\u00f3cio em fun\u00e7\u00e3o da valoriza\u00e7\u00e3o do d\u00f3lar. \u201cV\u00e1rios pa\u00edses tamb\u00e9m sofreram desvaloriza\u00e7\u00e3o de suas moedas, e isso vem afetando a competitividade dos nossos produtos no mercado externo. Soma-se a isso, a retra\u00e7\u00e3o da economia da China, pa\u00eds que \u00e9 o nosso principal parceiro comercial\u201d, explica.<\/p>\n<p><strong>Principais mercados<\/strong><\/p>\n<p>A Alemanha continua sendo o principal destino das exporta\u00e7\u00f5es do caf\u00e9, totalizando US$ 575,8 milh\u00f5es, seguido de Estados Unidos (US$ 527,6 milh\u00f5es), It\u00e1lia (US$ 285 milh\u00f5es) e Jap\u00e3o e B\u00e9lgica (US$ 232,3 milh\u00f5es).<\/p>\n<p>J\u00e1 o mercado oriental destaca-se como o principal destino do grupo \u201cPeixes ornamentais vivos\u201d. Os principais pa\u00edses importadores s\u00e3o Jap\u00e3o (US$ 13,9 mil), China (US$ 5,2 mil) e Taiwan (US$ 2,2 mil).<\/p>\n<p>Levando-se em conta toda a pauta de exporta\u00e7\u00f5es do agroneg\u00f3cio, a China foi o principal destino dos produtos mineiros nos nove primeiros meses de 2015, gerando uma receita de US$ 802,6 milh\u00f5es, representando 15% de toda a cesta do setor. O \u201ccomplexo soja\u201d foi o principal grupo de produtos exportados para esse pa\u00eds, com US$ 569,7 milh\u00f5es, que representam 68,4% de toda a receita adquirida desse segmento e 69,4% das divisas geradas pelas importa\u00e7\u00f5es chinesas.<\/p>\n<p>Sob a perspectiva do ranking estadual de exportadores do agroneg\u00f3cio, Minas Gerais permanece na quinta posi\u00e7\u00e3o, sendo respons\u00e1vel por 8,2% das exporta\u00e7\u00f5es do setor em \u00e2mbito nacional.<\/p>\n","protected":false},"excerpt":{"rendered":"<p>O agroneg\u00f3cio respondeu por 33% da pauta mineira de exporta\u00e7\u00f5es, no acumulado de janeiro a setembro deste ano, totalizando US$ 5,5 bilh\u00f5es. A informa\u00e7\u00e3o \u00e9 da\u00a0Secretaria de Estado de Agricultura, Pecu\u00e1ria e Abastecimento (Seapa), com base em dados do Minist\u00e9rio de Desenvolvimento, Ind\u00fastria e Com\u00e9rcio Exterior (MDIC). Al\u00e9m disso, o saldo da balan\u00e7a comercial do [&hellip;]<\/p>\n","protected":false},"author":4,"featured_media":12422,"comment_status":"open","ping_status":"closed","sticky":false,"template":"","format":"standard","meta":{"amp_status":"","footnotes":""},"categories":[123],"tags":[63207,26382,63204,1018,63205,63206,63201,63200,63202,63203],"class_list":["post-71107","post","type-post","status-publish","format-standard","has-post-thumbnail","hentry","category-gerais","tag-61-da-producao-de-cafe-em-minas-gerais-tem-como-destino-a-exportacao","tag-cafe-mineiro","tag-cafe-produzido-em-minas-gerais","tag-destaque","tag-exportacao-de-cafe-produzido-em-minas-gerais","tag-exportacao-do-cafe-mineiro","tag-mais-da-metade-do-cafe-produzido-em-minas-e-exportado-para-a-europa","tag-mais-da-metade-do-cafe-produzido-em-minas-e-exportado-para-a-europa-japao-e-eua","tag-mais-da-metade-do-cafe-produzido-em-minas-e-exportado-para-a-japao","tag-mais-da-metade-do-cafe-produzido-em-minas-e-exportado-para-os-eua"],"_links":{"self":[{"href":"https:\/\/aconteceunovale.com.br\/portal\/index.php?rest_route=\/wp\/v2\/posts\/71107","targetHints":{"allow":["GET"]}}],"collection":[{"href":"https:\/\/aconteceunovale.com.br\/portal\/index.php?rest_route=\/wp\/v2\/posts"}],"about":[{"href":"https:\/\/aconteceunovale.com.br\/portal\/index.php?rest_route=\/wp\/v2\/types\/post"}],"author":[{"embeddable":true,"href":"https:\/\/aconteceunovale.com.br\/portal\/index.php?rest_route=\/wp\/v2\/users\/4"}],"replies":[{"embeddable":true,"href":"https:\/\/aconteceunovale.com.br\/portal\/index.php?rest_route=%2Fwp%2Fv2%2Fcomments&post=71107"}],"version-history":[{"count":0,"href":"https:\/\/aconteceunovale.com.br\/portal\/index.php?rest_route=\/wp\/v2\/posts\/71107\/revisions"}],"wp:featuredmedia":[{"embeddable":true,"href":"https:\/\/aconteceunovale.com.br\/portal\/index.php?rest_route=\/wp\/v2\/media\/12422"}],"wp:attachment":[{"href":"https:\/\/aconteceunovale.com.br\/portal\/index.php?rest_route=%2Fwp%2Fv2%2Fmedia&parent=71107"}],"wp:term":[{"taxonomy":"category","embeddable":true,"href":"https:\/\/aconteceunovale.com.br\/portal\/index.php?rest_route=%2Fwp%2Fv2%2Fcategories&post=71107"},{"taxonomy":"post_tag","embeddable":true,"href":"https:\/\/aconteceunovale.com.br\/portal\/index.php?rest_route=%2Fwp%2Fv2%2Ftags&post=71107"}],"curies":[{"name":"wp","href":"https:\/\/api.w.org\/{rel}","templated":true}]}}