{"id":71103,"date":"2015-10-15T16:56:32","date_gmt":"2015-10-15T19:56:32","guid":{"rendered":"http:\/\/aconteceunovale.com.br\/portal\/?p=71103"},"modified":"2015-10-15T16:56:32","modified_gmt":"2015-10-15T19:56:32","slug":"universalizacao-da-energia-eletrica-vai-atender-55-mil-residencias-rurais-em-minas-gerais","status":"publish","type":"post","link":"https:\/\/aconteceunovale.com.br\/portal\/?p=71103","title":{"rendered":"Universaliza\u00e7\u00e3o da energia el\u00e9trica vai atender 55 mil resid\u00eancias rurais em Minas Gerais"},"content":{"rendered":"<h4><strong><em>Cemig apresenta plano de eletrifica\u00e7\u00e3o rural na Assembleia Legislativa. Tema foi pautado em reuni\u00e3o da Comiss\u00e3o de Minas e Energia do Legislativo mineiro.<\/em><\/strong><\/h4>\n<p>A Companhia Energ\u00e9tica de Minas Gerais \u2013 Cemig apresentou em audi\u00eancia p\u00fablica realizada nessa ter\u00e7a-feira (13\/10) o plano de universaliza\u00e7\u00e3o da energia el\u00e9trica para atender cerca de 55 mil resid\u00eancias no estado, incluindo a necessidade atual e a estimativa de demandas futuras. Representantes da empresa dialogaram sobre a quest\u00e3o com deputados estaduais durante a reuni\u00e3o da Comiss\u00e3o de Minas e Energia da Assembleia Legislativa de Minas Gerais (ALMG).<\/p>\n<p>Durante a reuni\u00e3o, a Cemig reafirmou o compromisso da empresa em levar energia el\u00e9trica aos domic\u00edlios rurais de sua \u00e1rea de concess\u00e3o, composta por 774 munic\u00edpios, at\u00e9 2018. Com o in\u00edcio da execu\u00e7\u00e3o do plano previsto para o primeiro semestre de 2016, o Plano est\u00e1 sendo negociado entre a Cemig, o governo de Minas e o \u00f3rg\u00e3o regulador do setor, a Ag\u00eancia Nacional de Energia El\u00e9trica (Aneel).<\/p>\n<p>De acordo com o gerente de Gest\u00e3o e Execu\u00e7\u00e3o do Programa de Eletrifica\u00e7\u00e3o Rural da Distribui\u00e7\u00e3o da Cemig, Ronaldo de Oliveira, cerca de 95% da \u00e1rea rural do estado possui cobertura de energia el\u00e9trica e, para atender a universaliza\u00e7\u00e3o, mais de 20 mil quil\u00f4metros de novas redes ser\u00e3o constru\u00eddas pela concession\u00e1ria. \u201cIncluindo as atuais e as novas demandas, calculamos que ser\u00e1 necess\u00e1rio fazer em torno de 55 mil novas liga\u00e7\u00f5es, conforme j\u00e1 vem anunciando em reuni\u00f5es com prefeitos e outras autoridades p\u00fablicas pelo nosso presidente, Mauro Borges Lemos\u201d, destacou Ronaldo.<\/p>\n<p><strong>Grupo de trabalho<\/strong><\/p>\n<p>Durante a reuni\u00e3o, foi proposta a cria\u00e7\u00e3o de um grupo de trabalho, com participa\u00e7\u00e3o de parlamentares, membros da Cemig e de secretarias de Estado, visando discutir as solu\u00e7\u00f5es que ser\u00e3o utilizadas para alcan\u00e7ar o desafio da universaliza\u00e7\u00e3o rural, al\u00e9m de projetos de pesquisa e desenvolvimento. A proposta deve ser deliberada nas pr\u00f3ximas reuni\u00f5es da comiss\u00e3o.<\/p>\n","protected":false},"excerpt":{"rendered":"<p>Cemig apresenta plano de eletrifica\u00e7\u00e3o rural na Assembleia Legislativa. Tema foi pautado em reuni\u00e3o da Comiss\u00e3o de Minas e Energia do Legislativo mineiro. A Companhia Energ\u00e9tica de Minas Gerais \u2013 Cemig apresentou em audi\u00eancia p\u00fablica realizada nessa ter\u00e7a-feira (13\/10) o plano de universaliza\u00e7\u00e3o da energia el\u00e9trica para atender cerca de 55 mil resid\u00eancias no estado, [&hellip;]<\/p>\n","protected":false},"author":4,"featured_media":71104,"comment_status":"open","ping_status":"closed","sticky":false,"template":"","format":"standard","meta":{"amp_status":"","footnotes":""},"categories":[123],"tags":[347,63195,63199,63197,63196,63193,63198,63194,63192],"class_list":["post-71103","post","type-post","status-publish","format-standard","has-post-thumbnail","hentry","category-gerais","tag-cemig","tag-cemig-apresenta-plano-de-eletrificacao-rural-na-assembleia-legislativa","tag-energia-eletrica-na-zona-rural-em-minas-gerais","tag-plano-de-eletrificacao-rural","tag-tema-foi-pautado-em-reuniao-da-comissao-de-minas-e-energia-do-legislativo-mineiro","tag-universalizacao-da-energia-eletrica","tag-universalizacao-da-energia-eletrica-da-cemig","tag-universalizacao-da-energia-eletrica-em-minas-gerais","tag-universalizacao-da-energia-eletrica-vai-atender-55-mil-residencias-rurais-em-minas-gerais"],"_links":{"self":[{"href":"https:\/\/aconteceunovale.com.br\/portal\/index.php?rest_route=\/wp\/v2\/posts\/71103","targetHints":{"allow":["GET"]}}],"collection":[{"href":"https:\/\/aconteceunovale.com.br\/portal\/index.php?rest_route=\/wp\/v2\/posts"}],"about":[{"href":"https:\/\/aconteceunovale.com.br\/portal\/index.php?rest_route=\/wp\/v2\/types\/post"}],"author":[{"embeddable":true,"href":"https:\/\/aconteceunovale.com.br\/portal\/index.php?rest_route=\/wp\/v2\/users\/4"}],"replies":[{"embeddable":true,"href":"https:\/\/aconteceunovale.com.br\/portal\/index.php?rest_route=%2Fwp%2Fv2%2Fcomments&post=71103"}],"version-history":[{"count":0,"href":"https:\/\/aconteceunovale.com.br\/portal\/index.php?rest_route=\/wp\/v2\/posts\/71103\/revisions"}],"wp:featuredmedia":[{"embeddable":true,"href":"https:\/\/aconteceunovale.com.br\/portal\/index.php?rest_route=\/wp\/v2\/media\/71104"}],"wp:attachment":[{"href":"https:\/\/aconteceunovale.com.br\/portal\/index.php?rest_route=%2Fwp%2Fv2%2Fmedia&parent=71103"}],"wp:term":[{"taxonomy":"category","embeddable":true,"href":"https:\/\/aconteceunovale.com.br\/portal\/index.php?rest_route=%2Fwp%2Fv2%2Fcategories&post=71103"},{"taxonomy":"post_tag","embeddable":true,"href":"https:\/\/aconteceunovale.com.br\/portal\/index.php?rest_route=%2Fwp%2Fv2%2Ftags&post=71103"}],"curies":[{"name":"wp","href":"https:\/\/api.w.org\/{rel}","templated":true}]}}