{"id":71099,"date":"2015-10-15T16:48:12","date_gmt":"2015-10-15T19:48:12","guid":{"rendered":"http:\/\/aconteceunovale.com.br\/portal\/?p=71099"},"modified":"2015-10-15T16:48:12","modified_gmt":"2015-10-15T19:48:12","slug":"horario-de-verao-comeca-no-proximo-domingo","status":"publish","type":"post","link":"https:\/\/aconteceunovale.com.br\/portal\/?p=71099","title":{"rendered":"Hor\u00e1rio de Ver\u00e3o come\u00e7a no pr\u00f3ximo domingo"},"content":{"rendered":"<h4><strong><em>Redu\u00e7\u00e3o de demanda deve chegar a 4% em Minas Gerais<\/em><\/strong><\/h4>\n<p>Com o in\u00edcio do Hor\u00e1rio de Ver\u00e3o \u00e0 zero hora do pr\u00f3ximo domingo (18\/10), os rel\u00f3gios dever\u00e3o ser adiantado em uma hora nos estados brasileiros que adotam essa medida de redu\u00e7\u00e3o da demanda de energia el\u00e9trica. Em Minas Gerais, a Cemig espera uma redu\u00e7\u00e3o de demanda m\u00e1xima de 4,0%, o que equivale a 332 MW, em Minas Gerais. Essa pot\u00eancia corresponde, por exemplo, \u00e0 demanda de pico das cidades de Juiz de Fora e Sete Lagoas, munic\u00edpios de m\u00e9dio porte do interior do Estado, ou de uma grande cidade de 750 mil habitantes. A altera\u00e7\u00e3o do hor\u00e1rio ir\u00e1 vigorar at\u00e9 zero hora de 21 de fevereiro do ano que vem, totalizando 126 dias de dura\u00e7\u00e3o.<\/p>\n<p>No consumo de energia, quest\u00e3o importante na atual conjuntura de recupera\u00e7\u00e3o dos reservat\u00f3rios, dever\u00e1 ser obtida, em Minas Gerais, uma economia de energia de at\u00e9 0,5%, que representa cerca de 35 MW m\u00e9dios ou, durante todo o per\u00edodo do Hor\u00e1rio de Ver\u00e3o, 106.000 MWh, suficiente para abastecer Belo Horizonte durante nove dias.<\/p>\n<p>O principal objetivo do Hor\u00e1rio de Ver\u00e3o \u00e9 a redu\u00e7\u00e3o da demanda m\u00e1xima durante o hor\u00e1rio de pico de consumo do sistema el\u00e9trico, que ocorre no per\u00edodo das 18 \u00e0s 22 horas. Essa medida n\u00e3o altera o consumo na parte da tarde, devido a outras cargas cujo aumento \u00e9 devido \u00e0s altas temperaturas observadas no ver\u00e3o (aparelhos de ar condicionado, geladeiras, ventiladores e freezers), o que pode provocar um pico na demanda. Ainda assim permanece o benef\u00edcio do Hor\u00e1rio de Ver\u00e3o ao evitar a ocorr\u00eancia de um segundo e maior pico di\u00e1rio de consumo (ver quadro abaixo).<\/p>\n<p><img decoding=\"async\" src=\"http:\/\/aconteceunovale.com.br\/portal\/wp-content\/uploads\/2015\/10\/economia_horario_de_verao.jpg\" alt=\"\" \/><br \/>\n<\/br><\/p>\n<p><strong>Decreto<\/strong><\/p>\n<p>O decreto n\u00ba 6.558 de 2008 fixou as datas do Hor\u00e1rio de Ver\u00e3o. O in\u00edcio ocorre sempre a partir de zero hora do terceiro domingo de outubro de cada ano. O t\u00e9rmino acontece \u00e0 zero hora do terceiro domingo de fevereiro do ano seguinte, quando n\u00e3o houver coincid\u00eancia com o carnaval.<\/p>\n<p>O Hor\u00e1rio de Ver\u00e3o \u00e9 adotado, atualmente, no Rio Grande do Sul, Santa Catarina, Paran\u00e1, S\u00e3o Paulo, Rio de Janeiro, Esp\u00edrito Santo, Minas Gerais, Goi\u00e1s, Mato Grosso, Mato Grosso do Sul e no Distrito Federal.<\/p>\n<p><strong>Economia prevista no Brasil<\/strong><\/p>\n<p>Nessa edi\u00e7\u00e3o do Hor\u00e1rio de Ver\u00e3o 2015\/2016, s\u00e3o esperados resultados, para os estados que adotam a mudan\u00e7a nos rel\u00f3gios, semelhantes aos obtidos no ano passado. De acordo com avalia\u00e7\u00f5es do Operador Nacional do Sistema El\u00e9trico (ONS), na edi\u00e7\u00e3o passada, a economia no sistema el\u00e9trico interligado brasileiro atingiu 4,5% de redu\u00e7\u00e3o na demanda m\u00e1xima ou 2.680 MW, o que equivale \u00e0 soma do dobro da carga de Bras\u00edlia e de 75% da carga de Curitiba.<\/p>\n<p>J\u00e1 a redu\u00e7\u00e3o do consumo de energia foi de 265 MW m\u00e9dios, correspondentes \u00e0 soma do consumo de um m\u00eas de Bras\u00edlia e Florian\u00f3polis. Essa redu\u00e7\u00e3o de consumo foi incorporada ao armazenamento dos reservat\u00f3rios das hidrel\u00e9tricas brasileiras agregando 0,4% ao armazenamento da regi\u00e3o Sudeste\/Centro-Oeste e 1,3% ao armazenamento da regi\u00e3o Sul.<\/p>\n<p><strong>Benef\u00edcios<\/strong><\/p>\n<p>As consequ\u00eancias ben\u00e9ficas da redu\u00e7\u00e3o na demanda provocada pelo Hor\u00e1rio de Ver\u00e3o s\u00e3o:<\/p>\n<p>\u00b7 aumento da confiabilidade, qualidade e seguran\u00e7a da opera\u00e7\u00e3o do sistema el\u00e9trico, por meio do alivio do carregamento nas linhas de transmiss\u00e3o, transformadores, sistemas de distribui\u00e7\u00e3o e unidades geradoras de energia, reduzindo o risco de ocorr\u00eancia de apag\u00f5es;<\/p>\n<p>\u00b7 melhores condi\u00e7\u00f5es de controle, principalmente em situa\u00e7\u00f5es de emerg\u00eancias, possibilitando acomodar eventuais sa\u00eddas for\u00e7adas de linhas de transmiss\u00e3o;<\/p>\n<p>\u00b7 aumento da flexibilidade operativa, facilitando a programa\u00e7\u00e3o de manuten\u00e7\u00f5es e permitindo maior explora\u00e7\u00e3o da gera\u00e7\u00e3o hidr\u00e1ulica e transfer\u00eancia de energia entre as regi\u00f5es do pa\u00eds;<\/p>\n<p>\u00b7 menor gasto de energia com ilumina\u00e7\u00e3o, principalmente nas classes comercial e residencial, conseguida com o menor tempo de utiliza\u00e7\u00e3o da ilumina\u00e7\u00e3o artificial, podendo ser obtida uma redu\u00e7\u00e3o de at\u00e9 5% no consumo mensal de energia;<\/p>\n<p>\u00b7 menores custos para a sociedade devido \u00e0 gera\u00e7\u00e3o t\u00e9rmica evitada e ao adiamento de obras de refor\u00e7o no sistema de transmiss\u00e3o e distribui\u00e7\u00e3o de energia el\u00e9trica.<\/p>\n","protected":false},"excerpt":{"rendered":"<p>Redu\u00e7\u00e3o de demanda deve chegar a 4% em Minas Gerais Com o in\u00edcio do Hor\u00e1rio de Ver\u00e3o \u00e0 zero hora do pr\u00f3ximo domingo (18\/10), os rel\u00f3gios dever\u00e3o ser adiantado em uma hora nos estados brasileiros que adotam essa medida de redu\u00e7\u00e3o da demanda de energia el\u00e9trica. Em Minas Gerais, a Cemig espera uma redu\u00e7\u00e3o de [&hellip;]<\/p>\n","protected":false},"author":4,"featured_media":71101,"comment_status":"open","ping_status":"closed","sticky":false,"template":"","format":"standard","meta":{"amp_status":"","footnotes":""},"categories":[123],"tags":[345,63189,60476,63191,63190],"class_list":["post-71099","post","type-post","status-publish","format-standard","has-post-thumbnail","hentry","category-gerais","tag-horario-de-verao","tag-horario-de-verao-comeca-no-proximo-domingo","tag-inicio-do-horario-de-verao","tag-objetivo-do-horario-de-verao","tag-reducao-de-demanda-deve-chegar-a-4-em-minas-gerais"],"_links":{"self":[{"href":"https:\/\/aconteceunovale.com.br\/portal\/index.php?rest_route=\/wp\/v2\/posts\/71099","targetHints":{"allow":["GET"]}}],"collection":[{"href":"https:\/\/aconteceunovale.com.br\/portal\/index.php?rest_route=\/wp\/v2\/posts"}],"about":[{"href":"https:\/\/aconteceunovale.com.br\/portal\/index.php?rest_route=\/wp\/v2\/types\/post"}],"author":[{"embeddable":true,"href":"https:\/\/aconteceunovale.com.br\/portal\/index.php?rest_route=\/wp\/v2\/users\/4"}],"replies":[{"embeddable":true,"href":"https:\/\/aconteceunovale.com.br\/portal\/index.php?rest_route=%2Fwp%2Fv2%2Fcomments&post=71099"}],"version-history":[{"count":0,"href":"https:\/\/aconteceunovale.com.br\/portal\/index.php?rest_route=\/wp\/v2\/posts\/71099\/revisions"}],"wp:featuredmedia":[{"embeddable":true,"href":"https:\/\/aconteceunovale.com.br\/portal\/index.php?rest_route=\/wp\/v2\/media\/71101"}],"wp:attachment":[{"href":"https:\/\/aconteceunovale.com.br\/portal\/index.php?rest_route=%2Fwp%2Fv2%2Fmedia&parent=71099"}],"wp:term":[{"taxonomy":"category","embeddable":true,"href":"https:\/\/aconteceunovale.com.br\/portal\/index.php?rest_route=%2Fwp%2Fv2%2Fcategories&post=71099"},{"taxonomy":"post_tag","embeddable":true,"href":"https:\/\/aconteceunovale.com.br\/portal\/index.php?rest_route=%2Fwp%2Fv2%2Ftags&post=71099"}],"curies":[{"name":"wp","href":"https:\/\/api.w.org\/{rel}","templated":true}]}}