{"id":71021,"date":"2015-10-13T19:33:25","date_gmt":"2015-10-13T22:33:25","guid":{"rendered":"http:\/\/aconteceunovale.com.br\/portal\/?p=71021"},"modified":"2015-10-13T19:33:25","modified_gmt":"2015-10-13T22:33:25","slug":"comerciante-e-suspeito-de-atentado-contra-residencia-de-desafeto-em-aracuai","status":"publish","type":"post","link":"https:\/\/aconteceunovale.com.br\/portal\/?p=71021","title":{"rendered":"Comerciante \u00e9 suspeito de atentado contra resid\u00eancia de desafeto em Ara\u00e7ua\u00ed"},"content":{"rendered":"<p>A Pol\u00edcia Civil de Ara\u00e7ua\u00ed vai investigar um atentado contra a resid\u00eancia de um morador do bairro Gr\u00e3-Bretanha no in\u00edcio da noite dessa segunda-feira, 12 de outubro. O principal suspeito do crime \u00e9 um comerciante de ve\u00edculos, de 31 anos. Ele teria feito amea\u00e7as de morte contra um jovem de 22 anos e atirado v\u00e1rias vezes contra o port\u00e3o do im\u00f3vel onde o desafeto reside na Rua Macap\u00e1.  <\/p>\n<p>De acordo com a Pol\u00edcia Militar (PM), a fam\u00edlia da v\u00edtima solicitou a presen\u00e7a de uma guarni\u00e7\u00e3o para registro da ocorr\u00eancia. O rapaz contou que o comerciante estava em um ve\u00edculo Toyota Corolla de cor branca e ao passar diante da casa dele, fez diversos disparos que atingiram o port\u00e3o.<\/p>\n<p>O jovem contou que meses atr\u00e1s, quebrou o retrovisor do carro do comerciante, ap\u00f3s ser humilhado por ele, e que a partir da\u00ed, ambos passaram a se desentender.<\/p>\n<p>No local, policiais recolheram  6 c\u00e1psulas de pistola 380, deflagradas. A fam\u00edlia da v\u00edtima disse que ap\u00f3s a sa\u00edda dos militares, foram encontradas mais 3 c\u00e1psulas.<\/p>\n<p>Uma irm\u00e3 da v\u00edtima informou que 7 tiros acertaram o port\u00e3o. Ela contou que na manh\u00e3 de s\u00e1bado (10), por volta das 6 horas, o comerciante invadiu a casa quebrando o port\u00e3o com o carro. &#8220;Ele chegou a entrar na garagem. Acordamos com o barulho. Eu e minha m\u00e3e corremos para a rua. Ele saiu afirmando que vai matar meu irm\u00e3o.&#8221;, disse a mulher.<\/p>\n<p><strong>Suspeito nega acusa\u00e7\u00f5es<\/strong><\/p>\n<p>De posse das informa\u00e7\u00f5es os policiais abordaram o comerciante em uma pra\u00e7a da cidade. Ele estava em outro ve\u00edculo, um Mercedes Benz preto. Ainda segundo a PM, foram feitas buscas pessoais no comerciante e no interior do carro que ele estava usando, mas, nada foi encontrado.<\/p>\n<p>O suspeito negou qualquer envolvimento na ocorr\u00eancia. \u201cN\u00e3o havia naquele momento, nenhum elemento de convic\u00e7\u00e3o ou prova do crime que pudesse indic\u00e1-lo como autor dos disparos e por isso ele n\u00e3o foi conduzido. Os fatos dever\u00e3o ser investigados pela Pol\u00edcia Civil.\u201d, informou o Tenente Gilam\u00e1rcio da Silva Rocha.<\/p>\n<p>A Pol\u00edcia Militar confirmou que existe uma rixa antiga entre o comerciante e a v\u00edtima. O caso foi encaminhado \u00e0 delegacia de Pol\u00edcia Civil. (Gazeta de Ara\u00e7ua\u00ed)<\/p>\n","protected":false},"excerpt":{"rendered":"<p>A Pol\u00edcia Civil de Ara\u00e7ua\u00ed vai investigar um atentado contra a resid\u00eancia de um morador do bairro Gr\u00e3-Bretanha no in\u00edcio da noite dessa segunda-feira, 12 de outubro. O principal suspeito do crime \u00e9 um comerciante de ve\u00edculos, de 31 anos. Ele teria feito amea\u00e7as de morte contra um jovem de 22 anos e atirado v\u00e1rias [&hellip;]<\/p>\n","protected":false},"author":4,"featured_media":66546,"comment_status":"open","ping_status":"closed","sticky":false,"template":"","format":"standard","meta":{"amp_status":"","footnotes":""},"categories":[120],"tags":[186,63068,63069,63067,63070],"class_list":["post-71021","post","type-post","status-publish","format-standard","has-post-thumbnail","hentry","category-jequi","tag-aracuai","tag-briga-de-comerciante-em-aracuai","tag-comerciante-de-aracuai-atira-em-portao","tag-comerciante-e-suspeito-de-atentado-contra-casa-de-desafeto-em-aracuai","tag-comerciante-e-suspeito-de-atentado-contra-residencia-de-desafeto-em-aracuai"],"_links":{"self":[{"href":"https:\/\/aconteceunovale.com.br\/portal\/index.php?rest_route=\/wp\/v2\/posts\/71021","targetHints":{"allow":["GET"]}}],"collection":[{"href":"https:\/\/aconteceunovale.com.br\/portal\/index.php?rest_route=\/wp\/v2\/posts"}],"about":[{"href":"https:\/\/aconteceunovale.com.br\/portal\/index.php?rest_route=\/wp\/v2\/types\/post"}],"author":[{"embeddable":true,"href":"https:\/\/aconteceunovale.com.br\/portal\/index.php?rest_route=\/wp\/v2\/users\/4"}],"replies":[{"embeddable":true,"href":"https:\/\/aconteceunovale.com.br\/portal\/index.php?rest_route=%2Fwp%2Fv2%2Fcomments&post=71021"}],"version-history":[{"count":0,"href":"https:\/\/aconteceunovale.com.br\/portal\/index.php?rest_route=\/wp\/v2\/posts\/71021\/revisions"}],"wp:featuredmedia":[{"embeddable":true,"href":"https:\/\/aconteceunovale.com.br\/portal\/index.php?rest_route=\/wp\/v2\/media\/66546"}],"wp:attachment":[{"href":"https:\/\/aconteceunovale.com.br\/portal\/index.php?rest_route=%2Fwp%2Fv2%2Fmedia&parent=71021"}],"wp:term":[{"taxonomy":"category","embeddable":true,"href":"https:\/\/aconteceunovale.com.br\/portal\/index.php?rest_route=%2Fwp%2Fv2%2Fcategories&post=71021"},{"taxonomy":"post_tag","embeddable":true,"href":"https:\/\/aconteceunovale.com.br\/portal\/index.php?rest_route=%2Fwp%2Fv2%2Ftags&post=71021"}],"curies":[{"name":"wp","href":"https:\/\/api.w.org\/{rel}","templated":true}]}}