{"id":71018,"date":"2015-10-13T19:13:42","date_gmt":"2015-10-13T22:13:42","guid":{"rendered":"http:\/\/aconteceunovale.com.br\/portal\/?p=71018"},"modified":"2015-10-13T19:13:42","modified_gmt":"2015-10-13T22:13:42","slug":"acidente-entre-moto-e-onibus-deixa-um-morto-na-br-381-no-vale-do-aco","status":"publish","type":"post","link":"https:\/\/aconteceunovale.com.br\/portal\/?p=71018","title":{"rendered":"Acidente entre moto e \u00f4nibus deixa um morto na BR-381, no Vale do A\u00e7o"},"content":{"rendered":"<p>Um homem de 34 anos morreu em um acidente na noite dessa segunda-feira, 12 de outubro, no munic\u00edpio de Santana do Para\u00edso, no Vale do A\u00e7o. Segundo a Pol\u00edcia Rodovi\u00e1ria Federal (PRF), Gilder Carlos Martins Pires seguia de Ipatinga para Governador Valadares pela BR-381, quando invadiu a contram\u00e3o e colidiu a motocicleta que conduzia contra um \u00f4nibus (placa LOI-4892 de Padre Para\u00edso). A moto ficou embaixo do ve\u00edculo e o piloto morreu no local.<\/p>\n<p>A colis\u00e3o provou diversos danos no ve\u00edculo coletivo, que foi rebocado para um p\u00e1tio credenciado. Os passageiros n\u00e3o ficaram feridos e seguiram viagem para Belo Horizonte em outro ve\u00edculo.<\/p>\n<p>O corpo do motociclista foi encaminhado ao Instituto M\u00e9dico Legal (IML) de Ipatinga. O motorista do \u00f4nibus foi conduzido \u00e0 Delegacia de Pol\u00edcia Civil para prestar esclarecimentos.<\/p>\n<p><img decoding=\"async\" src=\"http:\/\/aconteceunovale.com.br\/portal\/wp-content\/uploads\/2015\/10\/acidente_santana_do_paraiso.jpg\" alt=\"\" \/><em>Acidente aconteceu na BR-381 &#8211; Foto: Plant\u00e3o Policial Ipatinga<\/em><br \/>\n<\/br><\/p>\n<p><em>(Fonte: G1 dos Vales \/ com altera\u00e7\u00f5es)<\/em><\/p>\n","protected":false},"excerpt":{"rendered":"<p>Um homem de 34 anos morreu em um acidente na noite dessa segunda-feira, 12 de outubro, no munic\u00edpio de Santana do Para\u00edso, no Vale do A\u00e7o. Segundo a Pol\u00edcia Rodovi\u00e1ria Federal (PRF), Gilder Carlos Martins Pires seguia de Ipatinga para Governador Valadares pela BR-381, quando invadiu a contram\u00e3o e colidiu a motocicleta que conduzia contra [&hellip;]<\/p>\n","protected":false},"author":4,"featured_media":71019,"comment_status":"open","ping_status":"closed","sticky":false,"template":"","format":"standard","meta":{"amp_status":"","footnotes":""},"categories":[121],"tags":[63061,63063,63066,63065,63062,247,201,63064,572,2101],"class_list":["post-71018","post","type-post","status-publish","format-standard","has-post-thumbnail","hentry","category-leste","tag-acidente-com-onibus-de-padre-paraiso","tag-acidente-entre-moto-e-onibus-deixa-um-morto-na-br-381","tag-acidente-entre-moto-e-onibus-deixa-um-morto-na-br-381-em-santana-do-paraiso","tag-acidente-entre-moto-e-onibus-deixa-um-morto-na-br-381-no-vale-do-aco","tag-gilder-carlos-martins-pires","tag-governador-valadares","tag-ipatinga","tag-no-vale-do-aco","tag-padre-paraiso","tag-santana-do-paraiso"],"_links":{"self":[{"href":"https:\/\/aconteceunovale.com.br\/portal\/index.php?rest_route=\/wp\/v2\/posts\/71018","targetHints":{"allow":["GET"]}}],"collection":[{"href":"https:\/\/aconteceunovale.com.br\/portal\/index.php?rest_route=\/wp\/v2\/posts"}],"about":[{"href":"https:\/\/aconteceunovale.com.br\/portal\/index.php?rest_route=\/wp\/v2\/types\/post"}],"author":[{"embeddable":true,"href":"https:\/\/aconteceunovale.com.br\/portal\/index.php?rest_route=\/wp\/v2\/users\/4"}],"replies":[{"embeddable":true,"href":"https:\/\/aconteceunovale.com.br\/portal\/index.php?rest_route=%2Fwp%2Fv2%2Fcomments&post=71018"}],"version-history":[{"count":0,"href":"https:\/\/aconteceunovale.com.br\/portal\/index.php?rest_route=\/wp\/v2\/posts\/71018\/revisions"}],"wp:featuredmedia":[{"embeddable":true,"href":"https:\/\/aconteceunovale.com.br\/portal\/index.php?rest_route=\/wp\/v2\/media\/71019"}],"wp:attachment":[{"href":"https:\/\/aconteceunovale.com.br\/portal\/index.php?rest_route=%2Fwp%2Fv2%2Fmedia&parent=71018"}],"wp:term":[{"taxonomy":"category","embeddable":true,"href":"https:\/\/aconteceunovale.com.br\/portal\/index.php?rest_route=%2Fwp%2Fv2%2Fcategories&post=71018"},{"taxonomy":"post_tag","embeddable":true,"href":"https:\/\/aconteceunovale.com.br\/portal\/index.php?rest_route=%2Fwp%2Fv2%2Ftags&post=71018"}],"curies":[{"name":"wp","href":"https:\/\/api.w.org\/{rel}","templated":true}]}}