{"id":70987,"date":"2015-10-13T10:59:10","date_gmt":"2015-10-13T13:59:10","guid":{"rendered":"http:\/\/aconteceunovale.com.br\/portal\/?p=70987"},"modified":"2015-10-13T10:59:10","modified_gmt":"2015-10-13T13:59:10","slug":"adolescente-e-assassinado-apos-desentendimento-por-causa-de-motocicleta-em-ipatinga","status":"publish","type":"post","link":"https:\/\/aconteceunovale.com.br\/portal\/?p=70987","title":{"rendered":"Adolescente \u00e9 assassinado ap\u00f3s desentendimento por causa de motocicleta em Ipatinga"},"content":{"rendered":"<p>Um adolescente de 16 anos foi morto a tiros na noite desse domingo, 12 de outubro, em Ipatinga, no Vale do A\u00e7o. Iorran Fernandes Rodrigues foi encontrado ca\u00eddo na sala de sua casa, na Rua Piau, nas Ch\u00e1caras Oliveiras, por volta das 22 horas. Uma equipe do Servi\u00e7o de Atendimento M\u00f3vel de Urg\u00eancia (SAMU) compareceu ao local e confirmou o \u00f3bito.<\/p>\n<p>O principal suspeito do crime \u00e9 F.C.S, de 29 anos. De acordo com a Pol\u00edcia Militar (PM), uma testemunha relatou que Iorran foi baleado ap\u00f3s um desentendimento com o suspeito por causa de uma motocicleta. <\/p>\n<p>O corpo da v\u00edtima foi removido ao Instituto M\u00e9dico Legal (IML) ap\u00f3s os trabalhos da Per\u00edcia. O suspeito do crime evadiu do local na garupa de uma motocicleta e ainda n\u00e3o foi localizado pela Pol\u00edcia.<\/p>\n<p><img decoding=\"async\" src=\"http:\/\/aconteceunovale.com.br\/portal\/wp-content\/uploads\/2015\/10\/homicidio_ipatinga.jpg\" alt=\"\" \/><em>Iorran Fernandes Rodrigues tinha 16 anos &#8211; Foto: Plant\u00e3o Policial Ipatinga<\/em><\/p>\n","protected":false},"excerpt":{"rendered":"<p>Um adolescente de 16 anos foi morto a tiros na noite desse domingo, 12 de outubro, em Ipatinga, no Vale do A\u00e7o. Iorran Fernandes Rodrigues foi encontrado ca\u00eddo na sala de sua casa, na Rua Piau, nas Ch\u00e1caras Oliveiras, por volta das 22 horas. Uma equipe do Servi\u00e7o de Atendimento M\u00f3vel de Urg\u00eancia (SAMU) compareceu [&hellip;]<\/p>\n","protected":false},"author":4,"featured_media":70988,"comment_status":"open","ping_status":"closed","sticky":false,"template":"","format":"standard","meta":{"amp_status":"","footnotes":""},"categories":[121],"tags":[63002,50008,31318,63007,63004,27671,63005,63003,201,50007,50009,63006],"class_list":["post-70987","post","type-post","status-publish","format-standard","has-post-thumbnail","hentry","category-leste","tag-adolescente-e-assassinado-apos-desentendimento-por-causa-de-motocicleta-em-ipatinga","tag-assassinado-em-ipatinga","tag-assassinato-em-ipatinga","tag-assassinato-nas-chacaras-oliveiras","tag-fabio-clemente-da-silva","tag-homicidio-em-ipatinga","tag-homicidio-nas-chacaras-oliveiras","tag-iorran-fernandes-rodrigues","tag-ipatinga","tag-morte-em-ipatinga","tag-morto-em-ipatinga","tag-morto-nas-chacaras-oliveiras"],"_links":{"self":[{"href":"https:\/\/aconteceunovale.com.br\/portal\/index.php?rest_route=\/wp\/v2\/posts\/70987","targetHints":{"allow":["GET"]}}],"collection":[{"href":"https:\/\/aconteceunovale.com.br\/portal\/index.php?rest_route=\/wp\/v2\/posts"}],"about":[{"href":"https:\/\/aconteceunovale.com.br\/portal\/index.php?rest_route=\/wp\/v2\/types\/post"}],"author":[{"embeddable":true,"href":"https:\/\/aconteceunovale.com.br\/portal\/index.php?rest_route=\/wp\/v2\/users\/4"}],"replies":[{"embeddable":true,"href":"https:\/\/aconteceunovale.com.br\/portal\/index.php?rest_route=%2Fwp%2Fv2%2Fcomments&post=70987"}],"version-history":[{"count":0,"href":"https:\/\/aconteceunovale.com.br\/portal\/index.php?rest_route=\/wp\/v2\/posts\/70987\/revisions"}],"wp:featuredmedia":[{"embeddable":true,"href":"https:\/\/aconteceunovale.com.br\/portal\/index.php?rest_route=\/wp\/v2\/media\/70988"}],"wp:attachment":[{"href":"https:\/\/aconteceunovale.com.br\/portal\/index.php?rest_route=%2Fwp%2Fv2%2Fmedia&parent=70987"}],"wp:term":[{"taxonomy":"category","embeddable":true,"href":"https:\/\/aconteceunovale.com.br\/portal\/index.php?rest_route=%2Fwp%2Fv2%2Fcategories&post=70987"},{"taxonomy":"post_tag","embeddable":true,"href":"https:\/\/aconteceunovale.com.br\/portal\/index.php?rest_route=%2Fwp%2Fv2%2Ftags&post=70987"}],"curies":[{"name":"wp","href":"https:\/\/api.w.org\/{rel}","templated":true}]}}