{"id":70960,"date":"2015-10-12T23:13:04","date_gmt":"2015-10-13T02:13:04","guid":{"rendered":"http:\/\/aconteceunovale.com.br\/portal\/?p=70960"},"modified":"2015-10-12T23:13:04","modified_gmt":"2015-10-13T02:13:04","slug":"fieis-pedem-para-nossa-senhora-aparecida-melhorar-a-situacao-do-brasil-2","status":"publish","type":"post","link":"https:\/\/aconteceunovale.com.br\/portal\/?p=70960","title":{"rendered":"Fi\u00e9is pedem para Nossa Senhora Aparecida melhorar a situa\u00e7\u00e3o do Brasil"},"content":{"rendered":"<p>Na prociss\u00e3o deste domingo (12\/10\/2015), em Bras\u00edlia, o funcion\u00e1rio p\u00fablico Joaquim Braga, de 56 anos, que levou uma vela com a imagem de Nossa Senhora Aparecida, tinha uma inten\u00e7\u00e3o especial: &#8220;vou pedir para ver se melhora a situa\u00e7\u00e3o do pa\u00eds, pedir a Deus, Nossa Senhora. S\u00f3 eles mesmo&#8221;.  Ele disse que, neste ano, a situa\u00e7\u00e3o est\u00e1 dif\u00edcil. Assim como ele, v\u00e1rias pessoas somaram aos pedidos pessoais ora\u00e7\u00f5es por melhoras econ\u00f4micas e pol\u00edticas no pa\u00eds.<\/p>\n<p>Entre essas pessoas, estava o governador do Distrito Federal (DF), Rodrigo Rollemberg.  Junto com a fam\u00edlia e com deputados, o governador assistiu \u00e0 missa dedicada \u00e0 Padroeira do Brasil na Esplanada dos Minist\u00e9rios.<\/p>\n<p>Por causa da crise econ\u00f4mica, Rollemberg, que assumiu o cargo no in\u00edcio deste ano, aumentou tarifas, entre elas as das passagens de \u00f4nibus no DF e, assim como o  governo federal, far\u00e1 uma reforma administrativa. A nova estrutura do Executivo, com corte de secretarias e administra\u00e7\u00f5es regionais, ser\u00e1 anunciada nos pr\u00f3ximos dias. Depois de participar da missa, o governador disse que a ora\u00e7\u00e3o \u00e9 importante, especialmente a Nossa Senhora Aparecida: &#8220;A gente pede que ela nos proteja, nos inspire e nos d\u00ea sabedoria para tomar as medidas adequadas.&#8221;<\/p>\n<p><img decoding=\"async\" src=\"http:\/\/aconteceunovale.com.br\/portal\/wp-content\/uploads\/2015\/10\/procisao_bsb_nossa_senhora.jpg\" alt=\"\" \/><em>Prociss\u00e3o na Esplanada reuniu 15 mil pessoas &#8211; Foto: Fabio Rodrigues Pozzebom \/ Ag\u00eancia Brasil<\/em><br \/>\n<\/br><\/p>\n<p>Mal terminou a frase, Rollemberg foi interrompido pela decoradora Neide Alves: &#8220;Nossa Senhora o aben\u00e7oe, governador. Estamos rezando, estamos acompanhando&#8221;. Separada do governador por uma grade, Neide foi impedida de seguir com ele. &#8220;Rezo pelo governo todos os dias&#8221;, diz. Neide carregava uma vela acesa, mas confessou: &#8220;esta n\u00e3o \u00e9 para Rollemberg, \u00e9 para uma causa especial&#8221;.<\/p>\n<p>A festa de Nossa Senhora Aparecida na capital federal reuniu cerca de 40 mil fi\u00e9is durante todo o dia e 15 mil na missa de encerramento, segundo o balan\u00e7o da Pol\u00edcia Militar do Distrito Federal. A organiza\u00e7\u00e3o estimou a participa\u00e7\u00e3o de 100 mil pessoas no evento. A cerim\u00f4nia ocorreu no centro da Esplanada dos Minist\u00e9rios, onde se se encontram as sedes dos tr\u00eas poderes: Executivo, Legislativo e Judici\u00e1rio.<\/p>\n<p>&#8220;A gente pede que Nossa Senhora ilumine os nossos governantes, que bote o nosso pa\u00eds, que \u00e9 muito maravilhoso, em m\u00e3os certas&#8221;, disse a professora Carolina de Oliveira, que tamb\u00e9m participou da celebra\u00e7\u00e3o. Ap\u00f3s a missa, houve uma prociss\u00e3o e foram dadas as tradicionais b\u00ean\u00e7\u00e3os para os doentes, as fam\u00edlias e os governantes.<\/p>\n<p>Feriado nacional, hoje (12), \u00e9 celebrado o dia de Nossa Senhora Aparecida, padroeira do Brasil. A imagem de Nossa Senhora da Concei\u00e7\u00e3o foi encontrada por tr\u00eas pescadores em 1717, \u00e0s margens do Rio Para\u00edba. Em 1904, por ordem do papa Pio X, a imagem foi proclamada como sendo da Rainha do Brasil e passou a usar oficialmente a coroa ofertada pela Princesa Isabel, em 1884, e o manto azul -marinho. Anos depois, em 1930, o papa Pio XI proclamou a Virgem Aparecida Padroeira do Brasil.<\/p>\n<p>S\u00e3o muitos os milagres atribu\u00eddos \u00e0 santa. Todos os anos, no dia da padroeira, milhares de fi\u00e9is visitam o Santu\u00e1rio Nacional de Aparecida, na cidade de Aparecida, no Vale do Para\u00edba, em S\u00e3o Paulo.<\/p>\n<p>Em Bras\u00edlia, a programa\u00e7\u00e3o come\u00e7ou \u00e0s 9h, com missa para as crian\u00e7as e coroa\u00e7\u00e3o de Nossa Senhora Aparecida. Durante o dia, houve tamb\u00e9m homenagem dos jovens \u00e0 santa e ter\u00e7o dos homens. As celebra\u00e7\u00f5es encerraram-se com a missa e a prociss\u00e3o. A missa foi presidida pelo n\u00fancio apost\u00f3lico no Brasil, dom Giovanni D&#8217;Aniello, que \u00e9 o representante diplom\u00e1tico da Santa S\u00e9, e concelebrada por todo o clero da arquidiocese. (Ag\u00eancia Brasil)<\/p>\n","protected":false},"excerpt":{"rendered":"<p>Na prociss\u00e3o deste domingo (12\/10\/2015), em Bras\u00edlia, o funcion\u00e1rio p\u00fablico Joaquim Braga, de 56 anos, que levou uma vela com a imagem de Nossa Senhora Aparecida, tinha uma inten\u00e7\u00e3o especial: &#8220;vou pedir para ver se melhora a situa\u00e7\u00e3o do pa\u00eds, pedir a Deus, Nossa Senhora. S\u00f3 eles mesmo&#8221;. Ele disse que, neste ano, a situa\u00e7\u00e3o [&hellip;]<\/p>\n","protected":false},"author":4,"featured_media":70958,"comment_status":"open","ping_status":"closed","sticky":false,"template":"","format":"standard","meta":{"amp_status":"","footnotes":""},"categories":[6],"tags":[18421,15624,62845,62967,62969,62965,62966,62850,18248,62968,35389],"class_list":["post-70960","post","type-post","status-publish","format-standard","has-post-thumbnail","hentry","category-br","tag-12-de-outubro","tag-aparecida","tag-dia-da-padroeira-do-brasil","tag-dia-de-nossa-senhora-aparecida","tag-fieis-pedem-para-nossa-senhora-aparecida-melhorar-a-situacao-do-brasil","tag-fies-pedem-a-nossa-senhora-aparecida-melhoras-no-pais","tag-joaquim-braga","tag-missa","tag-nossa-senhora-aparecida","tag-procissao-de-nossa-senhora-aparecida","tag-santuario-nacional-de-aparecida"],"_links":{"self":[{"href":"https:\/\/aconteceunovale.com.br\/portal\/index.php?rest_route=\/wp\/v2\/posts\/70960","targetHints":{"allow":["GET"]}}],"collection":[{"href":"https:\/\/aconteceunovale.com.br\/portal\/index.php?rest_route=\/wp\/v2\/posts"}],"about":[{"href":"https:\/\/aconteceunovale.com.br\/portal\/index.php?rest_route=\/wp\/v2\/types\/post"}],"author":[{"embeddable":true,"href":"https:\/\/aconteceunovale.com.br\/portal\/index.php?rest_route=\/wp\/v2\/users\/4"}],"replies":[{"embeddable":true,"href":"https:\/\/aconteceunovale.com.br\/portal\/index.php?rest_route=%2Fwp%2Fv2%2Fcomments&post=70960"}],"version-history":[{"count":0,"href":"https:\/\/aconteceunovale.com.br\/portal\/index.php?rest_route=\/wp\/v2\/posts\/70960\/revisions"}],"wp:featuredmedia":[{"embeddable":true,"href":"https:\/\/aconteceunovale.com.br\/portal\/index.php?rest_route=\/wp\/v2\/media\/70958"}],"wp:attachment":[{"href":"https:\/\/aconteceunovale.com.br\/portal\/index.php?rest_route=%2Fwp%2Fv2%2Fmedia&parent=70960"}],"wp:term":[{"taxonomy":"category","embeddable":true,"href":"https:\/\/aconteceunovale.com.br\/portal\/index.php?rest_route=%2Fwp%2Fv2%2Fcategories&post=70960"},{"taxonomy":"post_tag","embeddable":true,"href":"https:\/\/aconteceunovale.com.br\/portal\/index.php?rest_route=%2Fwp%2Fv2%2Ftags&post=70960"}],"curies":[{"name":"wp","href":"https:\/\/api.w.org\/{rel}","templated":true}]}}