{"id":70845,"date":"2015-10-10T21:22:58","date_gmt":"2015-10-11T00:22:58","guid":{"rendered":"http:\/\/aconteceunovale.com.br\/portal\/?p=70845"},"modified":"2015-10-10T21:22:58","modified_gmt":"2015-10-11T00:22:58","slug":"bombeiros-resgatam-corpos-dos-pilotos-que-morreram-em-queda-de-aviao-na-serra-do-caraca","status":"publish","type":"post","link":"https:\/\/aconteceunovale.com.br\/portal\/?p=70845","title":{"rendered":"Bombeiros resgatam corpos dos pilotos que morreram em queda de avi\u00e3o na Serra do Cara\u00e7a"},"content":{"rendered":"<p>O Corpo de Bombeiros de Minas Gerais confirmou na tarde deste s\u00e1bado (10\/10\/2015) o resgate dos corpos dos dois pilotos Fausto Mesquita e Jo\u00e3o Paulo Ara\u00fajo, que morreram durante um voo que decolou de um aeroporto pr\u00f3ximo a Caratinga na \u00faltima ter\u00e7a-feira (6).<\/p>\n<p>Nessa sexta-feira (9) os destro\u00e7os do monomotor Corisco Neiva EMB-711C, prefixo PT-NKU, e os corpos dos dois tripulantes foram encontrados na Serra do Cara\u00e7a, entre Santa B\u00e1rbara e Catas Altas, na regi\u00e3o Central do Estado.<\/p>\n<p>O Centro de investiga\u00e7\u00e3o e Preven\u00e7\u00e3o de Acidentes Aeron\u00e1uticos (Cenipa) come\u00e7a amanh\u00e3 a analisar os destro\u00e7os recolhidos para identificar a causa da queda da aeronave. Segundo o Cenipa, n\u00e3o h\u00e1 prazo definido para a conclus\u00e3o dos estudos. Segundo a Ag\u00eancia Nacional de Avia\u00e7\u00e3o Civil &#8211; ANAC, a aeronave estava com os documentos vencidos e, por isso, n\u00e3o poderia levantar voo.<\/p>\n<p>Os ocupantes do avi\u00e3o, que s\u00e3o naturais de Governador Valadares, seguiam para Par\u00e1 de Minas, na regi\u00e3o Central do Estado.<\/p>\n<p><img decoding=\"async\" src=\"http:\/\/aconteceunovale.com.br\/portal\/wp-content\/uploads\/2015\/10\/aviao_desaparecido_3.jpg\" alt=\"\" \/><em>Destro\u00e7os foram encontrados na Serra do Cara\u00e7a (Foto: Corpo de Bombeiros \/ Divulga\u00e7\u00e3o)<\/em><br \/>\n<\/br><\/p>\n<p><img decoding=\"async\" src=\"http:\/\/aconteceunovale.com.br\/portal\/wp-content\/uploads\/2015\/10\/destrocos_encontrados_aviao_caratinga_1.jpg\" alt=\"\" \/><em>Destro\u00e7os foram encontrados na Serra do Cara\u00e7a (Foto: Corpo de Bombeiros \/ Divulga\u00e7\u00e3o)<\/em><br \/>\n<\/br><\/p>\n<p><img decoding=\"async\" src=\"http:\/\/aconteceunovale.com.br\/portal\/wp-content\/uploads\/2015\/10\/destrocos_encontrados_aviao_caratinga_2.jpg\" alt=\"\" \/><em>Destro\u00e7os foram encontrados na Serra do Cara\u00e7a (Foto: Corpo de Bombeiros \/ Divulga\u00e7\u00e3o)<\/em><br \/>\n<\/br><\/p>\n<p><img decoding=\"async\" src=\"http:\/\/aconteceunovale.com.br\/portal\/wp-content\/uploads\/2015\/10\/destrocos_encontrados_aviao_caratinga_3.jpg\" alt=\"\" \/><em>Piloto Fausto Mesquita em foto com aeronave envolvida em acidente (Foto: Arquivo Pessoal)<\/em><br \/>\n<\/br><\/p>\n<p><img decoding=\"async\" src=\"http:\/\/aconteceunovale.com.br\/portal\/wp-content\/uploads\/2015\/10\/aviao_desaparecido_1.jpg\" alt=\"\" \/><em>Avi\u00e3o prefixo PT-NKU decolou de Caratinga, no Leste de Minas &#8211; Foto: Reprodu\u00e7\u00e3o<\/em><br \/>\n<\/br><\/p>\n<p><img decoding=\"async\" src=\"http:\/\/aconteceunovale.com.br\/portal\/wp-content\/uploads\/2015\/10\/aviao_desaparecido_2.jpg\" alt=\"\" \/><em>Piloto Fausto Mesquita acompanhava o amigo Jo\u00e3o Paulo Ara\u00fajo &#8211; Foto: Reprodu\u00e7\u00e3o<\/em><br \/>\n<\/br><\/p>\n<p><em>(Fonte: Portal O Tempo)<\/em><\/p>\n","protected":false},"excerpt":{"rendered":"<p>O Corpo de Bombeiros de Minas Gerais confirmou na tarde deste s\u00e1bado (10\/10\/2015) o resgate dos corpos dos dois pilotos Fausto Mesquita e Jo\u00e3o Paulo Ara\u00fajo, que morreram durante um voo que decolou de um aeroporto pr\u00f3ximo a Caratinga na \u00faltima ter\u00e7a-feira (6). Nessa sexta-feira (9) os destro\u00e7os do monomotor Corisco Neiva EMB-711C, prefixo PT-NKU, [&hellip;]<\/p>\n","protected":false},"author":4,"featured_media":70560,"comment_status":"open","ping_status":"closed","sticky":false,"template":"","format":"standard","meta":{"amp_status":"","footnotes":""},"categories":[123],"tags":[62166,62313,62178,62179,62180,62314,62312,62731,237,62175,62317,62167,62170,62176,1018,62572,62571,62171,247,62172,62316,62177,62315,62169,62174,62311,62599,962,62734,62168,62173,62732,62733,331],"class_list":["post-70845","post","type-post","status-publish","format-standard","has-post-thumbnail","hentry","category-gerais","tag-aeronave-de-pequeno-porte-desaparecida-em-minas-gerais","tag-aeronave-pt-nku","tag-araujo-distribuicoes","tag-aviao-da-araujo-distribuicoes","tag-aviao-de-joao-paulo-gomes-de-araujo","tag-aviao-desaparecido-em-minas-gerais","tag-aviao-pt-nku","tag-bombeiros-resgatam-corpos-dos-pilotos-que-morreram-em-queda-de-aviao-na-serra-do-caraca","tag-caratinga","tag-corisco","tag-corpo-de-bombeiros-e-forca-area-retomam-buscas-por-aviao-desaparecido-em-minas-gerais","tag-desaparecimento-de-aeronave-em-minas-gerais","tag-desaparecimento-de-aviao-que-seguia-de-caratinga-para-para-de-minas","tag-desaparecimento-monomotor-corisco","tag-destaque","tag-destrocos-de-aviao-que-desapareceu-apos-decolar-de-caratinga-sao-encontrados","tag-destrocos-de-aviao-que-estava-desaparecido-em-minas-gerais-sao-encontrados","tag-fausto-mesquita","tag-governador-valadares","tag-joao-paulo-araujo","tag-joao-paulo-gomes-araujo","tag-joao-paulo-gomes-de-araujo","tag-monomotor-desaparecido-em-minas-gerais","tag-monomotor-prefixo-pt-mku-decolou-de-caratinga","tag-monomotor-prefixo-pt-nku","tag-monomotor-pt-nku","tag-neiva-emb-711-corisco-prefixo-pt-nku","tag-para-de-minas","tag-pilotos-que-morreram-em-queda-de-aviao-na-serra-do-caraca","tag-pt-mku","tag-pt-nku","tag-queda-de-aviao-na-serra-do-caraca","tag-serra-do-caraca","tag-ubaporanga"],"_links":{"self":[{"href":"https:\/\/aconteceunovale.com.br\/portal\/index.php?rest_route=\/wp\/v2\/posts\/70845","targetHints":{"allow":["GET"]}}],"collection":[{"href":"https:\/\/aconteceunovale.com.br\/portal\/index.php?rest_route=\/wp\/v2\/posts"}],"about":[{"href":"https:\/\/aconteceunovale.com.br\/portal\/index.php?rest_route=\/wp\/v2\/types\/post"}],"author":[{"embeddable":true,"href":"https:\/\/aconteceunovale.com.br\/portal\/index.php?rest_route=\/wp\/v2\/users\/4"}],"replies":[{"embeddable":true,"href":"https:\/\/aconteceunovale.com.br\/portal\/index.php?rest_route=%2Fwp%2Fv2%2Fcomments&post=70845"}],"version-history":[{"count":0,"href":"https:\/\/aconteceunovale.com.br\/portal\/index.php?rest_route=\/wp\/v2\/posts\/70845\/revisions"}],"wp:featuredmedia":[{"embeddable":true,"href":"https:\/\/aconteceunovale.com.br\/portal\/index.php?rest_route=\/wp\/v2\/media\/70560"}],"wp:attachment":[{"href":"https:\/\/aconteceunovale.com.br\/portal\/index.php?rest_route=%2Fwp%2Fv2%2Fmedia&parent=70845"}],"wp:term":[{"taxonomy":"category","embeddable":true,"href":"https:\/\/aconteceunovale.com.br\/portal\/index.php?rest_route=%2Fwp%2Fv2%2Fcategories&post=70845"},{"taxonomy":"post_tag","embeddable":true,"href":"https:\/\/aconteceunovale.com.br\/portal\/index.php?rest_route=%2Fwp%2Fv2%2Ftags&post=70845"}],"curies":[{"name":"wp","href":"https:\/\/api.w.org\/{rel}","templated":true}]}}