{"id":70841,"date":"2015-10-10T21:12:34","date_gmt":"2015-10-10T23:12:34","guid":{"rendered":"http:\/\/aconteceunovale.com.br\/portal\/?p=70841"},"modified":"2019-08-29T00:51:15","modified_gmt":"2019-08-29T02:51:15","slug":"jovem-mata-namorada-de-12-anos-em-montes-claros","status":"publish","type":"post","link":"https:\/\/aconteceunovale.com.br\/portal\/?p=70841","title":{"rendered":"Jovem mata namorada de 12 anos em Montes Claros"},"content":{"rendered":"<p>Uma menina de 12 anos foi assassinada pelo namorado na noite dessa sexta-feira (9\/10\/2015), em Montes Claros, na regi\u00e3o Norte de Minas Gerais. O suspeito Daniel Lopes Alves se entregou \u00e0 Pol\u00edcia Militar (PM) e alegou que assassinou a garota, porque a viu beijando outro.<\/p>\n<p>Moradores do bairro Residencial Monte Si\u00e3o contaram \u00e0 PM que ouviram os gritos de Tain\u00e1 Pereira de Azevedo, que sangrava muito. Ela foi atingida por uma facada na regi\u00e3o do t\u00f3rax e n\u00e3o resistiu.<\/p>\n<p>O suspeito fugiu por um matagal, mas depois ligou para a PM e se entregou. A faca usada no crime tamb\u00e9m foi apreendida. (O Tempo)<\/p>\n","protected":false},"excerpt":{"rendered":"<p>Uma menina de 12 anos foi assassinada pelo namorado na noite dessa sexta-feira (9\/10\/2015), em Montes Claros, na regi\u00e3o Norte de Minas Gerais. O suspeito Daniel Lopes Alves se entregou \u00e0 Pol\u00edcia Militar (PM) e alegou que assassinou a garota, porque a viu beijando outro. Moradores do bairro Residencial Monte Si\u00e3o contaram \u00e0 PM que [&hellip;]<\/p>\n","protected":false},"author":4,"featured_media":70843,"comment_status":"open","ping_status":"closed","sticky":false,"template":"","format":"standard","meta":{"amp_status":"","footnotes":""},"categories":[1236],"tags":[62727,62729,62730,210,62728],"class_list":["post-70841","post","type-post","status-publish","format-standard","has-post-thumbnail","hentry","category-norte_de_minas","tag-daniel-lopes-alves","tag-jovem-mata-namorada-de-12-anos-em-montes-claros","tag-jovem-mata-namorada-em-montes-claros","tag-montes-claros","tag-taina-pereira-de-azevedo"],"_links":{"self":[{"href":"https:\/\/aconteceunovale.com.br\/portal\/index.php?rest_route=\/wp\/v2\/posts\/70841","targetHints":{"allow":["GET"]}}],"collection":[{"href":"https:\/\/aconteceunovale.com.br\/portal\/index.php?rest_route=\/wp\/v2\/posts"}],"about":[{"href":"https:\/\/aconteceunovale.com.br\/portal\/index.php?rest_route=\/wp\/v2\/types\/post"}],"author":[{"embeddable":true,"href":"https:\/\/aconteceunovale.com.br\/portal\/index.php?rest_route=\/wp\/v2\/users\/4"}],"replies":[{"embeddable":true,"href":"https:\/\/aconteceunovale.com.br\/portal\/index.php?rest_route=%2Fwp%2Fv2%2Fcomments&post=70841"}],"version-history":[{"count":1,"href":"https:\/\/aconteceunovale.com.br\/portal\/index.php?rest_route=\/wp\/v2\/posts\/70841\/revisions"}],"predecessor-version":[{"id":151829,"href":"https:\/\/aconteceunovale.com.br\/portal\/index.php?rest_route=\/wp\/v2\/posts\/70841\/revisions\/151829"}],"wp:featuredmedia":[{"embeddable":true,"href":"https:\/\/aconteceunovale.com.br\/portal\/index.php?rest_route=\/wp\/v2\/media\/70843"}],"wp:attachment":[{"href":"https:\/\/aconteceunovale.com.br\/portal\/index.php?rest_route=%2Fwp%2Fv2%2Fmedia&parent=70841"}],"wp:term":[{"taxonomy":"category","embeddable":true,"href":"https:\/\/aconteceunovale.com.br\/portal\/index.php?rest_route=%2Fwp%2Fv2%2Fcategories&post=70841"},{"taxonomy":"post_tag","embeddable":true,"href":"https:\/\/aconteceunovale.com.br\/portal\/index.php?rest_route=%2Fwp%2Fv2%2Ftags&post=70841"}],"curies":[{"name":"wp","href":"https:\/\/api.w.org\/{rel}","templated":true}]}}