{"id":70838,"date":"2015-10-10T16:37:59","date_gmt":"2015-10-10T19:37:59","guid":{"rendered":"http:\/\/aconteceunovale.com.br\/portal\/?p=70838"},"modified":"2015-10-10T16:37:59","modified_gmt":"2015-10-10T19:37:59","slug":"atiradores-abrem-fogo-em-area-de-eventos-e-matam-jovem-de-19-anos-em-santana-do-paraiso","status":"publish","type":"post","link":"https:\/\/aconteceunovale.com.br\/portal\/?p=70838","title":{"rendered":"Atiradores abrem fogo em \u00e1rea de eventos e matam jovem de 19 anos em Santana do Para\u00edso"},"content":{"rendered":"<p>Um jovem de 19 anos foi assassinado na noite dessa sexta-feira, 9 de outubro de 2015, no Centro de Santana do Para\u00edso, na Regi\u00e3o Metropolitana do Vale do A\u00e7o. A Pol\u00edcia Militar (PM) foi acionada por volta das 21 horas para registro da ocorr\u00eancia de homic\u00eddio consumado. Outros dois jovens, de 17 e 26 anos, foram baleados.<\/p>\n<p>De acordo com a PM, as v\u00edtimas P.H.O.G e J.J.P.M relataram que estavam em uma \u00e1rea de eventos \u00e0s margens da Rua S\u00e3o Vicente, quando foram surpreendidas por dois ocupantes de uma motocicleta. P.H.O.G foi atingido no bra\u00e7o esquerdo e na m\u00e3o direita. J\u00e1 J.J.P.M foi baleado no t\u00f3rax. Os dois foram socorridos por uma ambul\u00e2ncia do munic\u00edpio e encaminhados para atendimento m\u00e9dico no Hospital M\u00e1rcio Cunha, em Ipatinga.<\/p>\n<p>Paulo Henrique Froes Rodrigues, que estava com os dois baleados, foi atingido nas costas e veio a \u00f3bito no local. A Per\u00edcia T\u00e9cnica da Pol\u00edcia Civil foi acionada e ap\u00f3s os trabalhos de praxe, o corpo foi removido ao Instituto M\u00e9dico Legal (IML) para demais provid\u00eancias.<\/p>\n<p>Um dos suspeitos, de iniciais W.D.A.R, 20 anos, foi preso pela Pol\u00edcia Militar. O outro ocupante da motocicleta ainda n\u00e3o foi localizado pela Pol\u00edcia.<\/p>\n","protected":false},"excerpt":{"rendered":"<p>Um jovem de 19 anos foi assassinado na noite dessa sexta-feira, 9 de outubro de 2015, no Centro de Santana do Para\u00edso, na Regi\u00e3o Metropolitana do Vale do A\u00e7o. A Pol\u00edcia Militar (PM) foi acionada por volta das 21 horas para registro da ocorr\u00eancia de homic\u00eddio consumado. Outros dois jovens, de 17 e 26 anos, [&hellip;]<\/p>\n","protected":false},"author":4,"featured_media":70839,"comment_status":"open","ping_status":"closed","sticky":false,"template":"","format":"standard","meta":{"amp_status":"","footnotes":""},"categories":[121],"tags":[62720,62721,62718,28810,62725,62722,62719,62723,62724,2101,62726],"class_list":["post-70838","post","type-post","status-publish","format-standard","has-post-thumbnail","hentry","category-leste","tag-assassinado-em-santana-do-paraiso","tag-assassinato-em-santana-do-paraiso","tag-atiradores-abrem-fogo-em-area-de-eventos-e-matam-jovem-de-19-anos-em-santana-do-paraiso","tag-homicidio-em-santana-do-paraiso","tag-junior-jose-de-paula-medeiros","tag-morte-em-santana-do-paraiso","tag-morto-em-santana-do-paraiso","tag-paulo-henrique-froes-rodrigues","tag-pedro-henrique-de-oliveira-gomes","tag-santana-do-paraiso","tag-willian-dolglas-alves-dos-reis"],"_links":{"self":[{"href":"https:\/\/aconteceunovale.com.br\/portal\/index.php?rest_route=\/wp\/v2\/posts\/70838","targetHints":{"allow":["GET"]}}],"collection":[{"href":"https:\/\/aconteceunovale.com.br\/portal\/index.php?rest_route=\/wp\/v2\/posts"}],"about":[{"href":"https:\/\/aconteceunovale.com.br\/portal\/index.php?rest_route=\/wp\/v2\/types\/post"}],"author":[{"embeddable":true,"href":"https:\/\/aconteceunovale.com.br\/portal\/index.php?rest_route=\/wp\/v2\/users\/4"}],"replies":[{"embeddable":true,"href":"https:\/\/aconteceunovale.com.br\/portal\/index.php?rest_route=%2Fwp%2Fv2%2Fcomments&post=70838"}],"version-history":[{"count":0,"href":"https:\/\/aconteceunovale.com.br\/portal\/index.php?rest_route=\/wp\/v2\/posts\/70838\/revisions"}],"wp:featuredmedia":[{"embeddable":true,"href":"https:\/\/aconteceunovale.com.br\/portal\/index.php?rest_route=\/wp\/v2\/media\/70839"}],"wp:attachment":[{"href":"https:\/\/aconteceunovale.com.br\/portal\/index.php?rest_route=%2Fwp%2Fv2%2Fmedia&parent=70838"}],"wp:term":[{"taxonomy":"category","embeddable":true,"href":"https:\/\/aconteceunovale.com.br\/portal\/index.php?rest_route=%2Fwp%2Fv2%2Fcategories&post=70838"},{"taxonomy":"post_tag","embeddable":true,"href":"https:\/\/aconteceunovale.com.br\/portal\/index.php?rest_route=%2Fwp%2Fv2%2Ftags&post=70838"}],"curies":[{"name":"wp","href":"https:\/\/api.w.org\/{rel}","templated":true}]}}