{"id":70744,"date":"2015-10-09T11:15:40","date_gmt":"2015-10-09T14:15:40","guid":{"rendered":"http:\/\/aconteceunovale.com.br\/portal\/?p=70744"},"modified":"2015-10-09T19:52:52","modified_gmt":"2015-10-09T22:52:52","slug":"70744","status":"publish","type":"post","link":"https:\/\/aconteceunovale.com.br\/portal\/?p=70744","title":{"rendered":"Dois militares da reserva morrem em acidente na BR-418, no Vale do Mucuri"},"content":{"rendered":"<p>A sa\u00edda para o feriado prolongado de Nossa Senhora Aparecida j\u00e1 provocou a primeira trag\u00e9dia nas rodovias que cortam a regi\u00e3o Nordeste de Minas Gerais. No in\u00edcio da manh\u00e3 desta sexta-feira, 9 de outubro de 2015, dois militares morreram em um grave acidente na altura do quil\u00f4metro 82 da BR-418, pr\u00f3ximo a Carlos Chagas (MG). <\/p>\n<p>De acordo com a Pol\u00edcia Rodovi\u00e1ria Estadual (PRE), o condutor do ve\u00edculo Astra, placa de Mucuri (BA), relatou que transitava no sentido Carlos Chagas\/Te\u00f3filo Otoni e ao efetuar uma curva a esquerda visualizou a caminhonete MMC L 200, placa HFS-5010 de Belo Horizonte (MG), invadindo a sua m\u00e3o de dire\u00e7\u00e3o. O motorista do Astra disse que para evitar a colis\u00e3o frontal, deslocou seu ve\u00edculo para o acostamento da rodovia, sendo atingido lateralmente.<\/p>\n<p>Ap\u00f3s a colis\u00e3o, o condutor da L 200 perdeu o controle da dire\u00e7\u00e3o, saiu da pista e caiu em uma ribanceira a margem esquerda da rodovia. Roney Ricardo de Oliveira, de 53 anos, e o passageiro Denis de Lima, de 51 anos, ficaram presos \u00e0s ferragens e vieram a \u00f3bito no local. Ambos Subtenentes da Reserva da Pol\u00edcia Militar de Minas Gerais (PMMG).<\/p>\n<p>O motorista do carro de passeio sofreu escoria\u00e7\u00f5es na perna esquerda e dispensou atendimento m\u00e9dico.<\/p>\n<p>A Per\u00edcia T\u00e9cnica da Pol\u00edcia Civil foi acionada e ap\u00f3s os trabalhos de praxe, os corpos foram removidos ao Instituto M\u00e9dico Legal (IML) de Te\u00f3filo Otoni.<\/p>\n<p><img decoding=\"async\" src=\"http:\/\/aconteceunovale.com.br\/portal\/wp-content\/uploads\/2015\/10\/acidente_418_carlos_chagas_2.jpg\" alt=\"\" \/><\/p>\n<p><img decoding=\"async\" src=\"http:\/\/aconteceunovale.com.br\/portal\/wp-content\/uploads\/2015\/10\/acidente_418_carlos_chagas_1.jpg\" alt=\"\" \/><strong><em>(Fotos do Jornalista Andr\u00e9 Figueiredo)<\/em><\/strong><\/p>\n","protected":false},"excerpt":{"rendered":"<p>A sa\u00edda para o feriado prolongado de Nossa Senhora Aparecida j\u00e1 provocou a primeira trag\u00e9dia nas rodovias que cortam a regi\u00e3o Nordeste de Minas Gerais. No in\u00edcio da manh\u00e3 desta sexta-feira, 9 de outubro de 2015, dois militares morreram em um grave acidente na altura do quil\u00f4metro 82 da BR-418, pr\u00f3ximo a Carlos Chagas (MG). [&hellip;]<\/p>\n","protected":false},"author":4,"featured_media":70746,"comment_status":"open","ping_status":"closed","sticky":false,"template":"","format":"standard","meta":{"amp_status":"","footnotes":""},"categories":[122],"tags":[62548,62604,51545,59142,15839,62547,62555,33602,23938,23937,62554,194,62550,62549,1175,62602,62608,62607,62551,62552,62553,62600,62606,57806,62601,62603,62605,164,7421,206031],"class_list":["post-70744","post","type-post","status-publish","format-standard","has-post-thumbnail","hentry","category-mucuri","tag-acidente-com-l-200-na-br-418-em-carlos-chagas","tag-acidente-com-subtenentes-da-reserva-da-pmmg","tag-acidente-em-carlos-chagas","tag-acidente-na-br-418-em-carlos-chagas","tag-acidente-na-br-418","tag-acidente-na-regiao-de-teofilo-otoni","tag-acidente-no-feriado-prolongado-de-nossa-senhora-aparecida","tag-acidente-no-vale-do-mucuri","tag-acidente-perto-de-carlos-chagas","tag-acidente-proximo-a-carlos-chagas","tag-acidentes-no-feriado-prolongado-de-nossa-senhora-aparecida","tag-belo-horizonte","tag-capotamento-de-l-200-na-br-418","tag-capotamento-de-l200-em-carlos-chagas","tag-carlos-chagas","tag-denis-de-lima","tag-dois-militares-da-reserva-morrem-em-acidente-na-br-418","tag-dois-militares-da-reserva-morrem-em-acidente-na-br-418-no-vale-do-mucuri","tag-duas-pessoas-morrem-em-acidente-na-br-418","tag-duas-pessoas-morrem-em-acidente-na-br-418-no-vale-do-mucuri","tag-feriado-prolongado-de-nossa-senhora-aparecida","tag-francisco-de-assis-cota-junior","tag-morte-de-subtenentes-da-reserva-da-pmmg","tag-no-vale-do-mucuri","tag-roney-ricardo-de-oliveira","tag-subtenentes-da-reserva","tag-subtenentes-da-reserva-da-pmmg","tag-teofilo-otoni","tag-teofilo-otonni","tag-mucuri"],"_links":{"self":[{"href":"https:\/\/aconteceunovale.com.br\/portal\/index.php?rest_route=\/wp\/v2\/posts\/70744","targetHints":{"allow":["GET"]}}],"collection":[{"href":"https:\/\/aconteceunovale.com.br\/portal\/index.php?rest_route=\/wp\/v2\/posts"}],"about":[{"href":"https:\/\/aconteceunovale.com.br\/portal\/index.php?rest_route=\/wp\/v2\/types\/post"}],"author":[{"embeddable":true,"href":"https:\/\/aconteceunovale.com.br\/portal\/index.php?rest_route=\/wp\/v2\/users\/4"}],"replies":[{"embeddable":true,"href":"https:\/\/aconteceunovale.com.br\/portal\/index.php?rest_route=%2Fwp%2Fv2%2Fcomments&post=70744"}],"version-history":[{"count":0,"href":"https:\/\/aconteceunovale.com.br\/portal\/index.php?rest_route=\/wp\/v2\/posts\/70744\/revisions"}],"wp:featuredmedia":[{"embeddable":true,"href":"https:\/\/aconteceunovale.com.br\/portal\/index.php?rest_route=\/wp\/v2\/media\/70746"}],"wp:attachment":[{"href":"https:\/\/aconteceunovale.com.br\/portal\/index.php?rest_route=%2Fwp%2Fv2%2Fmedia&parent=70744"}],"wp:term":[{"taxonomy":"category","embeddable":true,"href":"https:\/\/aconteceunovale.com.br\/portal\/index.php?rest_route=%2Fwp%2Fv2%2Fcategories&post=70744"},{"taxonomy":"post_tag","embeddable":true,"href":"https:\/\/aconteceunovale.com.br\/portal\/index.php?rest_route=%2Fwp%2Fv2%2Ftags&post=70744"}],"curies":[{"name":"wp","href":"https:\/\/api.w.org\/{rel}","templated":true}]}}