{"id":70651,"date":"2015-10-08T13:00:10","date_gmt":"2015-10-08T16:00:10","guid":{"rendered":"http:\/\/aconteceunovale.com.br\/portal\/?p=70651"},"modified":"2015-10-08T13:01:00","modified_gmt":"2015-10-08T16:01:00","slug":"implantacao-do-samu-na-regiao-central-vai-beneficiar-65-milhoes-de-mineiros","status":"publish","type":"post","link":"https:\/\/aconteceunovale.com.br\/portal\/?p=70651","title":{"rendered":"Implanta\u00e7\u00e3o do Samu na regi\u00e3o Central vai beneficiar 6,5 milh\u00f5es de mineiros"},"content":{"rendered":"<p>A implanta\u00e7\u00e3o efetiva do Samu Regional Macro Centro come\u00e7ou este m\u00eas. A Secretaria de Estado de Sa\u00fade (SES-MG) recebeu do Minist\u00e9rio da Sa\u00fade (MS) 30 novas ambul\u00e2ncias na \u00faltima sexta-feira (2\/10\/15). Os ve\u00edculos ser\u00e3o equipados pela SES, que investir\u00e1 cerca de R$ 792 mil para convert\u00ea-los em Unidades de Suporte B\u00e1sico (USB) e Unidades de Suporte Avan\u00e7ado (USA).   Eles  ampliar\u00e3o o atendimento dos Samus Municipais e formar\u00e3o o Samu Regional Centro. A previs\u00e3o \u00e9 de que at\u00e9 o fim do primeiro trimestre de 2016 a nova frota esteja em pleno funcionamento.<\/p>\n<p>Outras 19 ambul\u00e2ncias, que permaneciam paradas desde a metade do ano passado, na gest\u00e3o anterior do Governo do Estado, est\u00e3o agora em fase de manuten\u00e7\u00e3o. A previs\u00e3o \u00e9 de que at\u00e9 o final deste ano elas estejam em circula\u00e7\u00e3o.<\/p>\n<p>Com isso, a frota total para socorro vai dobrar. Atualmente, 49 ambul\u00e2ncias atendem cerca de 4,6 milh\u00f5es de pessoas em 12 cidades. Com o refor\u00e7o de mais 49 ambul\u00e2ncias, a frota total ser\u00e1 de 98 ve\u00edculos,  distribu\u00eddas em 42 munic\u00edpios \u2013 al\u00e9m dos 12 que j\u00e1 tem os Samus municipais, outros 30 ter\u00e3o novas centrais de regula\u00e7\u00e3o, atendendo um total de 104 munic\u00edpios. Dessa maneira, a popula\u00e7\u00e3o atendida aumentar\u00e1 em 42%, chegando a um total de 6,5 milh\u00f5es de habitantes.<\/p>\n<p><img decoding=\"async\" src=\"http:\/\/aconteceunovale.com.br\/portal\/wp-content\/uploads\/2015\/10\/implantacao-do-samu-regional-centro-vai-beneficiar-65-milhoes-de-pessoas.jpg\" alt=\"\" \/><em>Novas ambul\u00e2ncias ampliar\u00e3o atendimento na regi\u00e3o Central &#8211; Foto: Marcus Ferreira\/Ag\u00eancia Minas<\/em><br \/>\n<\/br><\/p>\n<p>De acordo com a diretora de Redes Assistenciais da SES-MG, Cl\u00e1udia Pequeno, a atual gest\u00e3o est\u00e1, neste primeiro momento, aproveitando as cinco centrais do Samu j\u00e1 existentes  nas cinco microrregi\u00f5es para, a partir delas, implantar o atendimento regionalizado. \u201cA Secretaria de Estado de Sa\u00fade flexibilizou a estrat\u00e9gia de implanta\u00e7\u00e3o da rede para depois criar uma central \u00fanica\u201d, afirma. A expectativa \u00e9 a de que a primeira etapa de implanta\u00e7\u00e3o, que prev\u00ea a estrutura\u00e7\u00e3o das bases descentralizadas e da regula\u00e7\u00e3o, seja finalizada at\u00e9 o fim de 2015.O Cons\u00f3rcio Intermunicipal Alian\u00e7a para a Sa\u00fade (CIAS) ser\u00e1 o respons\u00e1vel por gerenciar as centrais de regula\u00e7\u00e3o e ajudar\u00e1 na estrutura\u00e7\u00e3o das bases descentralizadas e contrata\u00e7\u00e3o da equipe que vai compor a rede.<\/p>\n<p>O destino de 37 das 49 ambul\u00e2ncias, j\u00e1 foi definido. Confira  no mapa como ficar\u00e1 a distribui\u00e7\u00e3o das  nas microrregi\u00f5es:<\/p>\n<p><img decoding=\"async\" src=\"http:\/\/aconteceunovale.com.br\/portal\/wp-content\/uploads\/2015\/10\/samu_macro_centro.png\" alt=\"\" \/><\/p>\n","protected":false},"excerpt":{"rendered":"<p>A implanta\u00e7\u00e3o efetiva do Samu Regional Macro Centro come\u00e7ou este m\u00eas. A Secretaria de Estado de Sa\u00fade (SES-MG) recebeu do Minist\u00e9rio da Sa\u00fade (MS) 30 novas ambul\u00e2ncias na \u00faltima sexta-feira (2\/10\/15). Os ve\u00edculos ser\u00e3o equipados pela SES, que investir\u00e1 cerca de R$ 792 mil para convert\u00ea-los em Unidades de Suporte B\u00e1sico (USB) e Unidades de [&hellip;]<\/p>\n","protected":false},"author":4,"featured_media":70652,"comment_status":"open","ping_status":"closed","sticky":false,"template":"","format":"standard","meta":{"amp_status":"","footnotes":""},"categories":[123],"tags":[194,1495,6970,956,1018,1494,62325,62324,62330,62329,62327,202,7363,1496,211,3674,62326,62328,3433,1532],"class_list":["post-70651","post","type-post","status-publish","format-standard","has-post-thumbnail","hentry","category-gerais","tag-belo-horizonte","tag-betim","tag-caete","tag-contagem","tag-destaque","tag-ibirite","tag-implantacao-do-samu-macro-centro","tag-implantacao-do-samu-macro-centro-vai-beneficiar-6-milhoes-de-mineiros","tag-implantacao-do-samu-na-regiao-central","tag-implantacao-do-samu-na-regiao-central-vai-beneficiar-6-milhoes-de-mineiros","tag-implantacao-efetiva-do-samu-regional-macro-centro","tag-itabira","tag-mariana","tag-nova-lima","tag-ouro-preto","tag-ribeirao-das-neves","tag-samu-macro-centro","tag-samu-regional-macro-centro","tag-sarzedo","tag-sete-lagoas"],"_links":{"self":[{"href":"https:\/\/aconteceunovale.com.br\/portal\/index.php?rest_route=\/wp\/v2\/posts\/70651","targetHints":{"allow":["GET"]}}],"collection":[{"href":"https:\/\/aconteceunovale.com.br\/portal\/index.php?rest_route=\/wp\/v2\/posts"}],"about":[{"href":"https:\/\/aconteceunovale.com.br\/portal\/index.php?rest_route=\/wp\/v2\/types\/post"}],"author":[{"embeddable":true,"href":"https:\/\/aconteceunovale.com.br\/portal\/index.php?rest_route=\/wp\/v2\/users\/4"}],"replies":[{"embeddable":true,"href":"https:\/\/aconteceunovale.com.br\/portal\/index.php?rest_route=%2Fwp%2Fv2%2Fcomments&post=70651"}],"version-history":[{"count":0,"href":"https:\/\/aconteceunovale.com.br\/portal\/index.php?rest_route=\/wp\/v2\/posts\/70651\/revisions"}],"wp:featuredmedia":[{"embeddable":true,"href":"https:\/\/aconteceunovale.com.br\/portal\/index.php?rest_route=\/wp\/v2\/media\/70652"}],"wp:attachment":[{"href":"https:\/\/aconteceunovale.com.br\/portal\/index.php?rest_route=%2Fwp%2Fv2%2Fmedia&parent=70651"}],"wp:term":[{"taxonomy":"category","embeddable":true,"href":"https:\/\/aconteceunovale.com.br\/portal\/index.php?rest_route=%2Fwp%2Fv2%2Fcategories&post=70651"},{"taxonomy":"post_tag","embeddable":true,"href":"https:\/\/aconteceunovale.com.br\/portal\/index.php?rest_route=%2Fwp%2Fv2%2Ftags&post=70651"}],"curies":[{"name":"wp","href":"https:\/\/api.w.org\/{rel}","templated":true}]}}