{"id":70648,"date":"2015-10-08T12:47:39","date_gmt":"2015-10-08T15:47:39","guid":{"rendered":"http:\/\/aconteceunovale.com.br\/portal\/?p=70648"},"modified":"2015-10-08T12:47:39","modified_gmt":"2015-10-08T15:47:39","slug":"municipio-do-vale-do-rio-doce-tem-cemiterios-diferentes-para-catolicos-e-evangelicos-2","status":"publish","type":"post","link":"https:\/\/aconteceunovale.com.br\/portal\/?p=70648","title":{"rendered":"Munic\u00edpio do Vale do Rio Doce tem cemit\u00e9rios diferentes para cat\u00f3licos e evang\u00e9licos"},"content":{"rendered":"<p>\u201cQue interessante! Ainda mais por se tratar de um lugar pequeno.\u201d Foi assim que Jo\u00e3o Lopes Oliveira, de 47 anos, que visitava Fernandes Tourinho, cidade de pouco mais de tr\u00eas mil habitantes no Vale do Rio Doce, reagiu ao descobrir uma peculiaridade do munic\u00edpio: ali, h\u00e1 dois cemit\u00e9rios, um dos cat\u00f3licos e outro dos evang\u00e9licos. <\/p>\n<p>O primeiro cap\u00edtulo dessa hist\u00f3ria remonta \u00e0s primeiras d\u00e9cadas do s\u00e9culo passado, mas, ainda hoje, h\u00e1 quem n\u00e3o se sinta \u00e0 vontade para falar sobre o assunto publicamente. Moradores mais antigos do munic\u00edpio, cercado por montanhas e a poucos quil\u00f4metros da Rio-Bahia (BR-116), contam que uma evang\u00e9lica morreu na \u00e9poca em que s\u00f3 havia a calunga do Nosso Senhor do Bom Jesus, constru\u00edda atr\u00e1s da igreja hom\u00f4nima. Os familiares n\u00e3o teriam concordado com a obrigatoriedade de uma cruz no t\u00famulo \u2013 ou pr\u00f3ximo dele \u2013 e levaram o corpo para casa.<\/p>\n<p>Sensibilizado, um fazendeiro doou um peda\u00e7o de terra para que os parentes constru\u00edssem o jazigo da maneira que desejavam. Foi assim que o Bom Jesus ficou conhecido como o cemit\u00e9rio dos cat\u00f3licos e o peda\u00e7o de terra doado pelo propriet\u00e1rio rural virou a calunga dos evang\u00e9licos. Separados por pouco mais de um quil\u00f4metro, cada um ocupa parte do alto de um morro. Ambos s\u00e3o mantidos pela prefeitura.<\/p>\n<p>Seu Carlos, morador conhecido tanto na \u00e1rea urbana quanto na rural, \u00e9 o coveiro titular dos dois lugares. Ele conhece bem a hist\u00f3ria contada pelos vizinhos mais antigos, mas sempre optou pela discri\u00e7\u00e3o em rela\u00e7\u00e3o ao assunto. Diz apenas saber em qual lugar deve preparar a cova quando o alto-falante da igreja informa a morte de um habitante, seja o corpo de um cat\u00f3lico ou de um evang\u00e9lico.<\/p>\n<p><img decoding=\"async\" src=\"http:\/\/aconteceunovale.com.br\/portal\/wp-content\/uploads\/2015\/10\/cemiterios_fernandes_tourinho.jpg\" alt=\"\" \/><em>Fernandes Tourinho, munic\u00edpio da regi\u00e3o do Vale do Rio Doce tem cemit\u00e9rios diferentes para cat\u00f3licos e evang\u00e9licos (Fotos: Gladyston Rodrigues\/EM\/DA Press)<\/em><br \/>\n<\/br><\/p>\n<p><strong>HOMENAGENS <\/strong><\/p>\n<p>Carlos mora ao lado do port\u00e3o principal do Bom Jesus, cercado por um muro branco e baixo. Um cruzeiro de madeira se destaca na parte mais alta, de onde a vista alcan\u00e7a todos os t\u00famulos. H\u00e1 jazigos de diferentes materiais, sobretudo, de m\u00e1rmore, azulejos e cimento. Tamb\u00e9m h\u00e1 sepulturas simples, onde a cova no ch\u00e3o batido \u00e9 cercada por finas grades de ferro. Em muitos, destacam-se frases que homenageiam os mortos.<\/p>\n<p>No da fam\u00edlia Santos, por exemplo, h\u00e1 uma dedicat\u00f3ria \u00e0 mem\u00f3ria de uma mulher: \u201cVoc\u00ea brilhou tanto na terra que Deus a levou para ser estrela no c\u00e9u\u201d. Em outro, um homem foi homenageado pelos parentes da seguinte forma: \u201cQuem vive no cora\u00e7\u00e3o e na lembran\u00e7a nunca morre\u201d. Imagens de Nossa Senhora Aparecida e de Cristo pregado na cruz est\u00e3o em v\u00e1rios jazigos, como no que foi enterrado o corpo de Ana, m\u00e3e da costureira Sara Veloso da Silva, de 61.<\/p>\n<p>\u201cEla morreu aos 85 anos e sempre dizia que desejava ser enterrada na parte mais alta desse cemit\u00e9rio\u201d, recorda a filha, que j\u00e1 pagou R$ 2,7 mil por um jazigo no mesmo lugar. \u201cN\u00e3o quero dar trabalho a ningu\u00e9m quando chegar a minha hora\u201d, explicou a mulher, que mora a menos de 100 metros de l\u00e1. Da casa dela \u00e9 poss\u00edvel ver o cemit\u00e9rio dos evang\u00e9licos, onde h\u00e1 quatro palmeiras na entrada.<\/p>\n<p>\u00c9 l\u00e1 que dona Marlene Gomes Costa, de 60, quer ser sepultada. \u201cQuando chegar a minha hora \u2013 e que se Deus quiser demore muitos anos \u2013 quero vir para c\u00e1\u201d, refor\u00e7a a mulher, fiel da Assembleia de Deus. Ela costuma descansar no banco de madeira em frente ao cemit\u00e9rio, onde sempre dispensa parte do tempo em boa prosa com as amigas.<\/p>\n<p>O lugar \u00e9 cercado por um alto muro verde, erguido h\u00e1 poucos anos. At\u00e9 ent\u00e3o, havia apenas uma cerca com arame. Atr\u00e1s do imenso port\u00e3o, pintado de marrom, tamb\u00e9m h\u00e1 t\u00famulos erguidos por fam\u00edlias de diferentes classes sociais \u2013 a renda per capita na cidade \u00e9 de R$ 351,58, segundo o censo de 2010.A maioria dos corpos est\u00e1 em cova simples. O jazigo que mais chama a aten\u00e7\u00e3o, erguido com cimento, \u00e9 o de um homem e o de uma mulher cuja hist\u00f3ria faz um contraponto com a divis\u00e3o que provocou o surgimento das duas calungas em Fernandes Tourinho. Trata-se de um casal que viveu junto por d\u00e9cadas.<\/p>\n<p>O marido era evang\u00e9lico. A esposa, cat\u00f3lica. Quando ele morreu, foi enterrado no cemit\u00e9rio dos evang\u00e9licos. Mas a saudade do amado era tanta que a mulher fez um pedido aos familiares: queria ser enterrado ao lado do corpo do marido. Seu \u00faltimo desejo foi realizado.<\/p>\n<p><em>(Fonte: Jornal Estado de Minas)<\/em><\/p>\n","protected":false},"excerpt":{"rendered":"<p>\u201cQue interessante! Ainda mais por se tratar de um lugar pequeno.\u201d Foi assim que Jo\u00e3o Lopes Oliveira, de 47 anos, que visitava Fernandes Tourinho, cidade de pouco mais de tr\u00eas mil habitantes no Vale do Rio Doce, reagiu ao descobrir uma peculiaridade do munic\u00edpio: ali, h\u00e1 dois cemit\u00e9rios, um dos cat\u00f3licos e outro dos evang\u00e9licos. [&hellip;]<\/p>\n","protected":false},"author":4,"featured_media":70649,"comment_status":"open","ping_status":"closed","sticky":false,"template":"","format":"standard","meta":{"amp_status":"","footnotes":""},"categories":[121],"tags":[62323,62321,62322,289,62320,62318,62319],"class_list":["post-70648","post","type-post","status-publish","format-standard","has-post-thumbnail","hentry","category-leste","tag-cemiterios-de-fernandes-tourinho","tag-cemiterios-diferentes-para-catolicos-e-evangelicos","tag-cemiterios-diferentes-para-catolicos-e-evangelicos-em-fernandes-tourinho","tag-fernandes-tourinho","tag-fernandes-tourinho-tem-cemiterios-diferentes-para-catolicos-e-evangelicos","tag-joao-lopes-oliveira","tag-municipio-do-vale-do-rio-doce-tem-cemiterios-diferentes-para-catolicos-e-evangelicos"],"_links":{"self":[{"href":"https:\/\/aconteceunovale.com.br\/portal\/index.php?rest_route=\/wp\/v2\/posts\/70648","targetHints":{"allow":["GET"]}}],"collection":[{"href":"https:\/\/aconteceunovale.com.br\/portal\/index.php?rest_route=\/wp\/v2\/posts"}],"about":[{"href":"https:\/\/aconteceunovale.com.br\/portal\/index.php?rest_route=\/wp\/v2\/types\/post"}],"author":[{"embeddable":true,"href":"https:\/\/aconteceunovale.com.br\/portal\/index.php?rest_route=\/wp\/v2\/users\/4"}],"replies":[{"embeddable":true,"href":"https:\/\/aconteceunovale.com.br\/portal\/index.php?rest_route=%2Fwp%2Fv2%2Fcomments&post=70648"}],"version-history":[{"count":0,"href":"https:\/\/aconteceunovale.com.br\/portal\/index.php?rest_route=\/wp\/v2\/posts\/70648\/revisions"}],"wp:featuredmedia":[{"embeddable":true,"href":"https:\/\/aconteceunovale.com.br\/portal\/index.php?rest_route=\/wp\/v2\/media\/70649"}],"wp:attachment":[{"href":"https:\/\/aconteceunovale.com.br\/portal\/index.php?rest_route=%2Fwp%2Fv2%2Fmedia&parent=70648"}],"wp:term":[{"taxonomy":"category","embeddable":true,"href":"https:\/\/aconteceunovale.com.br\/portal\/index.php?rest_route=%2Fwp%2Fv2%2Fcategories&post=70648"},{"taxonomy":"post_tag","embeddable":true,"href":"https:\/\/aconteceunovale.com.br\/portal\/index.php?rest_route=%2Fwp%2Fv2%2Ftags&post=70648"}],"curies":[{"name":"wp","href":"https:\/\/api.w.org\/{rel}","templated":true}]}}