{"id":70639,"date":"2015-10-08T11:31:00","date_gmt":"2015-10-08T14:31:00","guid":{"rendered":"http:\/\/aconteceunovale.com.br\/portal\/?p=70639"},"modified":"2015-10-08T11:31:00","modified_gmt":"2015-10-08T14:31:00","slug":"corpo-de-bombeiros-e-forca-area-retomam-buscas-por-aviao-desaparecido-em-minas-gerais","status":"publish","type":"post","link":"https:\/\/aconteceunovale.com.br\/portal\/?p=70639","title":{"rendered":"Corpo de Bombeiros e For\u00e7a \u00c1rea retomam buscas por avi\u00e3o desaparecido em Minas Gerais"},"content":{"rendered":"<p>Foram retomadas, \u00e0s 6h desta quinta-feira (08\/10\/2015), as buscas pelo avi\u00e3o monomotor que est\u00e1 desaparecido desde as 11h30 de ter\u00e7a-feira em Minas Gerais. A aeronave prefixo PT-NKU decolou do aeroporto de Caratinga, no Vale do Rio Doce, com destino a Par\u00e1 de Minas, no Centro-Oeste do estado, onde deveria ter chegado \u00e0s 13h, mas n\u00e3o foi mais vista. Ela levava dois ocupantes.<\/p>\n<p>Um helic\u00f3ptero decolou no in\u00edcio da manh\u00e3 de hoje e seguiu para Serra do Cara\u00e7a, em Catas Altas, na Regi\u00e3o Central de Minas. O Corpo de Bombeiros informou que militares da corpora\u00e7\u00e3o passaram a integrar a equipe de buscas. Dez militares da For\u00e7a A\u00e9rea Brasileira est\u00e3o na regi\u00e3o desde ontem. Segundo a assessoria de imprensa da FAB, na quarta-feira eles percorreram uma \u00e1rea com cerca de 1,5 mil quil\u00f4metros quadrados. As buscas foram feitas ao longo da rota prov\u00e1vel da aeronave e no entorno da cidade de Caratinga. Os trabalhos foram interrompidos ao p\u00f4r do sol. Ainda n\u00e3o h\u00e1 pistas do monomotor. <\/p>\n<p>A aeronave era pilotada por Fausto Mesquita, que estava acompanhado de Jo\u00e3o Paulo Gomes Ara\u00fajo, de 26 anos, propriet\u00e1rio do monomotor e tamb\u00e9m piloto. Em entrevista ao Estado de Minas na tarde passada, o piloto Dennis Campos, que mora em Belo Horizonte, amigo dos desaparecidos, contou que os dois moram em Governador Valadares, no Vale do Rio Doce. \u201cFiquei sabendo do desaparecimento do avi\u00e3o ontem por volta das 16h, quando grupos formados por pilotos no Whatsapp e no Facebook comentaram sobre a poss\u00edvel queda de um avi\u00e3o\u201d, disse Dennis, que conta que j\u00e1 passou um susto com com esse avi\u00e3o. \u201cEu estava voando e escureceu. Liguei o painel e ele apagou comigo em pleno voo. Essa aeronave \u00e9 feita para voar de dia e com tempo bom\u201d, disse Dennis. Segundo ele, a regi\u00e3o de Caratinga tem muitas montanhas, o que pode dificultar as buscas. \u201cEu n\u00e3o aconselharia voar com aquele monomotor com tempo ruim, sendo que alguns instrumentos n\u00e3o estavam funcionando bem\u201d, disse.<\/p>\n<p>Dennis confirmou que o avi\u00e3o desaparecido est\u00e1 com o documento Inspe\u00e7\u00e3o Anual de Manuten\u00e7\u00e3o (IAM) vencido em agosto. \u201c\u00c9 por isso que n\u00e3o poderiam fazer o plano de voo. Estavam indo para o aeroporto de Par\u00e1 de Minas para renovar a documenta\u00e7\u00e3o. E para isso, teriam que levar a aeronave, porque l\u00e1 os mec\u00e2nicos olham e deixam tudo pronto para o voo. Al\u00e9m disso, parece que j\u00e1 havia l\u00e1 um poss\u00edvel comprador para a aeronave\u201d, contou o amigo.<\/p>\n<p><img decoding=\"async\" src=\"http:\/\/aconteceunovale.com.br\/portal\/wp-content\/uploads\/2015\/10\/aviao_desaparecido_2.jpg\" alt=\"\" \/><em>Piloto Fausto Mesquita acompanhava o amigo Jo\u00e3o Paulo Ara\u00fajo &#8211; Foto: Reprodu\u00e7\u00e3o<\/em><br \/>\n<\/br><\/p>\n<p><strong>Cronologia do incidente com o avi\u00e3o desaparecido<\/strong><\/p>\n<p>&#8211; Avi\u00e3o monomotor prefixo PT-NKU decola \u00e0s 11h30 de ter\u00e7a-feira do aeroporto de Caratinga, no Vale do Rio Doce, com destino a Par\u00e1 de Minas, Centro-Oeste do estado.<\/p>\n<p>&#8211; A aeronave era pilotada por Fausto Mesquita, que levava o aparelho para regularizar a documenta\u00e7\u00e3o e negociar a sua venda. O dono e tamb\u00e9m piloto Jo\u00e3o Paulo Gomes Ara\u00fajo viajava como passageiro.<\/p>\n<p>&#8211; Avi\u00e3o deveria ter pousado \u00e0s 13h em Par\u00e1 de Minas.<\/p>\n<p>&#8211; \u00c0s 17h, o Comando A\u00e9reo Regional (Comar), de Belo Horizonte, \u00e9 informado do desaparecimento.<\/p>\n<p>&#8211; Equipes de resgate s\u00e3o mobilizadas para fazer o caminho inverso de Par\u00e1 de Minas at\u00e9 o local da decolagem.<\/p>\n<p>&#8211; Fam\u00edlias dos pilotos s\u00e3o avisadas por volta das 16h. Celulares dos pilotos d\u00e3o sinal de desligado.<\/p>\n<p>&#8211; Por volta da 1h30 de ontem, uma equipe da For\u00e7a A\u00e9rea Brasileira (FAB) chega \u00e0 regi\u00e3o e as buscas come\u00e7aram \u00e0s 5h30.<\/p>\n<p>&#8211; Parentes e amigos dos desaparecidos se mobilizam para tentar localizar o avi\u00e3o, fazendo buscas a\u00e9reas e de solo na poss\u00edvel rota da aeronave que sumiu.<\/p>\n<p>&#8211; Como as buscas s\u00e3o visuais, FAB suspende os trabalhos ao anoitecer.<\/p>\n<p>&#8211; Avi\u00e3o C 105 Amazonas, do Esquadr\u00e3o Pelicano de Campo Grande (MS), pr\u00f3prio para buscas e salvamento, retorna para Belo Horizonte. Buscas foram ser retomadas hoje.<\/p>\n<p><img decoding=\"async\" src=\"http:\/\/aconteceunovale.com.br\/portal\/wp-content\/uploads\/2015\/10\/aviao_desaparecido_1.jpg\" alt=\"\" \/><em>Avi\u00e3o prefixo PT-NKU decolou de Caratinga, no Leste de Minas &#8211; Foto: Reprodu\u00e7\u00e3o<\/em><br \/>\n<\/br><\/p>\n<p><em>(Fonte: Jornal Estado de Minas)<\/em><\/p>\n","protected":false},"excerpt":{"rendered":"<p>Foram retomadas, \u00e0s 6h desta quinta-feira (08\/10\/2015), as buscas pelo avi\u00e3o monomotor que est\u00e1 desaparecido desde as 11h30 de ter\u00e7a-feira em Minas Gerais. A aeronave prefixo PT-NKU decolou do aeroporto de Caratinga, no Vale do Rio Doce, com destino a Par\u00e1 de Minas, no Centro-Oeste do estado, onde deveria ter chegado \u00e0s 13h, mas n\u00e3o [&hellip;]<\/p>\n","protected":false},"author":4,"featured_media":70559,"comment_status":"open","ping_status":"closed","sticky":false,"template":"","format":"standard","meta":{"amp_status":"","footnotes":""},"categories":[123],"tags":[62166,62313,62178,62179,62180,62314,62312,237,62175,62317,62167,62170,62176,1018,62171,247,62172,62316,62177,62315,62169,62174,62311,962,62168,62173,331],"class_list":["post-70639","post","type-post","status-publish","format-standard","has-post-thumbnail","hentry","category-gerais","tag-aeronave-de-pequeno-porte-desaparecida-em-minas-gerais","tag-aeronave-pt-nku","tag-araujo-distribuicoes","tag-aviao-da-araujo-distribuicoes","tag-aviao-de-joao-paulo-gomes-de-araujo","tag-aviao-desaparecido-em-minas-gerais","tag-aviao-pt-nku","tag-caratinga","tag-corisco","tag-corpo-de-bombeiros-e-forca-area-retomam-buscas-por-aviao-desaparecido-em-minas-gerais","tag-desaparecimento-de-aeronave-em-minas-gerais","tag-desaparecimento-de-aviao-que-seguia-de-caratinga-para-para-de-minas","tag-desaparecimento-monomotor-corisco","tag-destaque","tag-fausto-mesquita","tag-governador-valadares","tag-joao-paulo-araujo","tag-joao-paulo-gomes-araujo","tag-joao-paulo-gomes-de-araujo","tag-monomotor-desaparecido-em-minas-gerais","tag-monomotor-prefixo-pt-mku-decolou-de-caratinga","tag-monomotor-prefixo-pt-nku","tag-monomotor-pt-nku","tag-para-de-minas","tag-pt-mku","tag-pt-nku","tag-ubaporanga"],"_links":{"self":[{"href":"https:\/\/aconteceunovale.com.br\/portal\/index.php?rest_route=\/wp\/v2\/posts\/70639","targetHints":{"allow":["GET"]}}],"collection":[{"href":"https:\/\/aconteceunovale.com.br\/portal\/index.php?rest_route=\/wp\/v2\/posts"}],"about":[{"href":"https:\/\/aconteceunovale.com.br\/portal\/index.php?rest_route=\/wp\/v2\/types\/post"}],"author":[{"embeddable":true,"href":"https:\/\/aconteceunovale.com.br\/portal\/index.php?rest_route=\/wp\/v2\/users\/4"}],"replies":[{"embeddable":true,"href":"https:\/\/aconteceunovale.com.br\/portal\/index.php?rest_route=%2Fwp%2Fv2%2Fcomments&post=70639"}],"version-history":[{"count":0,"href":"https:\/\/aconteceunovale.com.br\/portal\/index.php?rest_route=\/wp\/v2\/posts\/70639\/revisions"}],"wp:featuredmedia":[{"embeddable":true,"href":"https:\/\/aconteceunovale.com.br\/portal\/index.php?rest_route=\/wp\/v2\/media\/70559"}],"wp:attachment":[{"href":"https:\/\/aconteceunovale.com.br\/portal\/index.php?rest_route=%2Fwp%2Fv2%2Fmedia&parent=70639"}],"wp:term":[{"taxonomy":"category","embeddable":true,"href":"https:\/\/aconteceunovale.com.br\/portal\/index.php?rest_route=%2Fwp%2Fv2%2Fcategories&post=70639"},{"taxonomy":"post_tag","embeddable":true,"href":"https:\/\/aconteceunovale.com.br\/portal\/index.php?rest_route=%2Fwp%2Fv2%2Ftags&post=70639"}],"curies":[{"name":"wp","href":"https:\/\/api.w.org\/{rel}","templated":true}]}}