{"id":70620,"date":"2015-10-08T09:56:39","date_gmt":"2015-10-08T12:56:39","guid":{"rendered":"http:\/\/aconteceunovale.com.br\/portal\/?p=70620"},"modified":"2015-10-08T09:56:39","modified_gmt":"2015-10-08T12:56:39","slug":"governador-valadares-ganha-polo-da-universidade-aberta-e-integrada-de-minas-gerais","status":"publish","type":"post","link":"https:\/\/aconteceunovale.com.br\/portal\/?p=70620","title":{"rendered":"Governador Valadares ganha polo da Universidade Aberta e Integrada de Minas Gerais"},"content":{"rendered":"<p>A Secretaria de Estado de Ci\u00eancia, Tecnologia e Ensino Superior (Sectes) inaugurou mais um polo da Universidade Aberta e Integrada de Minas Gerais (Uaitec). A unidade ser\u00e1 importante para a oferta de cursos de capacita\u00e7\u00e3o e a consequente amplia\u00e7\u00e3o das oportunidades de forma\u00e7\u00e3o profissional. A nova Uaitec \u00e9 a transforma\u00e7\u00e3o do antigo Centro Vocacional Tecnol\u00f3gico (CVT) que recebe, mensalmente, cerca de mil alunos, em 71 cursos voltados para o turismo.<\/p>\n<p>Na solenidade, o secret\u00e1rio adjunto da Sectes, Vin\u00edcius Rezende, tamb\u00e9m anunciou que Governador Valadares ir\u00e1 ganhar um dos polos regionais do programa Minas Digital, voltado para o desenvolvimento econ\u00f4mico e social a partir da inova\u00e7\u00e3o, economia digital e economia criativa. O espa\u00e7o vai reunir projetos j\u00e1 existentes e abrir caminho para implementa\u00e7\u00e3o de novas ideias no campo da inova\u00e7\u00e3o.<\/p>\n<p>A inaugura\u00e7\u00e3o contou com a presen\u00e7a da prefeita de Governador Valadares, Elisa Costa, de vereadores, representantes de empresas da regi\u00e3o do Rio Doce, secret\u00e1rios municipais, alunos e professores. Duas salas ficaram conectadas por meio de videoconfer\u00eancia para acompanhar o evento. <\/p>\n<p><img decoding=\"async\" src=\"http:\/\/aconteceunovale.com.br\/portal\/wp-content\/uploads\/2015\/10\/governo-do-estado-inaugura-uaitec-no-municipio-de-governador-valadares.jpg\" alt=\"\" \/><em>O secret\u00e1rio adjunto da Sectes, Vin\u00edcius Rezende, disse que Governador Valadares tamb\u00e9m vai ganhar um dos polos regionais do programa Minas Digital &#8211; Foto: Gabriel Maciel \/ Ag\u00eancia Minas<\/em><\/p>\n","protected":false},"excerpt":{"rendered":"<p>A Secretaria de Estado de Ci\u00eancia, Tecnologia e Ensino Superior (Sectes) inaugurou mais um polo da Universidade Aberta e Integrada de Minas Gerais (Uaitec). A unidade ser\u00e1 importante para a oferta de cursos de capacita\u00e7\u00e3o e a consequente amplia\u00e7\u00e3o das oportunidades de forma\u00e7\u00e3o profissional. A nova Uaitec \u00e9 a transforma\u00e7\u00e3o do antigo Centro Vocacional Tecnol\u00f3gico [&hellip;]<\/p>\n","protected":false},"author":4,"featured_media":70621,"comment_status":"open","ping_status":"closed","sticky":false,"template":"","format":"standard","meta":{"amp_status":"","footnotes":""},"categories":[40238,121],"tags":[1886,62286,62285,62288,60056,62287],"class_list":["post-70620","post","type-post","status-publish","format-standard","has-post-thumbnail","hentry","category-educacao-2","category-leste","tag-elisa-costa","tag-governador-valadares-ganha-polo-da-uaitec","tag-governador-valadares-ganha-polo-da-universidade-aberta-e-integrada-de-minas-gerais","tag-polo-uaitec-governador-valadares","tag-prefeita-de-governador-valadares","tag-uaitec-governador-valadares"],"_links":{"self":[{"href":"https:\/\/aconteceunovale.com.br\/portal\/index.php?rest_route=\/wp\/v2\/posts\/70620","targetHints":{"allow":["GET"]}}],"collection":[{"href":"https:\/\/aconteceunovale.com.br\/portal\/index.php?rest_route=\/wp\/v2\/posts"}],"about":[{"href":"https:\/\/aconteceunovale.com.br\/portal\/index.php?rest_route=\/wp\/v2\/types\/post"}],"author":[{"embeddable":true,"href":"https:\/\/aconteceunovale.com.br\/portal\/index.php?rest_route=\/wp\/v2\/users\/4"}],"replies":[{"embeddable":true,"href":"https:\/\/aconteceunovale.com.br\/portal\/index.php?rest_route=%2Fwp%2Fv2%2Fcomments&post=70620"}],"version-history":[{"count":0,"href":"https:\/\/aconteceunovale.com.br\/portal\/index.php?rest_route=\/wp\/v2\/posts\/70620\/revisions"}],"wp:featuredmedia":[{"embeddable":true,"href":"https:\/\/aconteceunovale.com.br\/portal\/index.php?rest_route=\/wp\/v2\/media\/70621"}],"wp:attachment":[{"href":"https:\/\/aconteceunovale.com.br\/portal\/index.php?rest_route=%2Fwp%2Fv2%2Fmedia&parent=70620"}],"wp:term":[{"taxonomy":"category","embeddable":true,"href":"https:\/\/aconteceunovale.com.br\/portal\/index.php?rest_route=%2Fwp%2Fv2%2Fcategories&post=70620"},{"taxonomy":"post_tag","embeddable":true,"href":"https:\/\/aconteceunovale.com.br\/portal\/index.php?rest_route=%2Fwp%2Fv2%2Ftags&post=70620"}],"curies":[{"name":"wp","href":"https:\/\/api.w.org\/{rel}","templated":true}]}}