{"id":70618,"date":"2015-10-08T09:53:18","date_gmt":"2015-10-08T12:53:18","guid":{"rendered":"http:\/\/aconteceunovale.com.br\/portal\/?p=70618"},"modified":"2015-10-08T09:53:18","modified_gmt":"2015-10-08T12:53:18","slug":"minas-gerais-oferece-33-mil-vagas-para-qualificacao-em-cursos-gratuitos","status":"publish","type":"post","link":"https:\/\/aconteceunovale.com.br\/portal\/?p=70618","title":{"rendered":"Minas Gerais oferece 33 mil vagas para qualifica\u00e7\u00e3o em cursos gratuitos"},"content":{"rendered":"<p>Desde agosto, as unidades mineiras que oferecem cursos t\u00e9cnicos de qualifica\u00e7\u00e3o profissional, como Sistema S (Senai, Senac, Senat, Senar), institutos federais e\u00a0<a href=\"http:\/\/www.utramig.mg.gov.br\/\" target=\"_blank\">Utramig<\/a>, est\u00e3o autorizadas a iniciar a execu\u00e7\u00e3o dos cursos do Programa Nacional de Acesso ao Ensino T\u00e9cnico e Emprego (Pronatec).<\/p>\n<p>Criado pelo Governo Federal em 2011, o Pronatec busca ampliar as oportunidades educacionais e de forma\u00e7\u00e3o profissional qualificada aos jovens, trabalhadores e benefici\u00e1rios de programas de transfer\u00eancia de renda.<\/p>\n<p>De acordo com o analista de Gest\u00e3o e Pol\u00edticas P\u00fablicas da\u00a0<a href=\"http:\/\/www.social.mg.gov.br\/\" target=\"_blank\">Secretaria de Estado de Trabalho e Desenvolvimento Social (Sedese)<\/a>, Henrique Ara\u00fajo Pacheco, s\u00e3o mais de 33 mil vagas em Minas Gerais, sendo 23 mil de forma\u00e7\u00e3o inicial continuada (m\u00e9dia 200 horas), dispon\u00edveis para qualquer trabalhador. A carga hor\u00e1ria m\u00ednima \u00e9 de 160 horas.<\/p>\n<p>\u201cAlguns cursos j\u00e1 est\u00e3o ocorrendo e muitos outros ser\u00e3o iniciados agora em outubro. Os interessados devem ficar atentos \u00e0s oportunidades\u201d, diz Pacheco.<\/p>\n<p>Minas Gerais \u00e9 o estado com maior oferta de Pronatec do Brasil: 325 munic\u00edpios v\u00e3o oferecer os mais variados cursos de qualifica\u00e7\u00e3o, como ajudante de obras, auxiliar de agropecu\u00e1ria, agente comunit\u00e1rio de sa\u00fade, assistente de secretaria escolar, assistente financeiro, cabelereiro, cuidador de idosos, eletricista industrial, editor de v\u00eddeo, t\u00e9cnico em mec\u00e2nica, t\u00e9cnico em inform\u00e1tica, ingl\u00eas b\u00e1sico, padeiro, organizador de eventos, entre v\u00e1rios outros.<\/p>\n<p>A cabelereira Shirlene Estef\u00e2nia Salatiel,\u00a0 de 28 anos, fez o curso de auxiliar financeiro do Pronatec no Senac.\u00a0 De acordo com ela, depois que fez o cadastro no Sine de Contagem, em uma semana come\u00e7ou a fazer o curso, que teve dura\u00e7\u00e3o de tr\u00eas meses.<\/p>\n<p>\u201cAdorei o curso, sou cabelereira, mas sempre tive vontade de trabalhar na \u00e1rea de finan\u00e7as. Com o curso, enxerguei a possibilidade de mudar de \u00e1rea de atua\u00e7\u00e3o\u201d, comenta Shirlene.<\/p>\n<p><strong>Matr\u00edcula<\/strong><\/p>\n<p>Para se inscrever nos cursos, basta procurar os postos do Sine e do UAI no estado e realizar o cadastro pessoal. S\u00e3o 133 unidades no estado.\u00a0Por meio do site\u00a0\u00a0<a href=\"http:\/\/www.mg.gov.br\/\" target=\"_blank\">www.mg.gov.br<\/a>, acesso r\u00e1pido, Unidade de Atendimento Integrado \u2013 (UAI), o cidad\u00e3o encontrar\u00e1 o endere\u00e7o, telefone e hor\u00e1rio de funcionamento das UAI\u2019s.<\/p>\n<p>Para efetuar a pr\u00e9-matr\u00edcula \u00e9 necess\u00e1rio estar munido dos seguintes documentos:\u00a0 carteira de trabalho, carteira de identidade e CPF. Menores de idade (a partir dos 15 anos) devem apresentar carteira de identidade, CPF e carteira de trabalho (se tiver), acompanhados do respons\u00e1vel legal.<\/p>\n<p><strong>Rumo ao mercado<\/strong><\/p>\n<p>As vagas s\u00e3o gratuitas. Os postos do Sine e do UAI aguardam retorno dos alunos \u00e0s suas unidades, ap\u00f3s conclus\u00e3o dos cursos, para que seja feito seu encaminhamento para as vagas do mercado de trabalho.<\/p>\n<p>De acordo com a coordenadora da Uai em Ponte Nova, Ana Tereza Pataro, muitas empresas procuram a UAI em busca de profissionais qualificados. \u201cOs cursos s\u00e3o uma \u00f3tima oportunidade de qualifica\u00e7\u00e3o profissional. Por isso, \u00e9 importante o trabalhador estar com o cadastro sempre atualizado na unidade, pois quando as vagas s\u00e3o abertas j\u00e1 encaminhamos os interessados\u201d, diz.<\/p>\n<p><strong>Pronatec<\/strong><\/p>\n<p>O Programa Nacional de Acesso ao Ensino T\u00e9cnico e Emprego (Pronatec), \u00e9 composto por cinco iniciativas: Expans\u00e3o da Rede Federal de Educa\u00e7\u00e3o Profissional, Cient\u00edfica e Tecnol\u00f3gica; Programa Brasil Profissionalizado; Rede e-Tec Brasil; Acordo de Gratuidade com os Servi\u00e7os Nacionais de Aprendizagem; e Bolsa-Forma\u00e7\u00e3o.<\/p>\n<p>O p\u00fablico alvo s\u00e3o os estudantes do ensino m\u00e9dio da rede p\u00fablica, inclusive da educa\u00e7\u00e3o de jovens e adultos; trabalhadores; benefici\u00e1rios dos programas federais de transfer\u00eancia de renda; e estudantes que tenham cursado o ensino m\u00e9dio completo em escola da rede p\u00fablica ou em institui\u00e7\u00f5es privadas na condi\u00e7\u00e3o de bolsista integral.<\/p>\n<p>O programa conta com uma rede de institui\u00e7\u00f5es que demandam cursos voltados para p\u00fablicos espec\u00edficos em cada regi\u00e3o e, ainda, com uma rede de institui\u00e7\u00f5es que ofertam tais cursos. Saiba mais em:\u00a0<a href=\"http:\/\/pronatec.mec.gov.br\/index.php\" target=\"_blank\">http:\/\/pronatec.mec.gov.br\/index.php<\/a>.\u00a0<a href=\"http:\/\/agenciaminas.mg.gov.br\/media\/uploads\/2015\/10\/06\/pronatec-relacao-de-cursos-por-cidades.xlsx\" target=\"_blank\"><strong>Clique aqui para consultar a rela\u00e7\u00e3o de cursos por cidades<\/strong><\/a><em><strong>\u00a0<\/strong><\/em><em>(Arquivo em formato *.XLS)<\/em><\/p>\n","protected":false},"excerpt":{"rendered":"<p>Desde agosto, as unidades mineiras que oferecem cursos t\u00e9cnicos de qualifica\u00e7\u00e3o profissional, como Sistema S (Senai, Senac, Senat, Senar), institutos federais e\u00a0Utramig, est\u00e3o autorizadas a iniciar a execu\u00e7\u00e3o dos cursos do Programa Nacional de Acesso ao Ensino T\u00e9cnico e Emprego (Pronatec). Criado pelo Governo Federal em 2011, o Pronatec busca ampliar as oportunidades educacionais e [&hellip;]<\/p>\n","protected":false},"author":4,"featured_media":58647,"comment_status":"open","ping_status":"closed","sticky":false,"template":"","format":"standard","meta":{"amp_status":"","footnotes":""},"categories":[40238,123],"tags":[62276,62284,62275,1296,62283,62278,62280,40273,62282,62281,62279,59621,62277],"class_list":["post-70618","post","type-post","status-publish","format-standard","has-post-thumbnail","hentry","category-educacao-2","category-gerais","tag-cursos-gratuitos-em-minas-gerais","tag-cursos-pronatec-em-minas-gerais","tag-minas-gerais-oferece-33-mil-vagas-para-qualificacao-em-cursos-gratuitos","tag-pronatec","tag-pronatec-em-minas-gerais","tag-qualificacao-profissional-em-minas-gerais","tag-senac","tag-senai","tag-senar","tag-senat","tag-sistema-s","tag-utramig","tag-vagas-em-cursos-gratuitos-em-minas-gerais"],"_links":{"self":[{"href":"https:\/\/aconteceunovale.com.br\/portal\/index.php?rest_route=\/wp\/v2\/posts\/70618","targetHints":{"allow":["GET"]}}],"collection":[{"href":"https:\/\/aconteceunovale.com.br\/portal\/index.php?rest_route=\/wp\/v2\/posts"}],"about":[{"href":"https:\/\/aconteceunovale.com.br\/portal\/index.php?rest_route=\/wp\/v2\/types\/post"}],"author":[{"embeddable":true,"href":"https:\/\/aconteceunovale.com.br\/portal\/index.php?rest_route=\/wp\/v2\/users\/4"}],"replies":[{"embeddable":true,"href":"https:\/\/aconteceunovale.com.br\/portal\/index.php?rest_route=%2Fwp%2Fv2%2Fcomments&post=70618"}],"version-history":[{"count":0,"href":"https:\/\/aconteceunovale.com.br\/portal\/index.php?rest_route=\/wp\/v2\/posts\/70618\/revisions"}],"wp:featuredmedia":[{"embeddable":true,"href":"https:\/\/aconteceunovale.com.br\/portal\/index.php?rest_route=\/wp\/v2\/media\/58647"}],"wp:attachment":[{"href":"https:\/\/aconteceunovale.com.br\/portal\/index.php?rest_route=%2Fwp%2Fv2%2Fmedia&parent=70618"}],"wp:term":[{"taxonomy":"category","embeddable":true,"href":"https:\/\/aconteceunovale.com.br\/portal\/index.php?rest_route=%2Fwp%2Fv2%2Fcategories&post=70618"},{"taxonomy":"post_tag","embeddable":true,"href":"https:\/\/aconteceunovale.com.br\/portal\/index.php?rest_route=%2Fwp%2Fv2%2Ftags&post=70618"}],"curies":[{"name":"wp","href":"https:\/\/api.w.org\/{rel}","templated":true}]}}