{"id":70615,"date":"2015-10-08T09:38:35","date_gmt":"2015-10-08T12:38:35","guid":{"rendered":"http:\/\/aconteceunovale.com.br\/portal\/?p=70615"},"modified":"2015-10-08T09:38:35","modified_gmt":"2015-10-08T12:38:35","slug":"adolescente-de-15-anos-e-assassinado-em-medina","status":"publish","type":"post","link":"https:\/\/aconteceunovale.com.br\/portal\/?p=70615","title":{"rendered":"Adolescente de 15 anos \u00e9 assassinado em Medina"},"content":{"rendered":"<p>Um adolescente de 15 anos foi morto a tiros na tarde dessa quarta-feira, 7 de outubro, em Medina, no Vale do Jequitinhonha. O corpo de Alex \u00c1vila de Souza foi encontrado pr\u00f3ximo a um campo de futebol no bairro Santa Maura. <\/p>\n<p>O local foi isolado e a Per\u00edcia T\u00e9cnica da Pol\u00edcia Civil acionada. Ap\u00f3s os trabalhos periciais, o corpo foi liberado e removido ao Instituto M\u00e9dico Legal (IML) para demais provid\u00eancias.<\/p>\n<p>De acordo com a Pol\u00edcia Militar (PM), o adolescente possu\u00eda diversas passagens pelos meios policiais por atos infracionais. Denunciantes an\u00f4nimos informaram os nomes de tr\u00eas poss\u00edveis autores do crime. A Pol\u00edcia realiza rastreamentos com intuito de localizar e prender os suspeitos.<\/p>\n","protected":false},"excerpt":{"rendered":"<p>Um adolescente de 15 anos foi morto a tiros na tarde dessa quarta-feira, 7 de outubro, em Medina, no Vale do Jequitinhonha. O corpo de Alex \u00c1vila de Souza foi encontrado pr\u00f3ximo a um campo de futebol no bairro Santa Maura. O local foi isolado e a Per\u00edcia T\u00e9cnica da Pol\u00edcia Civil acionada. Ap\u00f3s os [&hellip;]<\/p>\n","protected":false},"author":4,"featured_media":70616,"comment_status":"open","ping_status":"closed","sticky":false,"template":"","format":"standard","meta":{"amp_status":"","footnotes":""},"categories":[120],"tags":[62272,62274,62273,47116,389,47118,47117,13312],"class_list":["post-70615","post","type-post","status-publish","format-standard","has-post-thumbnail","hentry","category-jequi","tag-adolescente-de-15-anos-e-assassinado-em-medina","tag-alex-avila-de-souza","tag-assassinado-em-medina","tag-assassinato-em-medina","tag-medina","tag-morte-em-medina","tag-morto-em-medina","tag-violencia-em-medina"],"_links":{"self":[{"href":"https:\/\/aconteceunovale.com.br\/portal\/index.php?rest_route=\/wp\/v2\/posts\/70615","targetHints":{"allow":["GET"]}}],"collection":[{"href":"https:\/\/aconteceunovale.com.br\/portal\/index.php?rest_route=\/wp\/v2\/posts"}],"about":[{"href":"https:\/\/aconteceunovale.com.br\/portal\/index.php?rest_route=\/wp\/v2\/types\/post"}],"author":[{"embeddable":true,"href":"https:\/\/aconteceunovale.com.br\/portal\/index.php?rest_route=\/wp\/v2\/users\/4"}],"replies":[{"embeddable":true,"href":"https:\/\/aconteceunovale.com.br\/portal\/index.php?rest_route=%2Fwp%2Fv2%2Fcomments&post=70615"}],"version-history":[{"count":0,"href":"https:\/\/aconteceunovale.com.br\/portal\/index.php?rest_route=\/wp\/v2\/posts\/70615\/revisions"}],"wp:featuredmedia":[{"embeddable":true,"href":"https:\/\/aconteceunovale.com.br\/portal\/index.php?rest_route=\/wp\/v2\/media\/70616"}],"wp:attachment":[{"href":"https:\/\/aconteceunovale.com.br\/portal\/index.php?rest_route=%2Fwp%2Fv2%2Fmedia&parent=70615"}],"wp:term":[{"taxonomy":"category","embeddable":true,"href":"https:\/\/aconteceunovale.com.br\/portal\/index.php?rest_route=%2Fwp%2Fv2%2Fcategories&post=70615"},{"taxonomy":"post_tag","embeddable":true,"href":"https:\/\/aconteceunovale.com.br\/portal\/index.php?rest_route=%2Fwp%2Fv2%2Ftags&post=70615"}],"curies":[{"name":"wp","href":"https:\/\/api.w.org\/{rel}","templated":true}]}}