{"id":70540,"date":"2015-10-06T22:01:47","date_gmt":"2015-10-07T01:01:47","guid":{"rendered":"http:\/\/aconteceunovale.com.br\/portal\/?p=70540"},"modified":"2015-10-06T22:01:47","modified_gmt":"2015-10-07T01:01:47","slug":"gestores-de-patos-de-minas-visitam-o-samu-macro-norte","status":"publish","type":"post","link":"https:\/\/aconteceunovale.com.br\/portal\/?p=70540","title":{"rendered":"Gestores de Patos de Minas visitam o Samu Macro Norte"},"content":{"rendered":"<h4><strong><em>O objetivo \u00e9 conhecer a experi\u00eancia norte mineira na regionaliza\u00e7\u00e3o do Samu para implanta\u00e7\u00e3o do servi\u00e7o na macrorregi\u00e3o, que integra 33 munic\u00edpios.<\/em><\/strong><\/h4>\n<p>Nesta quinta-feira (06\/10\/2015), gestores do Cons\u00f3rcio Intermunicipal de Sa\u00fade da Macrorregi\u00e3o de Patos de Minas (Cisreuno), estiveram em Montes Claros para conhecer a organiza\u00e7\u00e3o do Cons\u00f3rcio Intermunicipal de Sa\u00fade da Rede de Urg\u00eancia do Norte de Minas (Cisrun), respons\u00e1vel pela gest\u00e3o do Servi\u00e7o de Atendimento M\u00f3vel de Urg\u00eancia (Samu) na regi\u00e3o.<\/p>\n<p>Durante a visita, M\u00e1rcio Valeriano, presidente do Cisreuno e prefeito de Lagoa Grande, disse que o cons\u00f3rcio j\u00e1 est\u00e1 constitu\u00eddo e que, agora, est\u00e3o no processo de regionaliza\u00e7\u00e3o do Samu. \u201cComo o Norte de Minas foi a primeira regi\u00e3o do Estado a regionalizar o servi\u00e7o de e \u00e9 a melhor refer\u00eancia para o Pa\u00eds, vimos conhecer mais sobre essa experi\u00eancia, buscando entender o passo a passo desse processo\u201d, justifica.<\/p>\n<p>O presidente explica que o Cisreuno integra 33 munic\u00edpios e uma popula\u00e7\u00e3o de cerca de 670 mil habitantes. \u201cNossa proposta \u00e9 instalar 24 bases descentralizadas, tendo Patos de Minas como sede operativa. Ser\u00e3o 28 ambul\u00e2ncias para atender toda a regi\u00e3o. Para fazer toda essa estrutura funcionar, precisamos dispor de recursos humanos qualificados e de um sistema de gest\u00e3o administrativa eficiente. A experi\u00eancia do Norte de Minas servir\u00e1 para nos orientar na formata\u00e7\u00e3o do plano de trabalho e defini\u00e7\u00e3o das estrat\u00e9gias para sua execu\u00e7\u00e3o\u201d, explica.<\/p>\n<p>Segundo o prefeito, a previs\u00e3o \u00e9 que o Samu regional de Patos de Minas inicie suas atividades em junho de 2016.<\/p>\n<p>De acordo com o secret\u00e1rio executivo do Cisreuno, Waine Saldanha, a maior dificuldade a enfrentar \u00e9 a grande dist\u00e2ncia entre os munic\u00edpios. \u201cTemos munic\u00edpios que ficam a mais de 500 quil\u00f4metros de dist\u00e2ncia de Patos de Minas, que \u00e9 a cidade com melhor capacidade instalada para a assist\u00eancia \u00e0 sa\u00fade. Sabemos que ser\u00e1 um grande desafio, mas temos confian\u00e7a de que \u00e9 poss\u00edvel superar, com organiza\u00e7\u00e3o, planejamento e muito trabalho\u201d, pondera Waine.<\/p>\n<p><img decoding=\"async\" src=\"http:\/\/aconteceunovale.com.br\/portal\/wp-content\/uploads\/2015\/10\/visita_samu_macro_norte.jpg\" alt=\"\" \/><em>Gestores de Patos de Minas visitam o Samu Macro Norte &#8211; Foto: Jer\u00fasia Arruda<\/em><br \/>\n<\/br><\/p>\n<p><strong>PROJETO PILOTO<\/strong><\/p>\n<p>Durante esses quase sete anos de regionaliza\u00e7\u00e3o do Samu no Norte de Minas, as visitas t\u00e9cnicas sempre foram constantes, pois a experi\u00eancia \u00e9 pioneira no Pa\u00eds e tem alcan\u00e7ado bons resultados. Para o presidente do Cisrun e prefeito de Salinas, Joaquim Neres Xavier Dias, compartilhar essa experi\u00eancia \u00e9 uma honra e tamb\u00e9m uma responsabilidade.  \u201cO Norte de Minas foi escolhido para iniciar t\u00e3o importante projeto e temos o compromisso de compartilhar essa experi\u00eancia, o que para n\u00f3s, norte mineiros, \u00e9 motivo de orgulho e tamb\u00e9m de grande responsabilidade. Apesar das dificuldades, os resultados alcan\u00e7ados com a implanta\u00e7\u00e3o da Rede de Urg\u00eancia e Emerg\u00eancia s\u00e3o um diferencial na sa\u00fade da regi\u00e3o, principalmente pela redu\u00e7\u00e3o de \u00f3bitos por causas evit\u00e1veis\u201d, avalia.<\/p>\n<p>Durante a visita, o diretor executivo do Cisrun, Patrick Warner, explicou aos visitantes os desafios iniciais para a regionaliza\u00e7\u00e3o do Samu e como cada obst\u00e1culo foi sendo vencido. \u201cNa busca de auxiliar os outros cons\u00f3rcios, encontramos nessa troca de informa\u00e7\u00f5es a possibilidade de aperfei\u00e7oar nossos fluxos e processos de trabalho. Discutir as normas e regras \u00e9 sempre uma forma de otimiza\u00e7\u00e3o, principalmente das quest\u00f5es administrativas e trabalhistas. \u00c9 um momento prof\u00edcuo para todos n\u00f3s\u201d, conclui.<\/p>\n<p>Os t\u00e9cnicos do Cisrun esclareceram as d\u00favidas dos visitantes e explicaram como a Rede foi organizada; como o cons\u00f3rcio foi constitu\u00eddo; o papel do Comit\u00ea Gestor; e a l\u00f3gica do gerenciamento da Samu, que atrela economia de recursos \u00e0 promo\u00e7\u00e3o de sa\u00fade de qualidade aos usu\u00e1rios do SUS.<\/p>\n<p>Tamb\u00e9m participaram da visita o assessor jur\u00eddico do Cisreuno, Paulo C\u00e9sar, e a assessora t\u00e9cnica, Lara D\u2019Arc Rodrigues. (Jer\u00fasia Arruda)<\/p>\n","protected":false},"excerpt":{"rendered":"<p>O objetivo \u00e9 conhecer a experi\u00eancia norte mineira na regionaliza\u00e7\u00e3o do Samu para implanta\u00e7\u00e3o do servi\u00e7o na macrorregi\u00e3o, que integra 33 munic\u00edpios. Nesta quinta-feira (06\/10\/2015), gestores do Cons\u00f3rcio Intermunicipal de Sa\u00fade da Macrorregi\u00e3o de Patos de Minas (Cisreuno), estiveram em Montes Claros para conhecer a organiza\u00e7\u00e3o do Cons\u00f3rcio Intermunicipal de Sa\u00fade da Rede de Urg\u00eancia [&hellip;]<\/p>\n","protected":false},"author":4,"featured_media":70541,"comment_status":"open","ping_status":"closed","sticky":false,"template":"","format":"standard","meta":{"amp_status":"","footnotes":""},"categories":[1236],"tags":[62127,22050,62126,22051,62125,62128,210,214,62130,62129,4040,62131,62132],"class_list":["post-70540","post","type-post","status-publish","format-standard","has-post-thumbnail","hentry","category-norte_de_minas","tag-cisreuno","tag-cisrun","tag-consorcio-intermunicipal-de-saude-da-macrorregiao-de-patos-de-minas","tag-consorcio-intermunicipal-de-saude-da-rede-de-urgencia-do-norte-de-minas","tag-gestores-de-patos-de-minas-visitam-o-samu-macro-norte","tag-marcio-valeriano","tag-montes-claros","tag-patos-de-minas","tag-prefeito-de-lagoa-grande","tag-presidente-do-cisreuno","tag-samu-macro-norte","tag-secretario-executivo-do-cisreuno","tag-waine-saldanha"],"_links":{"self":[{"href":"https:\/\/aconteceunovale.com.br\/portal\/index.php?rest_route=\/wp\/v2\/posts\/70540","targetHints":{"allow":["GET"]}}],"collection":[{"href":"https:\/\/aconteceunovale.com.br\/portal\/index.php?rest_route=\/wp\/v2\/posts"}],"about":[{"href":"https:\/\/aconteceunovale.com.br\/portal\/index.php?rest_route=\/wp\/v2\/types\/post"}],"author":[{"embeddable":true,"href":"https:\/\/aconteceunovale.com.br\/portal\/index.php?rest_route=\/wp\/v2\/users\/4"}],"replies":[{"embeddable":true,"href":"https:\/\/aconteceunovale.com.br\/portal\/index.php?rest_route=%2Fwp%2Fv2%2Fcomments&post=70540"}],"version-history":[{"count":0,"href":"https:\/\/aconteceunovale.com.br\/portal\/index.php?rest_route=\/wp\/v2\/posts\/70540\/revisions"}],"wp:featuredmedia":[{"embeddable":true,"href":"https:\/\/aconteceunovale.com.br\/portal\/index.php?rest_route=\/wp\/v2\/media\/70541"}],"wp:attachment":[{"href":"https:\/\/aconteceunovale.com.br\/portal\/index.php?rest_route=%2Fwp%2Fv2%2Fmedia&parent=70540"}],"wp:term":[{"taxonomy":"category","embeddable":true,"href":"https:\/\/aconteceunovale.com.br\/portal\/index.php?rest_route=%2Fwp%2Fv2%2Fcategories&post=70540"},{"taxonomy":"post_tag","embeddable":true,"href":"https:\/\/aconteceunovale.com.br\/portal\/index.php?rest_route=%2Fwp%2Fv2%2Ftags&post=70540"}],"curies":[{"name":"wp","href":"https:\/\/api.w.org\/{rel}","templated":true}]}}