{"id":70523,"date":"2015-10-06T20:13:27","date_gmt":"2015-10-06T23:13:27","guid":{"rendered":"http:\/\/aconteceunovale.com.br\/portal\/?p=70523"},"modified":"2015-10-06T20:13:27","modified_gmt":"2015-10-06T23:13:27","slug":"baixa-reincidencia-criminal-e-voluntariado-forte-marcam-cinco-anos-da-apac-caratinga","status":"publish","type":"post","link":"https:\/\/aconteceunovale.com.br\/portal\/?p=70523","title":{"rendered":"Baixa reincid\u00eancia criminal e voluntariado forte marcam cinco anos da Apac Caratinga"},"content":{"rendered":"<p>O Centro de Reintegra\u00e7\u00e3o Social (CRS) da Associa\u00e7\u00e3o de Prote\u00e7\u00e3o e Assist\u00eancia aos Condenados (Apac) de Caratinga entrou no quinto ano de funcionamento com bons n\u00fameros: 20% de reincid\u00eancia criminal de egressos, contra uma m\u00e9dia de 80% no sistema prisional brasileiro. Isso a um custo mensal de R$ 930 por preso. <\/p>\n<p>Com capacidade para atender a 124 recuperandos, como s\u00e3o chamados os condenados no M\u00e9todo Apac, o CRS de Caratinga aplica os 12 fundamentos da metodologia difundida pela Fraternidade Brasileira de Assist\u00eancia aos Condenados (Fbac).<\/p>\n<p>De acordo com o presidente da Apac Caratinga, Elan Tebas, engenheiro civil e presidente do CRS desde a inaugura\u00e7\u00e3o, o segredo da r\u00e1pida consolida\u00e7\u00e3o \u00e9 o envolvimento da sociedade local, que pode ser medido pelo n\u00famero de volunt\u00e1rios. Segundo Tebas, eles chegam a somar 80 em eventos maiores. \u201cA Apac aqui de Caratinga \u00e9 sin\u00f4nimo de boa not\u00edcia. Os volunt\u00e1rios fazem v\u00e1rias a\u00e7\u00f5es semanalmente no centro. S\u00e3o empres\u00e1rios, funcion\u00e1rios p\u00fablicos, pessoas da comunidade e l\u00edderes religiosos&#8221;, diz.<\/p>\n<p>Um tipo especial de voluntariado, o casal padrinho, previsto no M\u00e9todo Apac, tamb\u00e9m floresceu na Apac Caratinga. Marido e mulher se dedicam a um preso, visitando-o como se fossem parentes, ouvindo, dando orienta\u00e7\u00f5es e conselhos para auxili\u00e1-lo no processo de reintegra\u00e7\u00e3o ao conv\u00edvio social. Em Caratinga, por exemplo, um casal de idosos \u2018adotou\u2019 um recuperando que havia sido totalmente rejeitado pela fam\u00edlia.<\/p>\n<p><img decoding=\"async\" src=\"http:\/\/aconteceunovale.com.br\/portal\/wp-content\/uploads\/2015\/10\/apac_caratinga_1.jpg\" alt=\"\" \/><em>Na f\u00e1brica de blocos, utilizados no cal\u00e7amento de vias p\u00fablicas, trabalham seis recuperandos &#8211; Foto: Marcelo Sant&#8217;Anna \/ Imprensa Oficial de Minas Gerais<\/em><br \/>\n<\/br><\/p>\n<p><strong>F\u00e1brica pr\u00f3pria <\/strong><\/p>\n<p>A assist\u00eancia social e psicol\u00f3gica \u00e9 refor\u00e7ada pela valoriza\u00e7\u00e3o do trabalho e da educa\u00e7\u00e3o. Na produ\u00e7\u00e3o de bloquetes e tijolos de cimento do CRS de Caratinga est\u00e3o engajados 12 presos. O centro tamb\u00e9m possui uma linha de fabrica\u00e7\u00e3o de vassouras de pia\u00e7ava, horta e unidade de processamento de alho.<\/p>\n<p>A produ\u00e7\u00e3o gera renda para os presos e um excedente que ajuda no custeio do CRS e na compra de equipamentos. Mesmo estando localizada a 10 quil\u00f4metros do Centro de Caratinga, a planta de artefatos de cimento tem uma carteira de clientes fieis que valorizam n\u00e3o s\u00f3 o pre\u00e7o e a qualidade, mas o objetivo nobre da atividade, que obt\u00e9m um faturamento l\u00edquido mensal de aproximadamente R$ 7 mil.<\/p>\n<p>Ailton Albino dos Santos, de 39 anos de idade, est\u00e1 no regime semiaberto e cumpre pena no CRS h\u00e1 dois anos e cinco meses. Ele \u00e9 o encarregado da f\u00e1brica de blocos e garante que a empresa n\u00e3o d\u00e1 conta da alta demanda. Os seis recuperandos produzem cerca de mil blocos por dia. \u201cTemos uma cartela de clientes fixos, que s\u00e3o as casas de materiais de constru\u00e7\u00e3o da cidade e tamb\u00e9m atendemos sob encomenda. \u00c9 preciso comprar outra m\u00e1quina para conseguir atender todas as solicita\u00e7\u00f5es que chegam at\u00e9 a f\u00e1brica\u201d, diz Ailton.<\/p>\n<p>Na f\u00e1brica de bloquetes, utilizados no cal\u00e7amento de vias p\u00fablicas, tamb\u00e9m trabalham seis recuperandos. Entre eles Bruno Olavo, de 30 anos. A m\u00e9dia de produ\u00e7\u00e3o di\u00e1ria \u00e9 de 800 bloquetes e Bruno assegura que a oportunidade de trabalho associada \u00e0 pr\u00e1tica religiosa \u00e9 fundamental para a recupera\u00e7\u00e3o do indiv\u00edduo. \u201cAqui \u00e9 poss\u00edvel esquecer a criminalidade e as drogas. A religi\u00e3o n\u00e3o fazia parte da minha rotina e agora faz. A primeira coisa que temos que procurar \u00e9 Deus\u201d, diz Bruno, que planeja trabalhar na loja de produtos eletr\u00f4nicos da fam\u00edlia quando ganhar a liberdade.<\/p>\n<p>Atualmente, 20 recuperandos do regime fechado estudam no CRS de Caratinga, no ensino fundamental e no ensino m\u00e9dio.  Na vertente da qualifica\u00e7\u00e3o profissional, a Apac Caratinga j\u00e1 formou, em parceria com o Senai, turmas de el\u00e9trica predial, panifica\u00e7\u00e3o, opera\u00e7\u00e3o de empilhadeiras, cultivo de hortifrutigranjeiros e culin\u00e1ria. <\/p>\n<p><img decoding=\"async\" src=\"http:\/\/aconteceunovale.com.br\/portal\/wp-content\/uploads\/2015\/10\/apac_caratinga_2.jpg\" alt=\"\" \/><em>O Centro de Reintegra\u00e7\u00e3o Social de Caratinga tamb\u00e9m possui uma unidade de processamento de alho &#8211; Foto: Marcelo Sant&#8217;Anna \/ Imprensa Oficial de Minas Gerais<\/em><br \/>\n<\/br><\/p>\n<p><em>(Ag\u00eancia Minas)<\/em><\/p>\n","protected":false},"excerpt":{"rendered":"<p>O Centro de Reintegra\u00e7\u00e3o Social (CRS) da Associa\u00e7\u00e3o de Prote\u00e7\u00e3o e Assist\u00eancia aos Condenados (Apac) de Caratinga entrou no quinto ano de funcionamento com bons n\u00fameros: 20% de reincid\u00eancia criminal de egressos, contra uma m\u00e9dia de 80% no sistema prisional brasileiro. Isso a um custo mensal de R$ 930 por preso. Com capacidade para atender [&hellip;]<\/p>\n","protected":false},"author":4,"featured_media":70524,"comment_status":"open","ping_status":"closed","sticky":false,"template":"","format":"standard","meta":{"amp_status":"","footnotes":""},"categories":[121],"tags":[62106,62103,62102,237,62105,62104],"class_list":["post-70523","post","type-post","status-publish","format-standard","has-post-thumbnail","hentry","category-leste","tag-ailton-albino-dos-santos","tag-apac-caratinga","tag-baixa-reincidencia-criminal-e-voluntariado-forte-marcam-cinco-anos-da-apac-caratinga","tag-caratinga","tag-elan-tebas","tag-presidente-da-apac-caratinga"],"_links":{"self":[{"href":"https:\/\/aconteceunovale.com.br\/portal\/index.php?rest_route=\/wp\/v2\/posts\/70523","targetHints":{"allow":["GET"]}}],"collection":[{"href":"https:\/\/aconteceunovale.com.br\/portal\/index.php?rest_route=\/wp\/v2\/posts"}],"about":[{"href":"https:\/\/aconteceunovale.com.br\/portal\/index.php?rest_route=\/wp\/v2\/types\/post"}],"author":[{"embeddable":true,"href":"https:\/\/aconteceunovale.com.br\/portal\/index.php?rest_route=\/wp\/v2\/users\/4"}],"replies":[{"embeddable":true,"href":"https:\/\/aconteceunovale.com.br\/portal\/index.php?rest_route=%2Fwp%2Fv2%2Fcomments&post=70523"}],"version-history":[{"count":0,"href":"https:\/\/aconteceunovale.com.br\/portal\/index.php?rest_route=\/wp\/v2\/posts\/70523\/revisions"}],"wp:featuredmedia":[{"embeddable":true,"href":"https:\/\/aconteceunovale.com.br\/portal\/index.php?rest_route=\/wp\/v2\/media\/70524"}],"wp:attachment":[{"href":"https:\/\/aconteceunovale.com.br\/portal\/index.php?rest_route=%2Fwp%2Fv2%2Fmedia&parent=70523"}],"wp:term":[{"taxonomy":"category","embeddable":true,"href":"https:\/\/aconteceunovale.com.br\/portal\/index.php?rest_route=%2Fwp%2Fv2%2Fcategories&post=70523"},{"taxonomy":"post_tag","embeddable":true,"href":"https:\/\/aconteceunovale.com.br\/portal\/index.php?rest_route=%2Fwp%2Fv2%2Ftags&post=70523"}],"curies":[{"name":"wp","href":"https:\/\/api.w.org\/{rel}","templated":true}]}}