{"id":70520,"date":"2015-10-06T19:20:34","date_gmt":"2015-10-06T22:20:34","guid":{"rendered":"http:\/\/aconteceunovale.com.br\/portal\/?p=70520"},"modified":"2015-10-06T19:20:34","modified_gmt":"2015-10-06T22:20:34","slug":"diamantina-realiza-operacao-de-combate-a-infestacao-de-pernilongos","status":"publish","type":"post","link":"https:\/\/aconteceunovale.com.br\/portal\/?p=70520","title":{"rendered":"Diamantina realiza opera\u00e7\u00e3o de combate \u00e0 infesta\u00e7\u00e3o de pernilongos"},"content":{"rendered":"<p>A Prefeitura Municipal de Diamantina, por meio de uma a\u00e7\u00e3o conjunta entre as Secretarias Meio Ambiente e Agropecu\u00e1ria e de Desenvolvimento Urbano e Rural, ir\u00e1 realizar uma opera\u00e7\u00e3o especial de combate ao mosquito Culex quinquefasciatus, popularmente conhecido por pernilongo, a partir de quarta-feira (07\/10\/2015).<\/p>\n<p>A a\u00e7\u00e3o ter\u00e1 duas frentes: limpeza de c\u00f3rregos e borrifa\u00e7\u00e3o de larvicidas. A empresa vencedora de processo licitat\u00f3rio, Ideal Servi\u00e7os Constru\u00e7\u00f5es e Transportes Ltda. \u2013 ir\u00e1 disponibilizar duas equipes, que far\u00e3o, inicialmente, a limpeza da barragem do Gl\u00f3ria e do c\u00f3rrego do Bicame. Concomitantemente, a Secretaria de Meio Ambiente far\u00e1 a borrifa\u00e7\u00e3o de larvas e alados (insetos adultos) para control\u00e1-los.<\/p>\n<p>A Prefeitura informa que essa a\u00e7\u00e3o ser\u00e1 cont\u00ednua, abranger\u00e1 todos os c\u00f3rregos da cidade e seus efeitos dever\u00e3o ser notados a partir de 30 dias. Esclarece ainda que o combate aos pernilongos ser\u00e1 intensificado em breve, pois contar\u00e1 com mais uma equipe da Secretaria de Desenvolvimento Urbano, que auxiliar\u00e1 na limpeza dos c\u00f3rregos. Para iniciar os trabalhos, os servidores est\u00e3o sendo vacinados e capacitados pela coordena\u00e7\u00e3o de Vigil\u00e2ncia Ambiental.<\/p>\n<p><img decoding=\"async\" src=\"http:\/\/aconteceunovale.com.br\/portal\/wp-content\/uploads\/2015\/10\/rio_sujo_diamantina.jpg\" alt=\"\" \/><em>Moradores reclamam da sujeira nos c\u00f3rregos que cortam a cidade e acreditam que estes seriam os ber\u00e7\u00e1rios dos pernilongos &#8211; Foto: Reprodu\u00e7\u00e3o \/ Redes Sociais<\/em><\/p>\n","protected":false},"excerpt":{"rendered":"<p>A Prefeitura Municipal de Diamantina, por meio de uma a\u00e7\u00e3o conjunta entre as Secretarias Meio Ambiente e Agropecu\u00e1ria e de Desenvolvimento Urbano e Rural, ir\u00e1 realizar uma opera\u00e7\u00e3o especial de combate ao mosquito Culex quinquefasciatus, popularmente conhecido por pernilongo, a partir de quarta-feira (07\/10\/2015). A a\u00e7\u00e3o ter\u00e1 duas frentes: limpeza de c\u00f3rregos e borrifa\u00e7\u00e3o de [&hellip;]<\/p>\n","protected":false},"author":4,"featured_media":70521,"comment_status":"open","ping_status":"closed","sticky":false,"template":"","format":"standard","meta":{"amp_status":"","footnotes":""},"categories":[120],"tags":[62100,62099,62101,198,62095,62098,62096,62097],"class_list":["post-70520","post","type-post","status-publish","format-standard","has-post-thumbnail","hentry","category-jequi","tag-combate-ao-culex-quinquefasciatus","tag-combate-ao-mosquito-culex-quinquefasciatus","tag-culex-quinquefasciatus","tag-diamantina","tag-diamantina-realiza-operacao-de-combate-a-infestacao-de-pernilongos","tag-infestacao-de-pernilongos-em-diamantina","tag-operacao-de-combate-a-infestacao-de-pernilongos","tag-operacao-de-combate-a-infestacao-de-pernilongos-em-diamantina"],"_links":{"self":[{"href":"https:\/\/aconteceunovale.com.br\/portal\/index.php?rest_route=\/wp\/v2\/posts\/70520","targetHints":{"allow":["GET"]}}],"collection":[{"href":"https:\/\/aconteceunovale.com.br\/portal\/index.php?rest_route=\/wp\/v2\/posts"}],"about":[{"href":"https:\/\/aconteceunovale.com.br\/portal\/index.php?rest_route=\/wp\/v2\/types\/post"}],"author":[{"embeddable":true,"href":"https:\/\/aconteceunovale.com.br\/portal\/index.php?rest_route=\/wp\/v2\/users\/4"}],"replies":[{"embeddable":true,"href":"https:\/\/aconteceunovale.com.br\/portal\/index.php?rest_route=%2Fwp%2Fv2%2Fcomments&post=70520"}],"version-history":[{"count":0,"href":"https:\/\/aconteceunovale.com.br\/portal\/index.php?rest_route=\/wp\/v2\/posts\/70520\/revisions"}],"wp:featuredmedia":[{"embeddable":true,"href":"https:\/\/aconteceunovale.com.br\/portal\/index.php?rest_route=\/wp\/v2\/media\/70521"}],"wp:attachment":[{"href":"https:\/\/aconteceunovale.com.br\/portal\/index.php?rest_route=%2Fwp%2Fv2%2Fmedia&parent=70520"}],"wp:term":[{"taxonomy":"category","embeddable":true,"href":"https:\/\/aconteceunovale.com.br\/portal\/index.php?rest_route=%2Fwp%2Fv2%2Fcategories&post=70520"},{"taxonomy":"post_tag","embeddable":true,"href":"https:\/\/aconteceunovale.com.br\/portal\/index.php?rest_route=%2Fwp%2Fv2%2Ftags&post=70520"}],"curies":[{"name":"wp","href":"https:\/\/api.w.org\/{rel}","templated":true}]}}