{"id":70466,"date":"2015-10-05T18:42:03","date_gmt":"2015-10-05T21:42:03","guid":{"rendered":"http:\/\/aconteceunovale.com.br\/portal\/?p=70466"},"modified":"2015-10-05T18:42:03","modified_gmt":"2015-10-05T21:42:03","slug":"tres-jovens-sao-baleados-em-joaima","status":"publish","type":"post","link":"https:\/\/aconteceunovale.com.br\/portal\/?p=70466","title":{"rendered":"Tr\u00eas jovens s\u00e3o baleados em Joa\u00edma"},"content":{"rendered":"<p>Tr\u00eas pessoas foram baleadas na noite desse domingo, 4 de outubro de 2015, em Joa\u00edma, no Vale do Jequitinhonha. R.C.C, de 23 anos, L.D.A, de 22, e N.P.J, de 23, estavam na Avenida Geraldo Magela Rosa, no bairro Ip\u00ea, quando foram surpreendidos por dois homens em uma motocicleta Honda CG Fan de cor preta. <\/p>\n<p>De acordo com o relato das v\u00edtimas, os autores se aproximaram e efetuaram v\u00e1rios disparos com uma arma de fogo contra eles. As v\u00edtimas foram socorridas por terceiros e encaminhadas para atendimento m\u00e9dico no hospital municipal. A v\u00edtima L.D.A est\u00e1 gr\u00e1vida de seis meses e foi transferida com urg\u00eancia para o hospital de Almenara. <\/p>\n<p>Ainda de acordo com a PM, as v\u00edtimas reconheceram os autores como sendo H.M.G, de 23 anos, e J.C.P.S, de 29. A motiva\u00e7\u00e3o para o crime seria uma s\u00e9rie de vingan\u00e7as envolvendo as v\u00edtimas e um grupo denominado Bonde do Tarc\u00edsio (BDT), composto por v\u00e1rios infratores que atuam na cidade de Joa\u00edma. <\/p>\n<p>A Pol\u00edcia Militar realizou rastreamentos com intuito de localizar e prender os autores, por\u00e9m sem \u00eaxito at\u00e9 o in\u00edcio da manh\u00e3 desta segunda-feira (5).<\/p>\n","protected":false},"excerpt":{"rendered":"<p>Tr\u00eas pessoas foram baleadas na noite desse domingo, 4 de outubro de 2015, em Joa\u00edma, no Vale do Jequitinhonha. R.C.C, de 23 anos, L.D.A, de 22, e N.P.J, de 23, estavam na Avenida Geraldo Magela Rosa, no bairro Ip\u00ea, quando foram surpreendidos por dois homens em uma motocicleta Honda CG Fan de cor preta. De [&hellip;]<\/p>\n","protected":false},"author":4,"featured_media":52775,"comment_status":"open","ping_status":"closed","sticky":false,"template":"","format":"standard","meta":{"amp_status":"","footnotes":""},"categories":[120],"tags":[62001,62008,62009,62010,62006,611,62007,62004,62005,62003,62000,62002],"class_list":["post-70466","post","type-post","status-publish","format-standard","has-post-thumbnail","hentry","category-jequi","tag-baleados-em-joaima","tag-bonde-do-tarcisio","tag-briga-de-gangue-em-joaima","tag-gangue-de-joaima","tag-herley-medeiros-goncalves","tag-joaima","tag-jose-carlos-pereira-souza","tag-luciana-dias-de-andrade","tag-natanael-pereira-de-jesus","tag-raissa-costa-cardoso","tag-tres-jovens-sao-baleados-em-joaima","tag-tripla-tentativa-de-homicidio-em-joaima"],"_links":{"self":[{"href":"https:\/\/aconteceunovale.com.br\/portal\/index.php?rest_route=\/wp\/v2\/posts\/70466","targetHints":{"allow":["GET"]}}],"collection":[{"href":"https:\/\/aconteceunovale.com.br\/portal\/index.php?rest_route=\/wp\/v2\/posts"}],"about":[{"href":"https:\/\/aconteceunovale.com.br\/portal\/index.php?rest_route=\/wp\/v2\/types\/post"}],"author":[{"embeddable":true,"href":"https:\/\/aconteceunovale.com.br\/portal\/index.php?rest_route=\/wp\/v2\/users\/4"}],"replies":[{"embeddable":true,"href":"https:\/\/aconteceunovale.com.br\/portal\/index.php?rest_route=%2Fwp%2Fv2%2Fcomments&post=70466"}],"version-history":[{"count":0,"href":"https:\/\/aconteceunovale.com.br\/portal\/index.php?rest_route=\/wp\/v2\/posts\/70466\/revisions"}],"wp:featuredmedia":[{"embeddable":true,"href":"https:\/\/aconteceunovale.com.br\/portal\/index.php?rest_route=\/wp\/v2\/media\/52775"}],"wp:attachment":[{"href":"https:\/\/aconteceunovale.com.br\/portal\/index.php?rest_route=%2Fwp%2Fv2%2Fmedia&parent=70466"}],"wp:term":[{"taxonomy":"category","embeddable":true,"href":"https:\/\/aconteceunovale.com.br\/portal\/index.php?rest_route=%2Fwp%2Fv2%2Fcategories&post=70466"},{"taxonomy":"post_tag","embeddable":true,"href":"https:\/\/aconteceunovale.com.br\/portal\/index.php?rest_route=%2Fwp%2Fv2%2Ftags&post=70466"}],"curies":[{"name":"wp","href":"https:\/\/api.w.org\/{rel}","templated":true}]}}