{"id":70389,"date":"2015-10-03T20:10:45","date_gmt":"2015-10-03T23:10:45","guid":{"rendered":"http:\/\/aconteceunovale.com.br\/portal\/?p=70389"},"modified":"2015-10-03T20:10:45","modified_gmt":"2015-10-03T23:10:45","slug":"ipaba-enfrenta-crise-de-abastecimento-de-agua-ha-mais-de-40-dias","status":"publish","type":"post","link":"https:\/\/aconteceunovale.com.br\/portal\/?p=70389","title":{"rendered":"Ipaba enfrenta crise de abastecimento de \u00e1gua h\u00e1 mais de 40 dias"},"content":{"rendered":"<p>Mais uma cidade sofre com a falta de \u00e1gua em Minas. Ipaba, no Vale do Rio Doce, teve a prefeitura fechada nesta sexta-feira (02\/10\/2015) devido \u00e0 escassez do recurso, que prejudicou o expediente. Segundo o chefe de gabinete do munic\u00edpio, Cl\u00e9ber Fidelis da Silva, a prefeitura j\u00e1 deve funcionar normalmente na segunda-feira (05\/10\/2015), mas a cidade passa por uma crise de abastecimento h\u00e1 mais de 40 dias. <\/p>\n<p>&#8220;N\u00e3o temos \u00e1gua suficiente para abastecer a popula\u00e7\u00e3o, de cerca de 20 mil pessoas. A Copasa firmou, em contrato, o compromisso de disponibilizar dois novos po\u00e7os artesianos durante o per\u00edodo da seca, mas n\u00e3o est\u00e3o finalizados&#8221;, explicou Cl\u00e9ber. Os caminh\u00f5es pipas enviados pela empresa de sanamento est\u00e3o priorizando escolas e postos de sa\u00fade, mas houve dias em que as aulas terminaram mais cedo em fun\u00e7\u00e3o do problema. <\/p>\n<p>A Companhia de Saneamento de Minas Gerais come\u00e7ou a operar um desses novos po\u00e7os profundos de capta\u00e7\u00e3o na sexta-feira. Outro reservat\u00f3rio, ainda em constru\u00e7\u00e3o, est\u00e1 previsto para ser inaugurado em novembro. Segundo a Copasa, quando estiverem em pleno funcionamento, os dois equipamentos, somados aos dois po\u00e7os existentes na cidade, v\u00e3o garantir o abastecimento da popula\u00e7\u00e3o.<\/p>\n<p>\u201cOs po\u00e7os representam uma garantia da continuidade do abastecimento visto que, neste momento, n\u00e3o podemos mais contar com a \u00e1gua proveniente do C\u00f3rrego \u00c1gua Limpa. Com o in\u00edcio do funcionamento dos novos po\u00e7os, ser\u00e3o necess\u00e1rias pequenas manobras para alcan\u00e7ar toda cidade\u201d, afirma Rodrigo Ferreira, gerente da Copasa respons\u00e1vel pelo sistema de Ipaba.<\/p>\n<p>O SAA de Ipaba \u00e9 abastecido pelo c\u00f3rrego \u00c1gua Limpa e por dois po\u00e7os profundos de capta\u00e7\u00e3o. O per\u00edodo prolongado da estiagem na bacia hidrogr\u00e1fica do manancial fez com que o c\u00f3rrego secasse, restando apenas a capta\u00e7\u00e3o por meio dos dois po\u00e7os. Com aumento do consumo de \u00e1gua em virtude do forte calor, foi necess\u00e1rio adotar manobras operacionais para atender as partes mais altas da cidade. Atualmente, o abastecimento em Ipaba \u00e9 feito por setores, num total de quatro, abastecidos a cada 24 horas.<\/p>\n<p>A Copasa informa que nos \u00faltimos dias foi registrada uma redu\u00e7\u00e3o significativa do volume de \u00e1gua do c\u00f3rrego \u00c1gua Limpa, reduzindo gradativamente a vaz\u00e3o captada de 32 litros por segundo (l\/s) para 12 l\/s. A companhia fez vistorias na bacia hidrogr\u00e1fica do c\u00f3rrego, mas n\u00e3o foi identificado nenhum conflito de uso da \u00e1gua. Foram feitas manobras operacionais no sistema, visando garantir o abastecimento das partes altas do munic\u00edpio; por\u00e9m, ao alcan\u00e7ar a menor vaz\u00e3o captada, o abastecimento das resid\u00eancias em manobras operacionais tornou-se mais demorado. Como provid\u00eancias imediatas, a Copasa ir\u00e1 contratar em car\u00e1ter emergencial, caminh\u00f5es-pipa e equipamentos necess\u00e1rios para montar e interligar po\u00e7os j\u00e1 perfurados.<\/p>\n<p><strong>ROD\u00cdZIO <\/strong><\/p>\n<p>Na quinta-feira, a empresa de saneamento anunciou que tr\u00eas munic\u00edpios mineiros v\u00e3o entrar em sistema de rod\u00edzio de \u00e1gua em fun\u00e7\u00e3o da longa temporada de seca que atinge o estado: Visconde do Rio Branco, Astolfo Dutra e Ub\u00e1, na Zona da Mata. Mas caso n\u00e3o chova nos pr\u00f3ximos dias, Caratinga, tamb\u00e9m no Vale do Rio Doce, tamb\u00e9m pode adotar o racionamento. A empresa ainda n\u00e3o informou sobre a situa\u00e7\u00e3o de Ipaba.<\/p>\n<p><em>(Fonte: Estado de Minas)<\/em><\/p>\n","protected":false},"excerpt":{"rendered":"<p>Mais uma cidade sofre com a falta de \u00e1gua em Minas. Ipaba, no Vale do Rio Doce, teve a prefeitura fechada nesta sexta-feira (02\/10\/2015) devido \u00e0 escassez do recurso, que prejudicou o expediente. Segundo o chefe de gabinete do munic\u00edpio, Cl\u00e9ber Fidelis da Silva, a prefeitura j\u00e1 deve funcionar normalmente na segunda-feira (05\/10\/2015), mas a [&hellip;]<\/p>\n","protected":false},"author":4,"featured_media":70391,"comment_status":"open","ping_status":"closed","sticky":false,"template":"","format":"standard","meta":{"amp_status":"","footnotes":""},"categories":[121],"tags":[1600,237,61876,61878,61880,61881,61879,2234,61882,61877,219,3676],"class_list":["post-70389","post","type-post","status-publish","format-standard","has-post-thumbnail","hentry","category-leste","tag-astolfo-dutra","tag-caratinga","tag-cleber-fidelis-da-silva","tag-crise-hidrica-em-ipaba","tag-escassez-de-agua-em-ipaba","tag-estiagem-em-ipaba","tag-falta-de-agua-em-ipaba","tag-ipaba","tag-ipaba-enfrenta-crise-de-abastecimento-de-agua-ha-mais-de-40-dias","tag-seca-em-ipaba","tag-uba","tag-visconde-do-rio-branco"],"_links":{"self":[{"href":"https:\/\/aconteceunovale.com.br\/portal\/index.php?rest_route=\/wp\/v2\/posts\/70389","targetHints":{"allow":["GET"]}}],"collection":[{"href":"https:\/\/aconteceunovale.com.br\/portal\/index.php?rest_route=\/wp\/v2\/posts"}],"about":[{"href":"https:\/\/aconteceunovale.com.br\/portal\/index.php?rest_route=\/wp\/v2\/types\/post"}],"author":[{"embeddable":true,"href":"https:\/\/aconteceunovale.com.br\/portal\/index.php?rest_route=\/wp\/v2\/users\/4"}],"replies":[{"embeddable":true,"href":"https:\/\/aconteceunovale.com.br\/portal\/index.php?rest_route=%2Fwp%2Fv2%2Fcomments&post=70389"}],"version-history":[{"count":0,"href":"https:\/\/aconteceunovale.com.br\/portal\/index.php?rest_route=\/wp\/v2\/posts\/70389\/revisions"}],"wp:featuredmedia":[{"embeddable":true,"href":"https:\/\/aconteceunovale.com.br\/portal\/index.php?rest_route=\/wp\/v2\/media\/70391"}],"wp:attachment":[{"href":"https:\/\/aconteceunovale.com.br\/portal\/index.php?rest_route=%2Fwp%2Fv2%2Fmedia&parent=70389"}],"wp:term":[{"taxonomy":"category","embeddable":true,"href":"https:\/\/aconteceunovale.com.br\/portal\/index.php?rest_route=%2Fwp%2Fv2%2Fcategories&post=70389"},{"taxonomy":"post_tag","embeddable":true,"href":"https:\/\/aconteceunovale.com.br\/portal\/index.php?rest_route=%2Fwp%2Fv2%2Ftags&post=70389"}],"curies":[{"name":"wp","href":"https:\/\/api.w.org\/{rel}","templated":true}]}}