{"id":70366,"date":"2015-10-03T09:51:06","date_gmt":"2015-10-03T12:51:06","guid":{"rendered":"http:\/\/aconteceunovale.com.br\/portal\/?p=70366"},"modified":"2015-10-03T09:52:56","modified_gmt":"2015-10-03T12:52:56","slug":"capelinha-firma-parceria-para-implantacao-de-cursos-do-ifnmg-e-construcao-de-escolas-estaduais","status":"publish","type":"post","link":"https:\/\/aconteceunovale.com.br\/portal\/?p=70366","title":{"rendered":"Capelinha firma parceria para implanta\u00e7\u00e3o de cursos do IFNMG e constru\u00e7\u00e3o de escolas estaduais"},"content":{"rendered":"<p>O munic\u00edpio de Capelinha, no Vale do Jequitinhonha, recebeu na tarde de ter\u00e7a-feira, dia 29 setembro, o Diretor da Superintend\u00eancia Regional de Ensino de Diamantina, Leonardo Aparecida, e o Diretor do Campus do Instituto Federal do Norte de Minas, IFNMG, em Diamantina, J\u00fanio J\u00e1ber. Em reuni\u00e3o com o executivo municipal, foram debatidos a implanta\u00e7\u00e3o de cursos \u00e0 dist\u00e2ncia e do Pronatec pelo IFNMG Campus Diamantina em Capelinha e projetos de investimento na rede estadual de ensino.<\/p>\n<p>Durante o encontro, Leonardo Aparecida, Diretor da Superintend\u00eancia, destacou a import\u00e2ncia do Munic\u00edpio de Capelinha no Vale do Jequitinhonha. \u201cO IBGE aponta que, nos pr\u00f3ximos oito anos, Capelinha ser\u00e1 a maior cidade do Vale do Jequitinhonha e, por isso, precisamos planejar com cuidado a educa\u00e7\u00e3o no munic\u00edpio\u201d, disse ele.<\/p>\n<p>J\u00e1 J\u00fanio J\u00e1ber, diretor do IFNMG, anunciou a possibilidade de implanta\u00e7\u00e3o de um Centro de Refer\u00eancia em Educa\u00e7\u00e3o a Dist\u00e2ncia e Projetos Especiais a partir de 2016. O Centro ofertar\u00e1 cursos T\u00e9cnicos na modalidade EAD, al\u00e9m de cursos profissionalizantes atrav\u00e9s do PRONATEC. O munic\u00edpio escolher\u00e1 entre os 17 cursos t\u00e9cnicos ofertados, al\u00e9m de cursos profissionalizantes.<\/p>\n<p><strong>Juscelino Barbosa e Escola no Jardim Aeroporto<\/strong><\/p>\n<p>No encontro realizado na Prefeitura, o Diretor da Superintend\u00eancia de Ensino tamb\u00e9m anunciou proposta de constru\u00e7\u00e3o de uma Escola Estadual no Bairro Jardim Aeroporto e a possibilidade de permuta com o munic\u00edpio de uma \u00e1rea para a constru\u00e7\u00e3o da nova Escola Estadual Juscelino Barbosa. \u201cDada a crescente demanda educacional, \u00e9 que pretendemos realizar estes investimentos na Educa\u00e7\u00e3o Estadual\u201d, disse Leonardo.<\/p>\n<p><strong>Visita T\u00e9cnica<\/strong><\/p>\n<p>Ap\u00f3s o encontro realizado na Sede da Prefeitura, uma equipe formada pelo Professor J\u00fanio J\u00e1ber, Leonardo Aparecida, a Secret\u00e1ria Municipal de Educa\u00e7\u00e3o, O Prefeito e outras autoridades visitaram as instala\u00e7\u00f5es da Rede UAITEC, no Bairro Jardim Aeroporto, Escola Levy Pimenta, bairro Vista Alegre, e a sede do ACESSUAS, no Centro da Cidade.<\/p>\n<p><em>(Fonte: Prefeitura de Capelinha)<\/em><\/p>\n","protected":false},"excerpt":{"rendered":"<p>O munic\u00edpio de Capelinha, no Vale do Jequitinhonha, recebeu na tarde de ter\u00e7a-feira, dia 29 setembro, o Diretor da Superintend\u00eancia Regional de Ensino de Diamantina, Leonardo Aparecida, e o Diretor do Campus do Instituto Federal do Norte de Minas, IFNMG, em Diamantina, J\u00fanio J\u00e1ber. Em reuni\u00e3o com o executivo municipal, foram debatidos a implanta\u00e7\u00e3o de [&hellip;]<\/p>\n","protected":false},"author":4,"featured_media":70367,"comment_status":"open","ping_status":"closed","sticky":false,"template":"","format":"standard","meta":{"amp_status":"","footnotes":""},"categories":[120],"tags":[132,61823,61822,61825,198,43010,61827,255,61824,61828,61826],"class_list":["post-70366","post","type-post","status-publish","format-standard","has-post-thumbnail","hentry","category-jequi","tag-capelinha","tag-capelinha-firma-parceria-para-implantacao-de-cursos-do-ifnmg","tag-capelinha-firma-parceria-para-implantacao-de-cursos-do-ifnmg-e-construcao-de-escolas-estaduais","tag-cursos-ifnmg-em-capelinha","tag-diamantina","tag-diretor-da-superintendencia-regional-de-ensino-de-diamantina","tag-diretor-do-campus-do-instituto-federal-do-norte-de-minas","tag-ifnmg","tag-implantacao-de-cursos-do-ifnmg-em-capelinha","tag-junio-jaber","tag-leonardo-aparecida"],"_links":{"self":[{"href":"https:\/\/aconteceunovale.com.br\/portal\/index.php?rest_route=\/wp\/v2\/posts\/70366","targetHints":{"allow":["GET"]}}],"collection":[{"href":"https:\/\/aconteceunovale.com.br\/portal\/index.php?rest_route=\/wp\/v2\/posts"}],"about":[{"href":"https:\/\/aconteceunovale.com.br\/portal\/index.php?rest_route=\/wp\/v2\/types\/post"}],"author":[{"embeddable":true,"href":"https:\/\/aconteceunovale.com.br\/portal\/index.php?rest_route=\/wp\/v2\/users\/4"}],"replies":[{"embeddable":true,"href":"https:\/\/aconteceunovale.com.br\/portal\/index.php?rest_route=%2Fwp%2Fv2%2Fcomments&post=70366"}],"version-history":[{"count":0,"href":"https:\/\/aconteceunovale.com.br\/portal\/index.php?rest_route=\/wp\/v2\/posts\/70366\/revisions"}],"wp:featuredmedia":[{"embeddable":true,"href":"https:\/\/aconteceunovale.com.br\/portal\/index.php?rest_route=\/wp\/v2\/media\/70367"}],"wp:attachment":[{"href":"https:\/\/aconteceunovale.com.br\/portal\/index.php?rest_route=%2Fwp%2Fv2%2Fmedia&parent=70366"}],"wp:term":[{"taxonomy":"category","embeddable":true,"href":"https:\/\/aconteceunovale.com.br\/portal\/index.php?rest_route=%2Fwp%2Fv2%2Fcategories&post=70366"},{"taxonomy":"post_tag","embeddable":true,"href":"https:\/\/aconteceunovale.com.br\/portal\/index.php?rest_route=%2Fwp%2Fv2%2Ftags&post=70366"}],"curies":[{"name":"wp","href":"https:\/\/api.w.org\/{rel}","templated":true}]}}