{"id":70293,"date":"2015-10-01T22:51:57","date_gmt":"2015-10-02T01:51:57","guid":{"rendered":"http:\/\/aconteceunovale.com.br\/portal\/?p=70293"},"modified":"2015-10-01T22:51:57","modified_gmt":"2015-10-02T01:51:57","slug":"pm-desmente-boatos-sobre-sequestro-de-criancas-em-montes-claros","status":"publish","type":"post","link":"https:\/\/aconteceunovale.com.br\/portal\/?p=70293","title":{"rendered":"PM desmente boatos sobre sequestro de crian\u00e7as em Montes Claros"},"content":{"rendered":"<p>Os constantes boatos que se espalharam nas redes sociais sobre sequestro de crian\u00e7as tem deixado a popula\u00e7\u00e3o de Montes Claros (MG) preocupada. Mas de acordo com a Pol\u00edcia Militar n\u00e3o h\u00e1 motivos para tamanha afli\u00e7\u00e3o. A assessoria de comunica\u00e7\u00e3o da Pol\u00edcia Militar nega que esteja acontecendo uma onda de sequestros e homic\u00eddios de crian\u00e7as na cidade.<\/p>\n<p>\u201cN\u00e3o h\u00e1 registros policiais neste sentido. Ningu\u00e9m procurou a Pol\u00edcia Militar para registrar este tipo de coisa\u201d, afirma a major Gracielle Rodrigues, respons\u00e1vel pela assessoria de comunica\u00e7\u00e3o da PM.<\/p>\n<p>De acordo com a major Gracielle, a PM tem visitado pessoas que relatam este tipo de caso. \u201cN\u00f3s observamos que muitas destas ocorr\u00eancias foram registradas porque as pessoas est\u00e3o com senso de medo espalhado no ar, e este boato tem sido trazido exatamente pela propaga\u00e7\u00e3o nas redes sociais. E isso est\u00e1 deixando a popula\u00e7\u00e3o com medo\u201d.<\/p>\n<p>Mesmo sem registros de sequestros desta natureza, a major recomenda que os cuidados com as crian\u00e7as n\u00e3o devem ser dispensados. \u201c\u00c9 muito importante manter aqueles cuidados que todos conhecem, como n\u00e3o deixar que as crian\u00e7as andem sozinhas. \u00c9 importante tamb\u00e9m orientar nossas crian\u00e7as para que n\u00e3o conversem com estranhos e, ainda, orientar nossos filhos quanto \u00e0s redes sociais\u201d, disse a major. <\/p>\n<p><em>(Fonte: G1 Grande Minas)<\/em><\/p>\n","protected":false},"excerpt":{"rendered":"<p>Os constantes boatos que se espalharam nas redes sociais sobre sequestro de crian\u00e7as tem deixado a popula\u00e7\u00e3o de Montes Claros (MG) preocupada. Mas de acordo com a Pol\u00edcia Militar n\u00e3o h\u00e1 motivos para tamanha afli\u00e7\u00e3o. A assessoria de comunica\u00e7\u00e3o da Pol\u00edcia Militar nega que esteja acontecendo uma onda de sequestros e homic\u00eddios de crian\u00e7as na [&hellip;]<\/p>\n","protected":false},"author":4,"featured_media":62390,"comment_status":"open","ping_status":"closed","sticky":false,"template":"","format":"standard","meta":{"amp_status":"","footnotes":""},"categories":[1236],"tags":[61642,61643,61644,61645,210,61646,60127,61639,61641,61637,61638,61640],"class_list":["post-70293","post","type-post","status-publish","format-standard","has-post-thumbnail","hentry","category-norte_de_minas","tag-crianca-roubada-em-montes-claros","tag-crianca-sequestrada-em-montes-claros","tag-gracielle-rodrigues","tag-major-gracielle-rodrigues","tag-montes-claros","tag-pm-desmente-boatos-sobre-sequestro-de-criancas-em-montes-claros","tag-roubo-de-crianca-em-montes-claros","tag-roubo-de-criancas-em-montes-claros","tag-roubo-montes-claros","tag-sequestro-de-crianca-em-montes-claros","tag-sequestro-de-criancas-em-montes-claros","tag-sequestro-montes-claros"],"_links":{"self":[{"href":"https:\/\/aconteceunovale.com.br\/portal\/index.php?rest_route=\/wp\/v2\/posts\/70293","targetHints":{"allow":["GET"]}}],"collection":[{"href":"https:\/\/aconteceunovale.com.br\/portal\/index.php?rest_route=\/wp\/v2\/posts"}],"about":[{"href":"https:\/\/aconteceunovale.com.br\/portal\/index.php?rest_route=\/wp\/v2\/types\/post"}],"author":[{"embeddable":true,"href":"https:\/\/aconteceunovale.com.br\/portal\/index.php?rest_route=\/wp\/v2\/users\/4"}],"replies":[{"embeddable":true,"href":"https:\/\/aconteceunovale.com.br\/portal\/index.php?rest_route=%2Fwp%2Fv2%2Fcomments&post=70293"}],"version-history":[{"count":0,"href":"https:\/\/aconteceunovale.com.br\/portal\/index.php?rest_route=\/wp\/v2\/posts\/70293\/revisions"}],"wp:featuredmedia":[{"embeddable":true,"href":"https:\/\/aconteceunovale.com.br\/portal\/index.php?rest_route=\/wp\/v2\/media\/62390"}],"wp:attachment":[{"href":"https:\/\/aconteceunovale.com.br\/portal\/index.php?rest_route=%2Fwp%2Fv2%2Fmedia&parent=70293"}],"wp:term":[{"taxonomy":"category","embeddable":true,"href":"https:\/\/aconteceunovale.com.br\/portal\/index.php?rest_route=%2Fwp%2Fv2%2Fcategories&post=70293"},{"taxonomy":"post_tag","embeddable":true,"href":"https:\/\/aconteceunovale.com.br\/portal\/index.php?rest_route=%2Fwp%2Fv2%2Ftags&post=70293"}],"curies":[{"name":"wp","href":"https:\/\/api.w.org\/{rel}","templated":true}]}}