{"id":70284,"date":"2015-10-01T18:40:38","date_gmt":"2015-10-01T21:40:38","guid":{"rendered":"http:\/\/aconteceunovale.com.br\/portal\/?p=70284"},"modified":"2015-10-01T18:40:38","modified_gmt":"2015-10-01T21:40:38","slug":"acidentes-deixam-duas-pessoas-feridas-no-norte-de-minas","status":"publish","type":"post","link":"https:\/\/aconteceunovale.com.br\/portal\/?p=70284","title":{"rendered":"Acidentes deixam duas pessoas feridas no Norte de Minas"},"content":{"rendered":"<p>Um homem de 46 anos ficou ferido na tarde desta quinta-feira, 1\u00ba de outubro, em um acidente envolvendo dois caminh\u00f5es na BR-251, em Francisco S\u00e1, na regi\u00e3o Norte do Estado de Minas Gerais. De acordo com a Assessoria de Comunica\u00e7\u00e3o do Samu Macro Norte, um dos ve\u00edculos, carregado de frutas, seguia sentido Montes Claros quando bateu em outro, que transitava no sentido contr\u00e1rio.<\/p>\n<p>O ve\u00edculo que transportava frutas capotou ap\u00f3s a batida e provocou um derramamento de \u00f3leo na pista. O motorista foi socorrido pelo Samu com suspeita de fratura, e foi encaminhado ao hospital de Francisco S\u00e1. O outro condutor n\u00e3o teve ferimentos.<\/p>\n<p>A rodovia ficou parcialmente interditada. O Corpo de Bombeiros foi acionado para jogar serragem na pista.<\/p>\n<p><img decoding=\"async\" src=\"http:\/\/aconteceunovale.com.br\/portal\/wp-content\/uploads\/2015\/10\/acidente_251_norte_de_minas.jpg\" alt=\"\" \/><em>Caminh\u00e3o tombou na BR-251, no Norte de Minas (Foto: Divulga\u00e7\u00e3o \/ Samu Macro Norte)<\/em><br \/>\n<\/br><\/p>\n<p><strong>Capotamento MGC-308<\/strong><\/p>\n<p>Um homem de 45 anos ficou ferido na manh\u00e3 desta quinta-feira (01\/10) em um acidente na rodovia MG-308, em Montes Claros. De acordo com a Pol\u00edcia Militar (PM), a v\u00edtima afirmou que perdeu o controle da dire\u00e7\u00e3o ao olhar para baixo, dentro do ve\u00edculo.<\/p>\n<p>Ainda segundo a PM, a v\u00edtima relatou que o ve\u00edculo atravessou a pista, bateu em um barraco, e capotou. O condutor foi socorrido pelo Samu com ferimentos leves e encaminhado ao Hospital Universit\u00e1rio. (G1 Grande Minas)<\/p>\n","protected":false},"excerpt":{"rendered":"<p>Um homem de 46 anos ficou ferido na tarde desta quinta-feira, 1\u00ba de outubro, em um acidente envolvendo dois caminh\u00f5es na BR-251, em Francisco S\u00e1, na regi\u00e3o Norte do Estado de Minas Gerais. De acordo com a Assessoria de Comunica\u00e7\u00e3o do Samu Macro Norte, um dos ve\u00edculos, carregado de frutas, seguia sentido Montes Claros quando [&hellip;]<\/p>\n","protected":false},"author":4,"featured_media":70285,"comment_status":"open","ping_status":"closed","sticky":false,"template":"","format":"standard","meta":{"amp_status":"","footnotes":""},"categories":[1236],"tags":[61627,61624,43627,61629,16673,1396,31275,61625,61623,31360,61626,18372,1395,61628,210,4040,2842],"class_list":["post-70284","post","type-post","status-publish","format-standard","has-post-thumbnail","hentry","category-norte_de_minas","tag-acidente-com-caminhao-de-frutas-de-cascavel","tag-acidente-com-caminhao-de-frutas-na-br-251","tag-acidente-com-caminhao-de-vitoria-da-conquista","tag-acidente-com-joao-carlos-da-costa","tag-acidente-em-montes-claros","tag-acidente-na-br-251","tag-acidente-na-br-251-em-francisco-sa","tag-acidente-na-mgc-308-em-montes-claros","tag-acidentes-deixam-duas-pessoas-feridas-no-norte-de-minas","tag-acidentes-no-norte-de-minas","tag-adilson-rodrigues-pereira","tag-cascavel","tag-francisco-sa","tag-joao-carlos-da-rochaa","tag-montes-claros","tag-samu-macro-norte","tag-vitoria-da-conquista"],"_links":{"self":[{"href":"https:\/\/aconteceunovale.com.br\/portal\/index.php?rest_route=\/wp\/v2\/posts\/70284","targetHints":{"allow":["GET"]}}],"collection":[{"href":"https:\/\/aconteceunovale.com.br\/portal\/index.php?rest_route=\/wp\/v2\/posts"}],"about":[{"href":"https:\/\/aconteceunovale.com.br\/portal\/index.php?rest_route=\/wp\/v2\/types\/post"}],"author":[{"embeddable":true,"href":"https:\/\/aconteceunovale.com.br\/portal\/index.php?rest_route=\/wp\/v2\/users\/4"}],"replies":[{"embeddable":true,"href":"https:\/\/aconteceunovale.com.br\/portal\/index.php?rest_route=%2Fwp%2Fv2%2Fcomments&post=70284"}],"version-history":[{"count":0,"href":"https:\/\/aconteceunovale.com.br\/portal\/index.php?rest_route=\/wp\/v2\/posts\/70284\/revisions"}],"wp:featuredmedia":[{"embeddable":true,"href":"https:\/\/aconteceunovale.com.br\/portal\/index.php?rest_route=\/wp\/v2\/media\/70285"}],"wp:attachment":[{"href":"https:\/\/aconteceunovale.com.br\/portal\/index.php?rest_route=%2Fwp%2Fv2%2Fmedia&parent=70284"}],"wp:term":[{"taxonomy":"category","embeddable":true,"href":"https:\/\/aconteceunovale.com.br\/portal\/index.php?rest_route=%2Fwp%2Fv2%2Fcategories&post=70284"},{"taxonomy":"post_tag","embeddable":true,"href":"https:\/\/aconteceunovale.com.br\/portal\/index.php?rest_route=%2Fwp%2Fv2%2Ftags&post=70284"}],"curies":[{"name":"wp","href":"https:\/\/api.w.org\/{rel}","templated":true}]}}