{"id":70270,"date":"2015-10-01T14:34:48","date_gmt":"2015-10-01T17:34:48","guid":{"rendered":"http:\/\/aconteceunovale.com.br\/portal\/?p=70270"},"modified":"2015-10-01T14:34:48","modified_gmt":"2015-10-01T17:34:48","slug":"fazendeiro-e-multado-em-mais-de-r-200-mil-por-desmatar-306-hectares-em-jequitinhonha","status":"publish","type":"post","link":"https:\/\/aconteceunovale.com.br\/portal\/?p=70270","title":{"rendered":"Fazendeiro \u00e9 multado em mais de R$ 200 mil por desmatar 306 hectares em Jequitinhonha"},"content":{"rendered":"<p>Um agropecuarista de 73 anos foi multado na tarde do dia 27 de setembro de 2015 por desmatamento no munic\u00edpio de Jequitinhonha, no Nordeste de Minas Gerais. A ocorr\u00eancia foi divulgada na manh\u00e3 desta quinta-feira (01\/10).<\/p>\n<p>De acordo com a Pol\u00edcia, o autor desmatou 306,78 hectares de vegeta\u00e7\u00e3o nativa nos est\u00e1gios inicial e m\u00e9dio de regenera\u00e7\u00e3o natural do Bioma Mata Atl\u00e2ntica, em \u00c1rea de Preserva\u00e7\u00e3o Permanente (APP) na Fazenda Timorante. Os militares multaram o fazendeiro em R$ 221.097,78. Dois tratores de esteira e 12240 est\u00e9reos de lenha nativa foram apreendidos.<\/p>\n","protected":false},"excerpt":{"rendered":"<p>Um agropecuarista de 73 anos foi multado na tarde do dia 27 de setembro de 2015 por desmatamento no munic\u00edpio de Jequitinhonha, no Nordeste de Minas Gerais. A ocorr\u00eancia foi divulgada na manh\u00e3 desta quinta-feira (01\/10). De acordo com a Pol\u00edcia, o autor desmatou 306,78 hectares de vegeta\u00e7\u00e3o nativa nos est\u00e1gios inicial e m\u00e9dio de [&hellip;]<\/p>\n","protected":false},"author":4,"featured_media":70271,"comment_status":"open","ping_status":"closed","sticky":false,"template":"","format":"standard","meta":{"amp_status":"","footnotes":""},"categories":[120],"tags":[61603,61602,61601,34252,61604],"class_list":["post-70270","post","type-post","status-publish","format-standard","has-post-thumbnail","hentry","category-jequi","tag-desmatamento-da-mata-atlantica-em-jequitinhonha","tag-desmatamento-em-jequitinhonha","tag-fazendeiro-e-multado-em-mais-de-r-200-mil-por-desmatar-306-hectares-em-jequitinhonha","tag-jequitinhonha","tag-temoteo-alves-brito"],"_links":{"self":[{"href":"https:\/\/aconteceunovale.com.br\/portal\/index.php?rest_route=\/wp\/v2\/posts\/70270","targetHints":{"allow":["GET"]}}],"collection":[{"href":"https:\/\/aconteceunovale.com.br\/portal\/index.php?rest_route=\/wp\/v2\/posts"}],"about":[{"href":"https:\/\/aconteceunovale.com.br\/portal\/index.php?rest_route=\/wp\/v2\/types\/post"}],"author":[{"embeddable":true,"href":"https:\/\/aconteceunovale.com.br\/portal\/index.php?rest_route=\/wp\/v2\/users\/4"}],"replies":[{"embeddable":true,"href":"https:\/\/aconteceunovale.com.br\/portal\/index.php?rest_route=%2Fwp%2Fv2%2Fcomments&post=70270"}],"version-history":[{"count":0,"href":"https:\/\/aconteceunovale.com.br\/portal\/index.php?rest_route=\/wp\/v2\/posts\/70270\/revisions"}],"wp:featuredmedia":[{"embeddable":true,"href":"https:\/\/aconteceunovale.com.br\/portal\/index.php?rest_route=\/wp\/v2\/media\/70271"}],"wp:attachment":[{"href":"https:\/\/aconteceunovale.com.br\/portal\/index.php?rest_route=%2Fwp%2Fv2%2Fmedia&parent=70270"}],"wp:term":[{"taxonomy":"category","embeddable":true,"href":"https:\/\/aconteceunovale.com.br\/portal\/index.php?rest_route=%2Fwp%2Fv2%2Fcategories&post=70270"},{"taxonomy":"post_tag","embeddable":true,"href":"https:\/\/aconteceunovale.com.br\/portal\/index.php?rest_route=%2Fwp%2Fv2%2Ftags&post=70270"}],"curies":[{"name":"wp","href":"https:\/\/api.w.org\/{rel}","templated":true}]}}