{"id":70267,"date":"2015-10-01T14:20:15","date_gmt":"2015-10-01T17:20:15","guid":{"rendered":"http:\/\/aconteceunovale.com.br\/portal\/?p=70267"},"modified":"2015-10-01T14:20:15","modified_gmt":"2015-10-01T17:20:15","slug":"homem-e-encontrado-sem-vida-em-estrada-na-zona-rural-de-jequitinhonha","status":"publish","type":"post","link":"https:\/\/aconteceunovale.com.br\/portal\/?p=70267","title":{"rendered":"Homem \u00e9 encontrado sem vida em estrada na zona rural de Jequitinhonha"},"content":{"rendered":"<p>A Pol\u00edcia do munic\u00edpio de Jequitinhonha, no Nordeste de Minas Gerais, procura por um homem suspeito de matar Jo\u00e3o Batista Martins de Souza, de 47 anos. O corpo da v\u00edtima foi encontrado na tarde dessa quarta-feira, 30 de setembro, em uma estrada na Fazenda Serra Nova. A Pol\u00edcia Militar (PM) foi acionada por volta das 15 horas e registrou a ocorr\u00eancia de homic\u00eddio consumado.<\/p>\n<p>A Per\u00edcia T\u00e9cnica da Pol\u00edcia Civil compareceu ao local e constatou que a v\u00edtima apresentava les\u00f5es nas costas, um corte profundo na regi\u00e3o abaixo do peito, afundamento de cr\u00e2nio, afundamento do rosto, incha\u00e7o no olho esquerdo e sangramentos. Ap\u00f3s os trabalhos de praxe, o corpo foi removido ao Instituto M\u00e9dico Legal (IML).  <\/p>\n<p>Uma testemunha relatou aos militares que a cerca de 15 dias Jo\u00e3o Batista teve um desentendimento com o suspeito e que este estaria fazendo tocaia com intuito de atentar contra a vida da v\u00edtima. A Pol\u00edcia realiza rastreamentos com intuito de localizar e prender o autor do crime, por\u00e9m sem \u00eaxito at\u00e9 o final da noite de ontem.<\/p>\n","protected":false},"excerpt":{"rendered":"<p>A Pol\u00edcia do munic\u00edpio de Jequitinhonha, no Nordeste de Minas Gerais, procura por um homem suspeito de matar Jo\u00e3o Batista Martins de Souza, de 47 anos. O corpo da v\u00edtima foi encontrado na tarde dessa quarta-feira, 30 de setembro, em uma estrada na Fazenda Serra Nova. A Pol\u00edcia Militar (PM) foi acionada por volta das [&hellip;]<\/p>\n","protected":false},"author":4,"featured_media":70268,"comment_status":"open","ping_status":"closed","sticky":false,"template":"","format":"standard","meta":{"amp_status":"","footnotes":""},"categories":[120],"tags":[61599,2388,61596,60973,34252,61600,60974,61598,61597],"class_list":["post-70267","post","type-post","status-publish","format-standard","has-post-thumbnail","hentry","category-jequi","tag-assassinado-em-jequitinhonha","tag-assassinato-em-jequitinhonha","tag-homem-e-encontrado-sem-vida-em-estrada-na-zona-rural-de-jequitinhonha","tag-homicidio-em-jequitinhonha","tag-jequitinhonha","tag-joao-batista-martins-de-souza","tag-morte-em-jequitinhonha","tag-morto-em-jequitinhonha","tag-violencia-em-jequitinhonha"],"_links":{"self":[{"href":"https:\/\/aconteceunovale.com.br\/portal\/index.php?rest_route=\/wp\/v2\/posts\/70267","targetHints":{"allow":["GET"]}}],"collection":[{"href":"https:\/\/aconteceunovale.com.br\/portal\/index.php?rest_route=\/wp\/v2\/posts"}],"about":[{"href":"https:\/\/aconteceunovale.com.br\/portal\/index.php?rest_route=\/wp\/v2\/types\/post"}],"author":[{"embeddable":true,"href":"https:\/\/aconteceunovale.com.br\/portal\/index.php?rest_route=\/wp\/v2\/users\/4"}],"replies":[{"embeddable":true,"href":"https:\/\/aconteceunovale.com.br\/portal\/index.php?rest_route=%2Fwp%2Fv2%2Fcomments&post=70267"}],"version-history":[{"count":0,"href":"https:\/\/aconteceunovale.com.br\/portal\/index.php?rest_route=\/wp\/v2\/posts\/70267\/revisions"}],"wp:featuredmedia":[{"embeddable":true,"href":"https:\/\/aconteceunovale.com.br\/portal\/index.php?rest_route=\/wp\/v2\/media\/70268"}],"wp:attachment":[{"href":"https:\/\/aconteceunovale.com.br\/portal\/index.php?rest_route=%2Fwp%2Fv2%2Fmedia&parent=70267"}],"wp:term":[{"taxonomy":"category","embeddable":true,"href":"https:\/\/aconteceunovale.com.br\/portal\/index.php?rest_route=%2Fwp%2Fv2%2Fcategories&post=70267"},{"taxonomy":"post_tag","embeddable":true,"href":"https:\/\/aconteceunovale.com.br\/portal\/index.php?rest_route=%2Fwp%2Fv2%2Ftags&post=70267"}],"curies":[{"name":"wp","href":"https:\/\/api.w.org\/{rel}","templated":true}]}}